{"id":622819,"date":"2025-12-26T06:44:27","date_gmt":"2025-12-26T06:44:27","guid":{"rendered":"https:\/\/www.europesays.com\/fr\/622819\/"},"modified":"2025-12-26T06:44:27","modified_gmt":"2025-12-26T06:44:27","slug":"modeles-cles-et-enjeux-en-europe","status":"publish","type":"post","link":"https:\/\/www.europesays.com\/fr\/622819\/","title":{"rendered":"mod\u00e8les cl\u00e9s et enjeux en Europe"},"content":{"rendered":"<p>https:\/\/www.32cars.ru\/fr\/posts\/id7634-vehicules-electriques-2026-modeles-cles-et-enjeux-en-europe<\/p>\n<p>    <a itemprop=\"url\" href=\"https:\/\/www.32cars.ru\/fr\/posts\/id7634-vehicules-electriques-2026-modeles-cles-et-enjeux-en-europe\" target=\"_blank\" rel=\"noopener\"><\/p>\n<p>V\u00e9hicules \u00e9lectriques 2026: mod\u00e8les cl\u00e9s et enjeux en Europe<\/p>\n<p>2026, ann\u00e9e charni\u00e8re pour les v\u00e9hicules \u00e9lectriques en Europe<\/p>\n<p>V\u00e9hicules \u00e9lectriques 2026: mod\u00e8les cl\u00e9s et enjeux en Europe<\/p>\n<p>Panorama 2026 des v\u00e9hicules \u00e9lectriques en Europe: mod\u00e8les abordables et premium, strat\u00e9gies Renault, VW, Nissan, BMW, Mercedes, Porsche. Tendances et enjeux.<\/p>\n<p>2025-12-26T08:56:20+03:00<\/p>\n<p>2025-12-26T08:56:20+03:00<\/p>\n<p>2025-12-26T08:56:20+03:00<\/p>\n<p>2026 pourrait \u00eatre une ann\u00e9e d\u00e9cisive pour les v\u00e9hicules \u00e9lectriques en Europe : elle dira si les marques chinoises peuvent mettre le march\u00e9 sous pression gr\u00e2ce \u00e0 des prix agressifs et \u00e0 la rapidit\u00e9 d\u2019ex\u00e9cution, et si les constructeurs historiques sauront rattraper leur retard en technologie, en logiciels et en volumes. Deux fronts se dessinent d\u00e9j\u00e0 : les mod\u00e8les abordables pour le grand public et le haut de gamme, o\u00f9 l\u2019enjeu est maximal. Le tempo comptera autant que la fiche technique.Dans l\u2019entr\u00e9e de gamme, les acteurs europ\u00e9ens acc\u00e9l\u00e8rent. Renault d\u00e9ploie la Twingo Electric, pens\u00e9e d\u00e8s l\u2019origine pour des co\u00fbts de production bas. Kia pr\u00e9pare l\u2019EV2, un petit crossover \u00e9lectrique visant un prix attractif et une autonomie solide. Ce sont ces voitures qui fa\u00e7onnent r\u00e9ellement les parts de march\u00e9, pas seulement les manchettes.Le groupe Volkswagen r\u00e9pond avec un trio bas\u00e9 sur la plateforme MEB+ : la Volkswagen ID. Polo en polyvalente, la Cupra Raval plus tourn\u00e9e vers le conducteur, et le Skoda Epiq en SUV compact et pratique. Un choix r\u00e9v\u00e9lateur ressort : privil\u00e9gier la traction ou la transmission int\u00e9grale pour coller \u00e0 la demande du plus grand nombre \u2014 un clin d\u2019\u0153il pragmatique \u00e0 ce que veulent vraiment les acheteurs, et une dose de r\u00e9alisme bienvenue.Un cran au\u2011dessus, la nouvelle Nissan Leaf s\u2019annonce d\u00e9terminante : sur base CMF\u2011EV, elle gagne des proportions de crossover et vise une batterie d\u2019environ 75 kWh avec plus de 600 kilom\u00e8tres annonc\u00e9s, dans l\u2019id\u00e9e de regagner son statut de best\u2011seller pour un mod\u00e8le qui a autrefois ouvert la voie. Hyundai ajoutera l\u2019Ioniq 3 dans l\u2019une des cat\u00e9gories les plus encombr\u00e9es. L\u2019ex\u00e9cution fera la diff\u00e9rence : si ces promesses se traduisent au quotidien, le nom Leaf pourrait \u00e0 nouveau r\u00e9sonner.Le segment premium, en 2026, promet un champ de bataille \u00e0 part. BMW lancera la Neue Klasse avec une architecture 800 volts et le premier iX3, Mercedes arrive avec un GLC \u00e9lectrique sur plateforme MB.EA en mettant l\u2019accent sur MB.OS et un \u00e9cosyst\u00e8me num\u00e9rique coh\u00e9rent, tandis que Volvo pr\u00e9pare l\u2019EX60 sur SPA3, avec \u00e0 la cl\u00e9 une densit\u00e9 \u00e9nerg\u00e9tique de batterie plus \u00e9lev\u00e9e et des co\u00fbts en baisse. Ici, l\u2019int\u00e9gration et l\u2019efficacit\u00e9 p\u00e8seront autant que des chiffres align\u00e9s sur une fiche.Au sommet, les faiseurs d\u2019image donnent le ton : le Porsche Cayenne \u00e9lectrique, la Polestar 5 \u00e0 haut potentiel, l\u2019Alpine A390, ainsi que des hypercars comme la Bugatti Tourbillon et la McLaren W1 \u2014 autant de signaux qu\u2019en 2026, l\u2019\u00e9lectrification parlera technologie de pointe autant que ma\u00eetrise des co\u00fbts.<\/p>\n<p>v\u00e9hicules \u00e9lectriques, 2026, Europe, march\u00e9, mod\u00e8les abordables, premium, Twingo Electric, Kia EV2, VW ID. Polo, Nissan Leaf, BMW iX3, Mercedes GLC \u00e9lectrique, Porsche Cayenne \u00e9lectrique, Polestar 5<\/p>\n<p>2025<\/p>\n<p>news<\/p>\n","protected":false},"excerpt":{"rendered":"https:\/\/www.32cars.ru\/fr\/posts\/id7634-vehicules-electriques-2026-modeles-cles-et-enjeux-en-europe V\u00e9hicules \u00e9lectriques 2026: mod\u00e8les cl\u00e9s et enjeux en Europe 2026, ann\u00e9e charni\u00e8re pour les v\u00e9hicules \u00e9lectriques en&hellip;\n","protected":false},"author":2,"featured_media":622820,"comment_status":"","ping_status":"","sticky":false,"template":"","format":"standard","meta":{"footnotes":""},"categories":[1586],"tags":[5734,11,43762,1777,674,1011,27,73214,2089,73217,73212,12,73216,73219,73218,301,25,73213,9983,73215],"class_list":{"0":"post-622819","1":"post","2":"type-post","3":"status-publish","4":"format-standard","5":"has-post-thumbnail","7":"category-europe","8":"tag-5734","9":"tag-actualites","10":"tag-bmw-ix3","11":"tag-eu","12":"tag-europe","13":"tag-fr","14":"tag-france","15":"tag-kia-ev2","16":"tag-marche","17":"tag-mercedes-glc-electrique","18":"tag-modeles-abordables","19":"tag-news","20":"tag-nissan-leaf","21":"tag-polestar-5","22":"tag-porsche-cayenne-electrique","23":"tag-premium","24":"tag-republique-francaise","25":"tag-twingo-electric","26":"tag-vehicules-electriques","27":"tag-vw-id-polo"},"share_on_mastodon":{"url":"https:\/\/pubeurope.com\/@fr\/115784519718871147","error":""},"_links":{"self":[{"href":"https:\/\/www.europesays.com\/fr\/wp-json\/wp\/v2\/posts\/622819","targetHints":{"allow":["GET"]}}],"collection":[{"href":"https:\/\/www.europesays.com\/fr\/wp-json\/wp\/v2\/posts"}],"about":[{"href":"https:\/\/www.europesays.com\/fr\/wp-json\/wp\/v2\/types\/post"}],"author":[{"embeddable":true,"href":"https:\/\/www.europesays.com\/fr\/wp-json\/wp\/v2\/users\/2"}],"replies":[{"embeddable":true,"href":"https:\/\/www.europesays.com\/fr\/wp-json\/wp\/v2\/comments?post=622819"}],"version-history":[{"count":0,"href":"https:\/\/www.europesays.com\/fr\/wp-json\/wp\/v2\/posts\/622819\/revisions"}],"wp:featuredmedia":[{"embeddable":true,"href":"https:\/\/www.europesays.com\/fr\/wp-json\/wp\/v2\/media\/622820"}],"wp:attachment":[{"href":"https:\/\/www.europesays.com\/fr\/wp-json\/wp\/v2\/media?parent=622819"}],"wp:term":[{"taxonomy":"category","embeddable":true,"href":"https:\/\/www.europesays.com\/fr\/wp-json\/wp\/v2\/categories?post=622819"},{"taxonomy":"post_tag","embeddable":true,"href":"https:\/\/www.europesays.com\/fr\/wp-json\/wp\/v2\/tags?post=622819"}],"curies":[{"name":"wp","href":"https:\/\/api.w.org\/{rel}","templated":true}]}}