{"id":622840,"date":"2025-12-26T07:03:10","date_gmt":"2025-12-26T07:03:10","guid":{"rendered":"https:\/\/www.europesays.com\/fr\/622840\/"},"modified":"2025-12-26T07:03:10","modified_gmt":"2025-12-26T07:03:10","slug":"les-7-couleurs-tendances-de-2026-audacieuses-et-inattendues","status":"publish","type":"post","link":"https:\/\/www.europesays.com\/fr\/622840\/","title":{"rendered":"Les 7 couleurs tendances de 2026 : audacieuses et inattendues"},"content":{"rendered":"<p>En 2026, la d\u00e9coration change de ton. Les d\u00e9corateurs ne sont<br \/>\npas tous d\u00a0\u00bbaccord, mais plusieurs couleurs commencent \u00e0 s&rsquo;imposer.<br \/>\nDans une enqu\u00eate publi\u00e9e par AD Magazine, des designers<br \/>\nexpliquent pourquoi ces teintes vont marquer l&rsquo;ann\u00e9e.<\/p>\n<p>La couleur Pantone 2026 s&rsquo;accordera-t-elle avec les autres<br \/>\n?<\/p>\n<p>D\u00e9sign\u00e9e <a href=\"https:\/\/www.lejournaldelamaison.fr\/le-journal-de-la-maison\/actus-deco\/pantone-2026-la-couleur-que-tout-le-monde-detestait-revient-et-va-pourtant-envahir-tous-nos-interieurs-529432.html\" rel=\"nofollow noopener\" target=\"_blank\"><br \/>\ncouleur Pantone 2026<\/a>, Cloud Dancer intrigue. Ce<br \/>\nblanc-gris volontairement \u00ab\u00a0sali\u00a0\u00bb est <strong>une excellente base<br \/>\npour la d\u00e9coration d&rsquo;une pi\u00e8ce<\/strong>, mais il ne met pas tout le<br \/>\nmonde d&rsquo;accord. Julien Sebban parle d&rsquo;une couleur qui refl\u00e8te la<br \/>\ncomplexit\u00e9 du monde actuel. Doroth\u00e9e Meilichzon la consid\u00e8re comme<br \/>\nune valeur s\u00fbre, <strong>facile \u00e0 utiliser et \u00e0 garder dans le<br \/>\ntemps<\/strong>. Le duo Claves Architecture la d\u00e9crit comme un fond<br \/>\n\u00e9l\u00e9gant, <strong>\u00e0 condition de l&rsquo;associer \u00e0 des couleurs plus<br \/>\naffirm\u00e9es<\/strong>.<\/p>\n<p>\u00c0 c\u00f4t\u00e9 de \u00e7a, <strong>le vieux rose s&rsquo;impose comme l&rsquo;une des<br \/>\nteintes les plus int\u00e9ressantes de l&rsquo;ann\u00e9e<\/strong>. Julien Sebban<br \/>\nl&#8217;emploie r\u00e9guli\u00e8rement pour sa capacit\u00e9 \u00e0 s&rsquo;associer avec presque<br \/>\ntoutes les couleurs. Il \u00e9voque des int\u00e9rieurs aux papiers peints<br \/>\npatin\u00e9s, un peu vintage, o\u00f9 <strong>la couleur apporte<br \/>\nimm\u00e9diatement une atmosph\u00e8re chaleureus<\/strong>e. D&rsquo;ailleurs,<br \/>\ncontrairement aux id\u00e9es re\u00e7ues, elle ne s&rsquo;utilise pas que dans les<br \/>\nchambres de filles. Dans les toilettes, la salle de bains ou encore<br \/>\n<a href=\"https:\/\/www.lejournaldelamaison.fr\/le-journal-de-la-maison\/piece-par-piece\/cuisine-salle-a-manger-le-journal-de-la-maison\/cuisine\/2025-cuisine-pare-rose-tendance-incontournable-adopter-maintenant-mais-pas-nimporte-quel-rose-506457.html\" rel=\"nofollow noopener\" target=\"_blank\"><br \/>\nla cuisine<\/a>, cette teinte a toute sa place.<\/p>\n<p>En 2026, on assume les couleurs chaudes<\/p>\n<p>Et c&rsquo;est peu de le dire. En 2025, <strong>l&rsquo;orange br\u00fbl\u00e9<br \/>\ns&rsquo;invite dans les int\u00e9rieurs<\/strong>. Uchronia le compare \u00e0 la<br \/>\nlumi\u00e8re d&rsquo;un coucher de soleil. Dans une maison de campagne<br \/>\nbritannique, le designer Jobe Burns a con\u00e7u une salle de bains<br \/>\ndomin\u00e9e par cette teinte, associ\u00e9e au bois, \u00e0 l&rsquo;argile et <a href=\"https:\/\/www.lejournaldelamaison.fr\/tendance-deco\/ni-granit-ni-marbre-ce-materiau-mineral-va-detroner-vos-plans-de-travail-de-cuisine-des-2026-531054.html\" rel=\"nofollow noopener\" target=\"_blank\"><br \/>\nau marbre<\/a>. \u00c0 Milan, Casa Mu\u00f1oz l&rsquo;utilise d\u00e8s l\u2019entr\u00e9e et c&rsquo;est<br \/>\ncanon. C&rsquo;est enfin une couleur tr\u00e8s chaleureuse, <strong>que l&rsquo;on<br \/>\nretrouve beaucoup au Maroc<\/strong>.<\/p>\n<p><strong>Le bleu ciel apporte une autre \u00e9nergie<\/strong>. Chlo\u00e9<br \/>\nN\u00e8gre a r\u00e9cemment repeint son showroom dans cette teinte, qu&rsquo;elle<br \/>\nd\u00e9crit comme joyeuse et facile \u00e0 associer. \u00c0 Londres, le duo<br \/>\nPenrose Tilbury l&rsquo;a choisie pour une salle de bains victorienne,<br \/>\n<strong>inspir\u00e9e par les int\u00e9rieurs fran\u00e7ais et italiens<\/strong>.<br \/>\n<a href=\"https:\/\/www.lejournaldelamaison.fr\/maison\/ce-bleu-poudre-farrow-ball-envahit-instagram-ce-que-craignent-vraiment-les-designers-pour-la-suite-531511.html\" rel=\"nofollow noopener\" target=\"_blank\"><br \/>\nUne touche de ce bleu<\/a> suffit \u00e0 transformer l&rsquo;ambiance g\u00e9n\u00e9rale<br \/>\nd&rsquo;une pi\u00e8ce.<\/p>\n<blockquote class=\"instagram-media\" style=\"background: #ffffff;border: 0;margin: 1px;width: 100%;padding: 0;max-width: 500px;\" data-instgrm-permalink=\"https:\/\/www.instagram.com\/reel\/DPeaXp8iGSS\/?hl=fr\" data-instgrm-version=\"14\"\/><p>\nEntre douceur v\u00e9g\u00e9tale et lumi\u00e8re<br \/>\nsolaire<\/p>\n<p><strong>Le c\u00e9ladon<\/strong> revient dans <a href=\"https:\/\/www.lejournaldelamaison.fr\/le-journal-de-la-maison\/reportages-maisons\/appartements\/caroline-rostang-bois-couleurs-claires-dominent-appartement-parisien-lambiance-contemporaine-chaleureuse-entierement-renove-528826.html\" rel=\"nofollow noopener\" target=\"_blank\"><br \/>\ndes projets tr\u00e8s contemporains<\/a>. Chez Uchronia, cette teinte<br \/>\ndouce, <strong>entre vert et bleu<\/strong>, structure aussi bien<br \/>\nune cuisine qu&rsquo;un s\u00e9jour. \u00c0 Paris, Atelier Philibert l&rsquo;a utilis\u00e9e<br \/>\ndans un espace de 14 m\u00b2 pour lui donner <strong>une sensation de<br \/>\ncocon<\/strong>, et c&rsquo;est tr\u00e8s r\u00e9ussi.<\/p>\n<p>Enfin, <strong>le marron glac\u00e9 et le jaune paille<\/strong><br \/>\ncompl\u00e8tent <a href=\"https:\/\/www.lejournaldelamaison.fr\/maison\/couleur-2026-ces-4-teintes-que-les-decorateurs-adoptent-deja-et-qui-ringardisent-le-gris-chez-vous-531006.html\" rel=\"nofollow noopener\" target=\"_blank\"><br \/>\ncette palette 2026<\/a>. Le brun, tr\u00e8s pr\u00e9sent dans les arts<br \/>\nd\u00e9coratifs et la mode, \u00e9voque les mati\u00e8res naturelles et les<br \/>\nint\u00e9rieurs chaleureux. Le jaune paille, cher \u00e0 Chlo\u00e9 N\u00e8gre, apporte<br \/>\nune lumi\u00e8re solaire que l&rsquo;on retrouve aussi bien dans un studio<br \/>\nparisien que dans une grande villa. Ensemble, ces deux teintes<br \/>\ntraduisent une ann\u00e9e o\u00f9 <strong>la couleur assume pleinement son<br \/>\nr\u00f4le dans la d\u00e9coration<\/strong>.<\/p>\n<p><script async src=\"\/\/www.instagram.com\/embed.js\"><\/script><\/p>\n","protected":false},"excerpt":{"rendered":"En 2026, la d\u00e9coration change de ton. Les d\u00e9corateurs ne sont pas tous d\u00a0\u00bbaccord, mais plusieurs couleurs commencent&hellip;\n","protected":false},"author":2,"featured_media":622841,"comment_status":"","ping_status":"","sticky":false,"template":"","format":"standard","meta":{"footnotes":""},"categories":[1358],"tags":[5734,3691,1348,1384,1385,73220,18493,1805,1386,58,59,1011,27,73222,68340,151,3583,18830,10776,73221,6013,3974],"class_list":{"0":"post-622840","1":"post","2":"type-post","3":"status-publish","4":"format-standard","5":"has-post-thumbnail","7":"category-arts-et-design","8":"tag-5734","9":"tag-3691","10":"tag-arts","11":"tag-arts-and-design","12":"tag-arts-et-design","13":"tag-audacieuses","14":"tag-couleurs","15":"tag-de","16":"tag-design","17":"tag-divertissement","18":"tag-entertainment","19":"tag-fr","20":"tag-france","21":"tag-inattendues","22":"tag-interieurs","23":"tag-les","24":"tag-qui","25":"tag-tendances","26":"tag-transformer","27":"tag-vibrantes","28":"tag-voici","29":"tag-vont"},"share_on_mastodon":{"url":"","error":""},"_links":{"self":[{"href":"https:\/\/www.europesays.com\/fr\/wp-json\/wp\/v2\/posts\/622840","targetHints":{"allow":["GET"]}}],"collection":[{"href":"https:\/\/www.europesays.com\/fr\/wp-json\/wp\/v2\/posts"}],"about":[{"href":"https:\/\/www.europesays.com\/fr\/wp-json\/wp\/v2\/types\/post"}],"author":[{"embeddable":true,"href":"https:\/\/www.europesays.com\/fr\/wp-json\/wp\/v2\/users\/2"}],"replies":[{"embeddable":true,"href":"https:\/\/www.europesays.com\/fr\/wp-json\/wp\/v2\/comments?post=622840"}],"version-history":[{"count":0,"href":"https:\/\/www.europesays.com\/fr\/wp-json\/wp\/v2\/posts\/622840\/revisions"}],"wp:featuredmedia":[{"embeddable":true,"href":"https:\/\/www.europesays.com\/fr\/wp-json\/wp\/v2\/media\/622841"}],"wp:attachment":[{"href":"https:\/\/www.europesays.com\/fr\/wp-json\/wp\/v2\/media?parent=622840"}],"wp:term":[{"taxonomy":"category","embeddable":true,"href":"https:\/\/www.europesays.com\/fr\/wp-json\/wp\/v2\/categories?post=622840"},{"taxonomy":"post_tag","embeddable":true,"href":"https:\/\/www.europesays.com\/fr\/wp-json\/wp\/v2\/tags?post=622840"}],"curies":[{"name":"wp","href":"https:\/\/api.w.org\/{rel}","templated":true}]}}