{"id":622842,"date":"2025-12-26T07:05:37","date_gmt":"2025-12-26T07:05:37","guid":{"rendered":"https:\/\/www.europesays.com\/fr\/622842\/"},"modified":"2025-12-26T07:05:37","modified_gmt":"2025-12-26T07:05:37","slug":"soizic-piegee-par-pedro-sofia-effondree-il-passe-a-lacte-contre-orso-demain-nous-appartient-29-decembre-2025-episode-2106-resume-complet-dna","status":"publish","type":"post","link":"https:\/\/www.europesays.com\/fr\/622842\/","title":{"rendered":"Soizic pi\u00e9g\u00e9e par Pedro, Sofia effondr\u00e9e : il passe \u00e0 l&rsquo;acte contre Orso &#8211; Demain nous appartient 29 d\u00e9cembre 2025 (\u00e9pisode 2106 &#8211; r\u00e9sum\u00e9 complet DNA)"},"content":{"rendered":"<p>\tD\u00e9couvrez le r\u00e9sum\u00e9 d\u00e9taill\u00e9 de Demain nous appartient en avance du lundi 29 d\u00e9cembre 2025 avec l\u2019\u00e9pisode 2106. Pedro enl\u00e8ve Orso et s\u00e8me la panique \u00e0 l\u2019h\u00f4pital devant Eliie (Carla Roturier) et Sofia. #DNA en avance avec Nouveaut\u00e9s T\u00e9l\u00e9.<br \/>\n<img fetchpriority=\"high\" decoding=\"async\" aria-describedby=\"caption-attachment-335063\" src=\"https:\/\/www.europesays.com\/fr\/wp-content\/uploads\/2025\/12\/soizic-sofia-pedro-dna.jpg\" alt=\"sodia et soizic dna \" width=\"1280\" height=\"720\" class=\"size-full wp-image-335063\"  \/><\/p>\n<p id=\"caption-attachment-335063\" class=\"wp-caption-text\">Pedro franchit la ligne rouge : l\u2019impensable \u00e0 l\u2019h\u00f4pital, Soizic (Charlie Nune) s\u2019est fait avoir et Sofia \u00e9vite le pire<\/p>\n<p>Retrouvez le r\u00e9sum\u00e9 int\u00e9gral de <strong><a href=\"https:\/\/www.nouveautes-tele.com\/category\/demain-nous-appartient\" target=\"_blank\" rel=\"noopener\"> Demain nous appartient \u00e9pisode 2106 saison 9<\/a><\/strong> diffus\u00e9 sur TF1 le lundi 29 d\u00e9cembre 2025  (<a href=\"https:\/\/www.nouveautes-tele.com\/62784-resume-demain-nous-appartient-tf1-en-avance-spoilers-devoiles.html\" target=\"_blank\" rel=\"noopener\"><strong>voir les r\u00e9sum\u00e9s en avance de Demain nous appartient <\/strong><\/a>).<\/p>\n<p>D\u00e9couvrez le r\u00e9sum\u00e9 du num\u00e9ro pr\u00e9c\u00e9dent <a href=\"https:\/\/www.nouveautes-tele.com\/334477-william-hospitalise-orso-en-urgence-pedro-le-fils-dalain-sur-la-piste-du-bebe-demain-nous-appartient-26-decembre-2025-episode-2105-resume-complet-dna.html\" target=\"_blank\" rel=\"noopener\">DNA \u00e9pisode 2105<\/a> est en ligne.<\/p>\n<p>  \ud83d\udccc Quels sont les temps forts de l\u2019\u00e9pisode 2106 de Demain nous appartient en avance du 29 d\u00e9cembre 2025 (TF1) ? ce qu\u2019il faut retenir <\/p>\n<ul>\n<li><strong>Pedro a vol\u00e9 le badge de Soizic<\/strong> en fouillant dans son sac pendant qu\u2019elle est \u00e0 la salle de bains. Il pr\u00e9pare son coup en douce.<\/li>\n<li><strong>Pedro tente d\u2019enlever Orso<\/strong> \u00e0 l\u2019h\u00f4pital en se d\u00e9guisant en m\u00e9decin. Il profite d\u2019un moment o\u00f9 le b\u00e9b\u00e9 est seul.<\/li>\n<li><strong>Sofia surprend Pedro avec le couffin<\/strong> et le reconna\u00eet. Il panique, l\u00e2che le b\u00e9b\u00e9 et s\u2019enfuit de l\u2019h\u00f4pital en catastrophe.<\/li>\n<li><strong>Arthur (Ambroise Michel) avoue ses sentiments \u00e0 Lou<\/strong> et lui fait une sc\u00e8ne de jalousie \u00e0 propos de Karim (Samy Gharbi). Il dit qu\u2019il tombe amoureux d\u2019elle.<\/li>\n<li><strong>Kevin aide Valentine en cachette<\/strong> et se fait griller par Alex et Bruno (Kevin Levy). Ils d\u00e9cident de passer l\u2019\u00e9ponge.<\/li>\n<\/ul>\n<p><\/p>\n<p>Tout ce qu\u2019il faut savoir sur l\u2019\u00e9pisode 2106 de Demain nous appartient du 29 d\u00e9cembre 2025, tous les <strong>spoilers complets<\/strong> par rapport aux intrigues du jour \u00e0 S\u00e8te.<\/p>\n<p>Demain nous appartient en avance : Soizic se fait pi\u00e9ger par Pedro<br \/>\n<img loading=\"lazy\" decoding=\"async\" aria-describedby=\"caption-attachment-335047\" src=\"data:image\/svg+xml,%3Csvg%20xmlns=\" http:=\"\" alt=\"soizic dna \" width=\"1200\" height=\"605\" class=\"size-full wp-image-335047\" data-lazy- data-lazy- data-lazy-src=\"https:\/\/www.europesays.com\/fr\/wp-content\/uploads\/2025\/12\/dna-2106cb.jpg\"\/><\/p>\n<p id=\"caption-attachment-335047\" class=\"wp-caption-text\">Pedro surprend Adam et Soizic au petit d\u00e9jeuner<\/p>\n<p>Adam s\u2019est lev\u00e9 t\u00f4t car il doit bosser avec Maud. Il prend son petit d\u00e9jeuner avec Soizic et l\u00e0 Pedro d\u00e9barque avec des chouquettes. Adam semble se m\u00e9fier, tout comme Soizic\u2026 il dit qu\u2019il voulait papoter un peu. L\u2019ambiance est un peu froide.Pedro demande \u00e0 Adam : \u00ab\u00a0C\u2019est moi ou ta m\u00e8re, elle m\u2019aime pas trop ?\u00a0\u00bb Adam dit qu\u2019elle est comme \u00e7a avec tout le monde au d\u00e9but.Lou a pass\u00e9 la nuit avec Arthur. Elle lui dit qu\u2019il lui a manqu\u00e9. <strong>Arthur la fait culpabiliser<\/strong> en disant qu\u2019il a pass\u00e9 No\u00ebl seul. <\/p>\n<p>Arthur dit \u00e0 Lou : \u00ab\u00a0Tu es proche de Karim ?\u00a0\u00bb Elle lui dit qu\u2019ils sont amis\u2026Lou est oblig\u00e9e de se justifier, <strong>Arthur lui fait une sc\u00e8ne<\/strong> puis il dit qu\u2019il s\u2019\u00e9tait d\u00e9plac\u00e9 pour lui dire \u00e7a. Arthur lui avoue : \u00ab\u00a0J\u2019esp\u00e8re que je ne serai jamais un ex pour qui tu ne ressens plus rien. <strong>Je crois que je suis en train de tomber amoureux.<\/strong>\u00a0\u00bb<\/p>\n<p><img loading=\"lazy\" decoding=\"async\" aria-describedby=\"caption-attachment-335059\" src=\"data:image\/svg+xml,%3Csvg%20xmlns=\" http:=\"\" alt=\"Esm\u00e9e et Diane  \" width=\"1200\" height=\"586\" class=\"size-full wp-image-335059\" data-lazy- data-lazy- data-lazy-src=\"https:\/\/www.europesays.com\/fr\/wp-content\/uploads\/2025\/12\/dna-2106cKfjcL.jpg\"\/><\/p>\n<p id=\"caption-attachment-335059\" class=\"wp-caption-text\">Esm\u00e9e et Diane ont compris que Karim craquait pour leur m\u00e8re<\/p>\n<p>&#13;<br \/>\n<br \/>&#13;<\/p>\n<p><strong>La fi\u00e8vre d\u2019Orso est tomb\u00e9e<\/strong>, il a mis du temps \u00e0 r\u00e9agir aux antibiotiques. Son syst\u00e8me immunitaire est fragilis\u00e9 du fait qu\u2019il n\u2019a eu aucun vaccin.Adam quitte la maison, Soizic se pr\u00e9pare\u2026 Pedro dit qu\u2019il va attendre sa m\u00e8re. Pendant qu\u2019elle est \u00e0 la salle de bains, <strong>il fouille dans le sac de Soizic et lui vole son badge de l\u2019h\u00f4pital<\/strong>.<br \/>Elle le surprend, il dit qu\u2019il regardait les coutures de son sac.Kevin dit \u00e0 Bruno que Benny a oubli\u00e9 ses cl\u00e9s et qu\u2019il doit lui apporter. En fait, il a entendu une conversation de Valentine qui disait qu\u2019il y avait un souci de fournisseur avec le vin. Kevin fait du v\u00e9lo et br\u00fble le feu rouge : il se fait arr\u00eater par Sara.<\/p>\n<p><img loading=\"lazy\" decoding=\"async\" aria-describedby=\"caption-attachment-335057\" src=\"data:image\/svg+xml,%3Csvg%20xmlns=\" http:=\"\" alt=\"lou et karim dna \" width=\"1200\" height=\"610\" class=\"size-full wp-image-335057\" data-lazy- data-lazy- data-lazy-src=\"https:\/\/www.europesays.com\/fr\/wp-content\/uploads\/2025\/12\/dna-2106cfjL.jpg\"\/><\/p>\n<p id=\"caption-attachment-335057\" class=\"wp-caption-text\">Lou pense que Karim doit trouver une petite amie<\/p>\n<p><strong>Kevin est all\u00e9 chercher du vin pour Valentine<\/strong>. Sara sourit et le laisse partir en disant : \u00ab\u00a0En fait, tu es l\u2019ange gardien de Valentine.\u00a0\u00bbLou dit \u00e0 Karim que \u00e7a fait trop longtemps qu\u2019il est c\u00e9libataire\u2026 c\u2019est pour \u00e7a qu\u2019il fait une fixette sur sa vie perso.Sofia avoue qu\u2019elle tient \u00e0 lui, mais elle n\u2019a pas r\u00e9fl\u00e9chi quand Serena lui a confi\u00e9. <strong>Elle est dans la totale ill\u00e9galit\u00e9.<\/strong>Karim d\u00e9barque au stand d\u2019Emilie : ce sont Esm\u00e9e et Diane qui g\u00e8rent car Emilie est en livraison. <\/p>\n<p><strong>Diane est persuad\u00e9e que Karim a un crush sur Emilie.<\/strong><\/p>\n<p><img loading=\"lazy\" decoding=\"async\" aria-describedby=\"caption-attachment-335053\" src=\"data:image\/svg+xml,%3Csvg%20xmlns=\" http:=\"\" alt=\"orso dna\" width=\"1200\" height=\"614\" class=\"size-full wp-image-335053\" data-lazy- data-lazy- data-lazy-src=\"https:\/\/www.europesays.com\/fr\/wp-content\/uploads\/2025\/12\/dna-2106cfe.jpg\"\/><\/p>\n<p id=\"caption-attachment-335053\" class=\"wp-caption-text\">Orso va mieux, sa fi\u00e8vre est enfin tomb\u00e9e<\/p>\n<p>\nDemain nous appartient 29 d\u00e9cembre 2025 : Pedro n\u2019est pas un gentil<\/p>\n<p>Kevin finit par avouer \u00e0 Alex qu\u2019il est all\u00e9 chercher du vin pour Valentine.Alex lui crie dessus : \u00ab\u00a0Tu es en train de faire des TIG, tu n\u2019es pas au Club Med !\u00a0\u00bb Bruno lui dit qu\u2019il est d\u00e9\u00e7u, ils avaient install\u00e9 une relation de confiance. <strong>Alex passe l\u2019\u00e9ponge<\/strong>, mais il ne veut plus de mensonges.Pedro est \u00e0 l\u2019h\u00f4pital, <strong>il rentre \u00e0 la buanderie pour mettre une blouse de m\u00e9decin<\/strong>.<\/p>\n<p><img loading=\"lazy\" decoding=\"async\" aria-describedby=\"caption-attachment-335051\" src=\"data:image\/svg+xml,%3Csvg%20xmlns=\" http:=\"\" alt=\"arthur et lou dna \" width=\"1200\" height=\"622\" class=\"size-full wp-image-335051\" data-lazy- data-lazy- data-lazy-src=\"https:\/\/www.europesays.com\/fr\/wp-content\/uploads\/2025\/12\/dna-2106cbe.jpg\"\/><\/p>\n<p id=\"caption-attachment-335051\" class=\"wp-caption-text\">Arthur fait une sc\u00e8ne de jalousie \u00e0 Lou<\/p>\n<p>Il est pr\u00eat \u00e0 tout. Il d\u00e9barque ensuite dans la pouponni\u00e8re et l\u00e0 il aper\u00e7oit Sofia, Orso et Ellie dans une chambre.Ellie propose \u00e0 Sofia d\u2019aller \u00e0 la machine chercher \u00e0 manger : <strong>elles d\u00e9cident de laisser le petit seul pendant 5 minutes<\/strong>.Ni une, ni deux, <strong>Pedro rentre dans la chambre d\u2019Orso et prend le couffin avec le petit<\/strong>.Karim et Emilie, chacun de leur c\u00f4t\u00e9, h\u00e9sitent \u00e0 s\u2019appeler\u2026 mais finalement, c\u2019est Emilie qui franchit le pas.<br \/><img loading=\"lazy\" decoding=\"async\" aria-describedby=\"caption-attachment-335045\" src=\"data:image\/svg+xml,%3Csvg%20xmlns=\" http:=\"\" alt=\"Elllie et Sofia \" width=\"1200\" height=\"608\" class=\"size-full wp-image-335045\" data-lazy- data-lazy- data-lazy-src=\"https:\/\/www.europesays.com\/fr\/wp-content\/uploads\/2025\/12\/dna-2106b.jpg\"\/><\/p>\n<p id=\"caption-attachment-335045\" class=\"wp-caption-text\">Elllie et Sofia de plus en plus proches<\/p>\n<p>Il lui dit qu\u2019il voulait savoir comment se passe le retour \u00e0 la vie normale. <strong>Il lui propose de d\u00e9jeuner tous les deux.<\/strong>Sofia est \u00e0 la machine avec Ellie, d\u2019un coup elle voit Pedro qui a Orso dans le couffin. Ils se regardent\u2026 et il panique. <strong>Il l\u00e2che le couffin et part illico de l\u2019h\u00f4pital.<\/strong> Sofia a cri\u00e9, William d\u00e9barque et tente de le rattraper. <strong>Sofia conna\u00eet Pedro<\/strong>, car elle l\u2019a appel\u00e9 par son pr\u00e9nom.<br \/><img loading=\"lazy\" decoding=\"async\" aria-describedby=\"caption-attachment-335055\" src=\"data:image\/svg+xml,%3Csvg%20xmlns=\" http:=\"\" alt=\"soizic dna \" width=\"1200\" height=\"661\" class=\"size-full wp-image-335055\" data-lazy- data-lazy- data-lazy-src=\"https:\/\/www.europesays.com\/fr\/wp-content\/uploads\/2025\/12\/dna-2106cfj.jpg\"\/><\/p>\n<p id=\"caption-attachment-335055\" class=\"wp-caption-text\">Soizic semblait ne pas sentir Pedro, elle avait vu juste<\/p>\n<p>&#13;<\/p>\n<p> \ud83d\udd1c Restez connect\u00e9s ! Le <strong>r\u00e9sum\u00e9 Demain nous appartient du 30 d\u00e9cembre 2025<\/strong> avec l\u2019\u00e9pisode 2107 arrive tr\u00e8s vite sur Nouveaut\u00e9s T\u00e9l\u00e9.<\/p>\n<p>Que pensez-vous du nouvel \u00e9pisode de Demain nous appartient ? R\u00e9agissez en commentaire ! \ud83d\udcac Commentez les \u00e9pisodes sur <strong><a href=\"https:\/\/www.nouveautes-tele.com\/51124-forum-demain-nous-appartient-tf1.html\" target=\"_blank\" rel=\"noopener\"> le forum de Demain nous appartient<\/a><\/strong> chaque jour.<\/p>\n<p> \u00a0 \u00a0\ud83d\udcfa Demain nous appartient &#8211; Intrigue \u00ab\u00a0Sofia de retour avec Orso\u00a0\u00bb<br \/>\n    &#13;<\/p>\n<tr>&#13;<br \/>\n            \ud83d\udcc5 Date&#13;<br \/>\n            \ud83c\udfac \u00c9pisode&#13;<br \/>\n            \ud83d\udd25 Point Cl\u00e9&#13;<br \/>\n        <\/tr>\n<p>&#13;<br \/>\n      &#13;<\/p>\n<tr>&#13;<br \/>\n \u00a0 \u00a0 \u00a0 \u00a0 \u00a0 \u00a0<\/p>\n<td> 22 d\u00e9cembre 2025<\/td>\n<p>&#13;<\/p>\n<td><a href=\"https:\/\/www.nouveautes-tele.com\/333123-sofia-a-t-elle-kidnappe-le-petit-orso-ellie-decouvre-limpensable-demain-nous-appartient-22-decembre-2025-episode-2100-resume-complet-dna.html\" target=\"_blank\" rel=\"noopener\"><strong>2100<\/strong><\/a><\/td>\n<p>&#13;<br \/>\n \u00a0 \u00a0 \u00a0 \u00a0 \u00a0 \u00a0<\/p>\n<td>Sofia cache un secret \u00e0 ses parents <\/td>\n<p>&#13;<br \/>\n        <\/tr>\n<p>&#13;<br \/>\n\t\t&#13;<\/p>\n<tr>&#13;<br \/>\n \u00a0 \u00a0 \u00a0 \u00a0 \u00a0 \u00a0<\/p>\n<td> 23 d\u00e9cembre 2025<\/td>\n<p>&#13;<\/p>\n<td><a href=\"https:\/\/www.nouveautes-tele.com\/333643-samuel-face-au-secret-de-sofia-orso-recherche-le-pire-se-profile-demain-nous-appartient-23-decembre-2025-episode-2101-resume-complet-dna.html\" target=\"_blank\" rel=\"noopener\"><strong>2101<\/strong><\/a><\/td>\n<p>&#13;<br \/>\n \u00a0 \u00a0 \u00a0 \u00a0 \u00a0 \u00a0<\/p>\n<td>Orso a fait l&rsquo;objet d&rsquo;une alerte enl\u00e8vement<\/td>\n<p>&#13;<br \/>\n        <\/tr>\n<p>&#13;<\/p>\n<tr>&#13;<br \/>\n \u00a0 \u00a0 \u00a0 \u00a0 \u00a0 \u00a0<\/p>\n<td> 23 d\u00e9cembre 2025<\/td>\n<p>&#13;<\/p>\n<td><a href=\"https:\/\/www.nouveautes-tele.com\/333905-william-et-samuel-sideres-orso-est-malade-sofia-reagit-tres-mal-demain-nous-appartient-mardi-23-decembre-resume-complet-dna-episode-2102.html\" target=\"_blank\" rel=\"noopener\"><strong>2102<\/strong><\/a><\/td>\n<p>&#13;<br \/>\n \u00a0 \u00a0 \u00a0 \u00a0 \u00a0 \u00a0<\/p>\n<td>Orso est malade, William et Samuel choqu\u00e9s<\/td>\n<p>&#13;<br \/>\n        <\/tr>\n<p>&#13;<br \/>\n&#13;<\/p>\n<tr>&#13;<br \/>\n \u00a0 \u00a0 \u00a0 \u00a0 \u00a0 \u00a0<\/p>\n<td> 24 d\u00e9cembre 2025<\/td>\n<p>&#13;<\/p>\n<td><a href=\"https:\/\/www.nouveautes-tele.com\/334085-le-reveillon-des-daunier-tourne-au-cauchemar-sofia-na-jamais-ete-maman-demain-nous-appartient-24-decembre-2025-episode-2103-resume-complet-dna.html\" target=\"_blank\" rel=\"noopener\"><strong>2103<\/strong><\/a><\/td>\n<p>&#13;<br \/>\n \u00a0 \u00a0 \u00a0 \u00a0 \u00a0 \u00a0<\/p>\n<td>Sofia n&rsquo;est pas la maman d&rsquo;Orso<\/td>\n<p>&#13;<br \/>\n        <\/tr>\n<p>&#13;<\/p>\n<tr>&#13;<br \/>\n \u00a0 \u00a0 \u00a0 \u00a0 \u00a0 \u00a0<\/p>\n<td> 25 d\u00e9cembre 2025<\/td>\n<p>&#13;<\/p>\n<td><a href=\"https:\/\/www.nouveautes-tele.com\/334219-alain-face-au-plus-beau-cadeau-de-noel-son-fils-pedro-surgit-sans-prevenir-demain-nous-appartient-25-decembre-2025-episode-2104-resume-complet-dna.html\" target=\"_blank\" rel=\"noopener\"><strong>2104<\/strong><\/a><\/td>\n<p>&#13;<br \/>\n \u00a0 \u00a0 \u00a0 \u00a0 \u00a0 \u00a0<\/p>\n<td>Alain retrouve Pedro son fils et William suivi<\/td>\n<p>&#13;<br \/>\n        <\/tr>\n<p>&#13;<\/p>\n<tr>&#13;<br \/>\n \u00a0 \u00a0 \u00a0 \u00a0 \u00a0 \u00a0<\/p>\n<td> 26 d\u00e9cembre 2025<\/td>\n<p>&#13;<\/p>\n<td><a href=\"https:\/\/www.nouveautes-tele.com\/334477-william-hospitalise-orso-en-urgence-pedro-le-fils-dalain-sur-la-piste-du-bebe-demain-nous-appartient-26-decembre-2025-episode-2105-resume-complet-dna.html\" target=\"_blank\" rel=\"noopener\"><strong>2105<\/strong><\/a><\/td>\n<p>&#13;<br \/>\n \u00a0 \u00a0 \u00a0 \u00a0 \u00a0 \u00a0<\/p>\n<td>Pedro de retour pour Sofia et Orso ? <\/td>\n<p>&#13;<br \/>\n        <\/tr>\n<p>&#13;<\/p>\n<p>Suivez  les <a href=\"https:\/\/www.nouveautes-tele.com\/61084-audience-demain-nous-appartient-tf1-du-lundi-au-vendredi.html\" target=\"_blank\" rel=\"noopener\"><strong>audiences DNA<\/strong><\/a> du lundi au vendredi. <\/p>\n<p>Fan de Demain nous appartient ? les s\u00e9ries \u00e0 ne pas manquer <\/p>\n<p>Si vous \u00eates accro \u00e0 Demain nous appartient, voici les s\u00e9ries qui vont s\u00fbrement devenir vos prochains coups de c\u0153ur !<\/p>\n<p><a href=\"https:\/\/www.nouveautes-tele.com\/118986-nouveau-feuilleton-sur-tf1.html\" target=\"_blank\" rel=\"noopener\"><strong>Ici tout commence<\/strong><\/a> \u00e0 18h30, l\u2019univers culinaire de TF1 avec Benjamin Baroche. <a href=\"https:\/\/www.nouveautes-tele.com\/86457-grand-soleil-le-guide-complet-du-feuilleton-france-2-rentree-2018.html\" target=\"_blank\" rel=\"noopener\"><strong>Un si grand soleil<\/strong><\/a> avec Yvon Back \u00e0 20h45 juste avant le prime-time sur France 3. <a href=\"https:\/\/www.nouveautes-tele.com\/38439-plus-belle-la-vie-le-guide-des-resumes-et-spoilers.html\" target=\"_blank\" rel=\"noopener\"><strong>Plus belle la vie sur TF1<\/strong><\/a> \u00e0 14h avec St\u00e9phane Henon\u2026 et la vie est encore plus belle !<\/p>\n<p>                          <img loading=\"lazy\" decoding=\"async\" width=\"512\" height=\"512\" src=\"data:image\/svg+xml,%3Csvg%20xmlns=\" http:=\"\" alt=\"Logo de Nouveaut\u00e9 t\u00e9l\u00e9\" data-lazy-src=\"https:\/\/www.europesays.com\/fr\/wp-content\/uploads\/2025\/06\/nt-logo.png\"\/><\/p>\n<p>\t\t\t  Isabelle Corteilles<\/p>\n<p>Titou, fondatrice de Nouveaut\u00e9s T\u00e9l\u00e9 en 2014, passionn\u00e9e de m\u00e9dias et incollable sur l\u2019actualit\u00e9 des s\u00e9ries t\u00e9l\u00e9. De la g\u00e9n\u00e9ration Dawson\u2019s Creek et Sous le Soleil, je navigue aujourd\u2019hui entre le Spoon de DNA, les marais salants d\u2019ITC, le Mistral de PBLV et les Sauvages d\u2019Un Si Grand Soleil, pour ne rien rater des derni\u00e8res intrigues et des indiscr\u00e9tions.<\/p>\n","protected":false},"excerpt":{"rendered":"D\u00e9couvrez le r\u00e9sum\u00e9 d\u00e9taill\u00e9 de Demain nous appartient en avance du lundi 29 d\u00e9cembre 2025 avec l\u2019\u00e9pisode 2106.&hellip;\n","protected":false},"author":2,"featured_media":622843,"comment_status":"","ping_status":"","sticky":false,"template":"","format":"standard","meta":{"footnotes":""},"categories":[1356],"tags":[58,59,1011,27,252,1364],"class_list":{"0":"post-622842","1":"post","2":"type-post","3":"status-publish","4":"format-standard","5":"has-post-thumbnail","7":"category-television","8":"tag-divertissement","9":"tag-entertainment","10":"tag-fr","11":"tag-france","12":"tag-television","13":"tag-tv"},"share_on_mastodon":{"url":"https:\/\/pubeurope.com\/@fr\/115784603569124255","error":""},"_links":{"self":[{"href":"https:\/\/www.europesays.com\/fr\/wp-json\/wp\/v2\/posts\/622842","targetHints":{"allow":["GET"]}}],"collection":[{"href":"https:\/\/www.europesays.com\/fr\/wp-json\/wp\/v2\/posts"}],"about":[{"href":"https:\/\/www.europesays.com\/fr\/wp-json\/wp\/v2\/types\/post"}],"author":[{"embeddable":true,"href":"https:\/\/www.europesays.com\/fr\/wp-json\/wp\/v2\/users\/2"}],"replies":[{"embeddable":true,"href":"https:\/\/www.europesays.com\/fr\/wp-json\/wp\/v2\/comments?post=622842"}],"version-history":[{"count":0,"href":"https:\/\/www.europesays.com\/fr\/wp-json\/wp\/v2\/posts\/622842\/revisions"}],"wp:featuredmedia":[{"embeddable":true,"href":"https:\/\/www.europesays.com\/fr\/wp-json\/wp\/v2\/media\/622843"}],"wp:attachment":[{"href":"https:\/\/www.europesays.com\/fr\/wp-json\/wp\/v2\/media?parent=622842"}],"wp:term":[{"taxonomy":"category","embeddable":true,"href":"https:\/\/www.europesays.com\/fr\/wp-json\/wp\/v2\/categories?post=622842"},{"taxonomy":"post_tag","embeddable":true,"href":"https:\/\/www.europesays.com\/fr\/wp-json\/wp\/v2\/tags?post=622842"}],"curies":[{"name":"wp","href":"https:\/\/api.w.org\/{rel}","templated":true}]}}