{"id":622844,"date":"2025-12-26T07:06:17","date_gmt":"2025-12-26T07:06:17","guid":{"rendered":"https:\/\/www.europesays.com\/fr\/622844\/"},"modified":"2025-12-26T07:06:17","modified_gmt":"2025-12-26T07:06:17","slug":"brian-may-diffuse-polar-bear-a-la-radio","status":"publish","type":"post","link":"https:\/\/www.europesays.com\/fr\/622844\/","title":{"rendered":"Brian May diffuse Polar Bear \u00e0 la radio"},"content":{"rendered":"<p><strong>\u00c0 l\u2019approche des f\u00eates, Brian May a offert aux fans de <a href=\"https:\/\/www.metalzone.fr\/queen\/\" target=\"_blank\" rel=\"noopener\">Queen<\/a> un cadeau inattendu\u00a0: une version in\u00e9dite et encore inachev\u00e9e du morceau Not For Sale (Polar Bear), diffus\u00e9e dans son \u00e9mission sur Planet Rock.<\/strong><\/p>\n<p>Un ancien morceau refait surface<\/p>\n<p>Le 22 d\u00e9cembre, Brian May a surpris les auditeurs en partageant une version encore en chantier du morceau Polar Bear, \u00e9galement appel\u00e9 Not For Sale. Ce titre remonte \u00e0 1969, bien avant la naissance de Queen. Co\u00e9crit avec Tim Staffell, il figurait \u00e0 l\u2019\u00e9poque au r\u00e9pertoire de Smile, le groupe que May formait alors avec Roger Taylor.<\/p>\n<p>Apr\u00e8s la fin de Smile, Queen a bri\u00e8vement retravaill\u00e9 le morceau, avec May au chant sur les couplets et Freddie Mercury sur le refrain. Mais cette version n\u2019avait encore jamais \u00e9t\u00e9 diffus\u00e9e. \u00c0 l\u2019antenne, le guitariste a expliqu\u00e9 : \u201cVous avez peut-\u00eatre d\u00e9j\u00e0 entendu une version pirate jou\u00e9e par Smile, mais \u00e0 ma connaissance, celle-ci n\u2019a jamais \u00e9t\u00e9 d\u00e9voil\u00e9e. Elle figurera sur la prochaine r\u00e9\u00e9dition de l\u2019album Queen II l\u2019an prochain, mais je n\u2019ai pas pu m\u2019emp\u00eacher de la partager. J\u2019ai vraiment envie de savoir ce que les gens en pensent.\u201d<\/p>\n<p>Queen entre m\u00e9moire et projets<\/p>\n<p>Ce retour aux sources s\u2019inscrit dans un mouvement plus large. Cette ann\u00e9e, Queen a publi\u00e9 les d\u00e9mos de ses sessions de 1971 aux studios De Lane Lea, sorties en vinyle \u00e0 l\u2019occasion du Record Store Day. Dans une interview relay\u00e9e par Rolling Stone en septembre, Brian May r\u00e9v\u00e9lait que le groupe avait r\u00e9cemment exp\u00e9riment\u00e9 en studio avec Adam Lambert\u00a0: \u201cOn a tent\u00e9 quelques trucs. Pour l\u2019instant, rien n\u2019a vraiment pris.\u201d<\/p>\n<p>Queen reste actif sur sc\u00e8ne, m\u00eame si les longues tourn\u00e9es se font plus rares. Brian May envisage d\u00e9sormais des formats alternatifs, comme une r\u00e9sidence \u00e0 la Sph\u00e8re de Las Vegas. En attendant, ces archives sorties des tiroirs continuent de nourrir la curiosit\u00e9 des fans et ravivent l\u2019histoire du groupe.<\/p>\n<p>La version in\u00e9dite diffus\u00e9e par Brian May :<\/p>\n","protected":false},"excerpt":{"rendered":"\u00c0 l\u2019approche des f\u00eates, Brian May a offert aux fans de Queen un cadeau inattendu\u00a0: une version in\u00e9dite&hellip;\n","protected":false},"author":2,"featured_media":622845,"comment_status":"","ping_status":"","sticky":false,"template":"","format":"standard","meta":{"footnotes":""},"categories":[1355],"tags":[58,59,1011,27,1361,873],"class_list":{"0":"post-622844","1":"post","2":"type-post","3":"status-publish","4":"format-standard","5":"has-post-thumbnail","7":"category-musique","8":"tag-divertissement","9":"tag-entertainment","10":"tag-fr","11":"tag-france","12":"tag-music","13":"tag-musique"},"share_on_mastodon":{"url":"https:\/\/pubeurope.com\/@fr\/115784606335606907","error":""},"_links":{"self":[{"href":"https:\/\/www.europesays.com\/fr\/wp-json\/wp\/v2\/posts\/622844","targetHints":{"allow":["GET"]}}],"collection":[{"href":"https:\/\/www.europesays.com\/fr\/wp-json\/wp\/v2\/posts"}],"about":[{"href":"https:\/\/www.europesays.com\/fr\/wp-json\/wp\/v2\/types\/post"}],"author":[{"embeddable":true,"href":"https:\/\/www.europesays.com\/fr\/wp-json\/wp\/v2\/users\/2"}],"replies":[{"embeddable":true,"href":"https:\/\/www.europesays.com\/fr\/wp-json\/wp\/v2\/comments?post=622844"}],"version-history":[{"count":0,"href":"https:\/\/www.europesays.com\/fr\/wp-json\/wp\/v2\/posts\/622844\/revisions"}],"wp:featuredmedia":[{"embeddable":true,"href":"https:\/\/www.europesays.com\/fr\/wp-json\/wp\/v2\/media\/622845"}],"wp:attachment":[{"href":"https:\/\/www.europesays.com\/fr\/wp-json\/wp\/v2\/media?parent=622844"}],"wp:term":[{"taxonomy":"category","embeddable":true,"href":"https:\/\/www.europesays.com\/fr\/wp-json\/wp\/v2\/categories?post=622844"},{"taxonomy":"post_tag","embeddable":true,"href":"https:\/\/www.europesays.com\/fr\/wp-json\/wp\/v2\/tags?post=622844"}],"curies":[{"name":"wp","href":"https:\/\/api.w.org\/{rel}","templated":true}]}}