{"id":622863,"date":"2025-12-26T07:19:17","date_gmt":"2025-12-26T07:19:17","guid":{"rendered":"https:\/\/www.europesays.com\/fr\/622863\/"},"modified":"2025-12-26T07:19:17","modified_gmt":"2025-12-26T07:19:17","slug":"lagenda-des-sorties-dans-la-loire-des-26-27-et-28-decembre-2025","status":"publish","type":"post","link":"https:\/\/www.europesays.com\/fr\/622863\/","title":{"rendered":"L\u2019Agenda des sorties dans la Loire des 26, 27 et 28 d\u00e9cembre 2025"},"content":{"rendered":"<p>                <a href=\"https:\/\/www.saint-etienne.fr\/agenda\/visite-guidee-en-petit-train\" target=\"_blank\" aria-label=\"petit train de noel\" rel=\"noopener\"><img loading=\"lazy\" decoding=\"async\" src=\"https:\/\/www.europesays.com\/fr\/wp-content\/uploads\/2025\/11\/petit-train-de-noel.jpeg\" alt=\"\"   width=\"2560\" height=\"738\"\/><\/a><br \/>\nChasse au tr\u00e9sor thermal \u00e0 Montrond<\/p>\n<p>L\u2019office de tourisme Rendez-vous en Forez organise tout le week-end une aventure ludique \u00e0 Montrond-les-Bains autour du myst\u00e8re de la source magique. Accessible d\u00e8s 6 ans, ce parcours-enqu\u00eate invite les participants \u00e0 collecter des indices diss\u00e9min\u00e9s dans la station thermale. L\u2019objectif : d\u00e9couvrir la combinaison secr\u00e8te qui ouvrira la malle aux r\u00e9compenses, promettant une activit\u00e9 familiale id\u00e9ale pour cl\u00f4turer l\u2019ann\u00e9e en beaut\u00e9. Plus d\u2019infos <a href=\"https:\/\/www.rendezvousenforez.com\/fete-et-manifestation\/jeu-de-piste-les-tresors-de-noel-montrond-les-bains\/\" target=\"_blank\" rel=\"noopener\" title=\"\">ICI<\/a>.<\/p>\n<p>Animation japonaise au M\u00e9li\u00e8s<\/p>\n<p>Le cin\u00e9ma Le M\u00e9li\u00e8s Saint-Fran\u00e7ois propose ce dimanche 28 d\u00e9cembre \u00e0 11h une s\u00e9ance matinale avec la projection de Tokyo Godfathers. Cette \u0153uvre d\u2019animation nippone nous plonge dans l\u2019univers de trois compagnons d\u2019infortune qui d\u00e9couvrent un nourrisson abandonn\u00e9 durant la nuit de No\u00ebl. Cette trouvaille s\u2019accompagne d\u2019une cl\u00e9 \u00e9nigmatique qui les entra\u00eenera dans une qu\u00eate urbaine touchante et pleine de rebondissements. Plus d\u2019infos <a href=\"https:\/\/www.lemelies.com\" target=\"_blank\" rel=\"noopener\" title=\"\">ICI<\/a>.<\/p>\n<p>Regards de globe-trotters aux Cimaises<\/p>\n<p>La salle des Cimaises du 15ter rue Henri-Gonnard accueille jusqu\u2019au 30 d\u00e9cembre les \u0153uvres photographiques de Niko Rodamel et J\u00e9r\u00e9mie Labb\u00e9. Ces deux artistes voyageurs proposent une immersion visuelle \u00e0 la crois\u00e9e du reportage urbain, du portrait intimiste et de la photographie documentaire. Leurs images saisissent l\u2019authenticit\u00e9 des rencontres et l\u2019atmosph\u00e8re des territoires explor\u00e9s. Les photographes assurent une permanence quotidienne entre 14h et 19h du 20 au 30 d\u00e9cembre pour \u00e9changer avec les visiteurs. Plus d\u2019infos <a href=\"https:\/\/www.saint-etienne-metropole.fr\/agenda\/saint-etienne\/exposition\/exposition-colorama\" target=\"_blank\" rel=\"noopener\" title=\"\">ICI<\/a>.<\/p>\n<p>L\u2019art du haricot chez Marie-Louise<\/p>\n<p>La galerie Marie-Louise Encadrement \u00e0 Saint-\u00c9tienne pr\u00e9sente jusqu\u2019au 20 janvier une exposition singuli\u00e8re intitul\u00e9e \u00ab\u00a0Deeper than the Sean\u2026 &amp; autres histoires de Beans\u00a0\u00bb. L\u2019artiste st\u00e9phanoise Clotilde JNT y d\u00e9voile 35 cr\u00e9ations puisant leur inspiration dans les formes organiques. Son travail explore les \u00e9chelles du vivant, naviguant entre l\u2019infiniment petit du monde microscopique et les dimensions cosmiques, avec le haricot comme fil conducteur po\u00e9tique. Plus d\u2019infos <a href=\"https:\/\/www.ateliermarielouise.com\" target=\"_blank\" rel=\"noopener\" title=\"\">ICI<\/a>.<\/p>\n<p>Atelier chocolat\u00e9 chez Weiss<\/p>\n<p>La manufacture Weiss ouvre ses portes les 26 et 27 d\u00e9cembre pour une exp\u00e9rience gourmande baptis\u00e9e \u00ab\u00a0Le Sapin enchant\u00e9 Weiss\u00a0\u00bb. Les participants pourront s\u2019initier aux secrets du chocolatier en r\u00e9alisant leur propre moulage, puis personnaliser leur cr\u00e9ation en forme de sapin avec de la friture de chocolat. Chaque apprenti chocolatier repartira avec sa r\u00e9alisation, parfaite pour prolonger la magie des f\u00eates. Plus d\u2019infos <a href=\"https:\/\/www.chocolat-weiss.fr\/fr\/content\/48-les-ateliers-weiss-une-boutique-de-chocolat-unique\" target=\"_blank\" rel=\"noopener\" title=\"\">ICI<\/a>.<\/p>\n","protected":false},"excerpt":{"rendered":"Chasse au tr\u00e9sor thermal \u00e0 Montrond L\u2019office de tourisme Rendez-vous en Forez organise tout le week-end une aventure&hellip;\n","protected":false},"author":2,"featured_media":561279,"comment_status":"","ping_status":"","sticky":false,"template":"","format":"standard","meta":{"footnotes":""},"categories":[9653],"tags":[328,1111,11,4763,2430,1777,674,1011,27,3367,7357,12,25,9838,9669,4001],"class_list":{"0":"post-622863","1":"post","2":"type-post","3":"status-publish","4":"format-standard","5":"has-post-thumbnail","7":"category-saint-etienne","8":"tag-a-la-une","9":"tag-actu","10":"tag-actualites","11":"tag-agenda","12":"tag-auvergne-rhone-alpes","13":"tag-eu","14":"tag-europe","15":"tag-fr","16":"tag-france","17":"tag-loire","18":"tag-montbrison","19":"tag-news","20":"tag-republique-francaise","21":"tag-roanne","22":"tag-saint-chamond","23":"tag-saint-etienne"},"share_on_mastodon":{"url":"https:\/\/pubeurope.com\/@fr\/115784658030265261","error":""},"_links":{"self":[{"href":"https:\/\/www.europesays.com\/fr\/wp-json\/wp\/v2\/posts\/622863","targetHints":{"allow":["GET"]}}],"collection":[{"href":"https:\/\/www.europesays.com\/fr\/wp-json\/wp\/v2\/posts"}],"about":[{"href":"https:\/\/www.europesays.com\/fr\/wp-json\/wp\/v2\/types\/post"}],"author":[{"embeddable":true,"href":"https:\/\/www.europesays.com\/fr\/wp-json\/wp\/v2\/users\/2"}],"replies":[{"embeddable":true,"href":"https:\/\/www.europesays.com\/fr\/wp-json\/wp\/v2\/comments?post=622863"}],"version-history":[{"count":0,"href":"https:\/\/www.europesays.com\/fr\/wp-json\/wp\/v2\/posts\/622863\/revisions"}],"wp:featuredmedia":[{"embeddable":true,"href":"https:\/\/www.europesays.com\/fr\/wp-json\/wp\/v2\/media\/561279"}],"wp:attachment":[{"href":"https:\/\/www.europesays.com\/fr\/wp-json\/wp\/v2\/media?parent=622863"}],"wp:term":[{"taxonomy":"category","embeddable":true,"href":"https:\/\/www.europesays.com\/fr\/wp-json\/wp\/v2\/categories?post=622863"},{"taxonomy":"post_tag","embeddable":true,"href":"https:\/\/www.europesays.com\/fr\/wp-json\/wp\/v2\/tags?post=622863"}],"curies":[{"name":"wp","href":"https:\/\/api.w.org\/{rel}","templated":true}]}}