{"id":622868,"date":"2025-12-26T07:26:11","date_gmt":"2025-12-26T07:26:11","guid":{"rendered":"https:\/\/www.europesays.com\/fr\/622868\/"},"modified":"2025-12-26T07:26:11","modified_gmt":"2025-12-26T07:26:11","slug":"je-reste-convaincu-que-le-concept-est-bon-la-menuiserie-collaborative-ferme-ses-portes-a-montpellier-apres-huit-ans-dexistence","status":"publish","type":"post","link":"https:\/\/www.europesays.com\/fr\/622868\/","title":{"rendered":"\u00ab\u00a0Je reste convaincu que le concept est bon\u00a0\u00bb\u00a0: la Menuiserie Collaborative ferme ses portes \u00e0 Montpellier, apr\u00e8s huit ans d\u2019existence"},"content":{"rendered":"<p>\n                                                                Mi-janvier, la Menuiserie Collaborative fermera d\u00e9finitivement son vaste atelier de 1\u00a0000 m\u00b2 du quartier Tournezy, \u00e0 Montpellier. Cr\u00e9\u00e9 en 2017 par Olivia Liesse et Yoann Lapeyronie, ce tiers-lieu d\u00e9di\u00e9 au bois et \u00e0 l\u2019artisanat partag\u00e9 n\u2019a pas trouv\u00e9 son \u00e9quilibre \u00e9conomique.\n                            <\/p>\n<p>Mi-janvier, le bruit des machines cessera dans le vaste hangar de la Menuiserie Collaborative. Quelque 1\u00a0000 m\u00b2 principalement d\u00e9di\u00e9s au travail du bois, mais aussi du fer, de la tapisserie d\u2019ameublement\u00a0ou de la c\u00e9ramique, ouverts en novembre\u00a02017 dans le quartier Tournezy par Olivia Liesse et Yoann Lapeyronie. Leur id\u00e9e\u00a0: proposer un lieu mutualis\u00e9 et \u00e9quip\u00e9 \u00e0 des particuliers et des professionnels sans locaux. \u00ab\u00a0Je reste convaincu que le concept \u00e9tait bon. Il est toujours bon, mais nous n\u2019aurons pas r\u00e9ussi \u00e0 trouver une stabilit\u00e9 \u00e9conomique\u00a0\u00bb, d\u00e9taille le cofondateur.<\/p>\n<p>Plus de 2000 artisans amateurs et professionnels<\/p>\n<p>Plomb\u00e9e par des difficult\u00e9s financi\u00e8res, plac\u00e9e en redressement judiciaire d\u00e8s sa premi\u00e8re ann\u00e9e et sous surveillance depuis, la Menuiserie Collaborative a ferm\u00e9 ses portes aux particuliers le 23\u00a0d\u00e9cembre. Ils auront \u00e9t\u00e9 plus de 1\u00a0200\u00a0\u00e0 venir travailler le bois pour leur plaisir ou pour se former, au sein de la structure. Les professionnels, eux, continueront d\u2019occuper les lieux jusqu\u2019\u00e0 la mi-janvier, en fonction du calendrier judiciaire.<\/p>\n<p>\u00ab\u00a0Plus de 2\u00a0000 personnes sont pass\u00e9es par l\u2019atelier en huit ans d\u2019existence. \u00c7a a \u00e9t\u00e9 une belle aventure humaine\u00a0\u00bb, explique Yoann Lapeyronie. \u00c9b\u00e9niste de formation, menuisier pendant dix ans dans diff\u00e9rents ateliers, il avait m\u00fbri le projet au fil de ses exp\u00e9riences professionnelles. \u00ab\u00a0Quand vous d\u00e9marrez votre activit\u00e9, investir dans un atelier et des machines, c\u2019est compliqu\u00e9. Ici, nous avions cr\u00e9\u00e9 un v\u00e9ritable \u00e9cosyst\u00e8me pour mutualiser, mais aussi s\u2019entraider, se conseiller\u2026\u00a0\u00bb<\/p>\n<p>Une soci\u00e9t\u00e9 coop\u00e9rative d\u2019int\u00e9r\u00eat collectif<\/p>\n<p>Pour stabiliser son mod\u00e8le \u00e9conomique, la Menuiserie Collaborative avait int\u00e9gr\u00e9 au fil des ann\u00e9es une branche formation qui aura profit\u00e9 \u00e0 plus de 200 personnes, ouvert son plateau technique \u00e0 des CFA et produit ses propres meubles. Elle aura compt\u00e9 jusqu\u2019\u00e0 sept salari\u00e9s et 135 investisseurs au sein de sa soci\u00e9t\u00e9 coop\u00e9rative d\u2019int\u00e9r\u00eat collectif.<\/p>\n<p>\u00ab\u00a0C\u2019\u00e9tait un mod\u00e8le assez unique en France, notamment pour la qualit\u00e9 et le nombre de nos appareils, et le fait que nous soyons ouverts autant aux professionnels qu\u2019aux particuliers\u00a0\u00bb, d\u00e9taille Yoann en faisant le tour des zones de travail et des machines. Ces derni\u00e8res repr\u00e9sentent un investissement de plus de 100\u00a0000\u00a0euros. \u00ab\u00a0Une somme impossible \u00e0 sortir pour la plupart des artisans.\u00a0\u00bb<\/p>\n<p>\u00ab\u00a0Un melting-pot de savoir-faire\u00a0\u00bb<\/p>\n<p>Mais la hausse continue des charges et du loyer, associ\u00e9e\u00a0\u00e0 l\u2019augmentation du co\u00fbt des mati\u00e8res premi\u00e8res, aura\u00a0eu raison de ce tiers-lieu. Apr\u00e8s deux ann\u00e9es d\u00e9ficitaires, le mandataire financier qui accompagne la menuiserie a siffl\u00e9 la fin de l\u2019aventure. L\u2019avenir\u00a0? \u00ab\u00a0Soit un repreneur se positionne pour reprendre les actifs et peut-\u00eatre les salari\u00e9s, et installer une activit\u00e9 de menuiserie, soit tout sera vendu aux ench\u00e8res pour payer les dettes.\u00a0\u00bb Mais\u00a0Yoann Lapeyronie ne regrette rien. \u00ab\u00a0On a beaucoup appris, on a grandi et vu grandir beaucoup de monde dans cet atelier qui \u00e9tait devenu un melting-pot de savoir-faire.\u00a0\u00bb<\/p>\n<p>    \u00ab\u00a0Conseils\u00a0\u00bb, \u00ab\u00a0d\u00e9pannage\u00a0\u00bb et \u00ab\u00a0coups de main\u00a0\u00bb entre artisans<\/p>\n<p>Dans l\u2019atelier de la rue Georges Auric, la quinzaine de professionnels adh\u00e9rents de la Menuiserie Collaborative continue\u00a0de profiter jusqu\u2019au bout de l\u2019espace de travail. Et s\u2019interroge\u00a0sur la suite. \u00ab\u00a0Je viens ici depuis sept ans. J\u2019ai d\u00e9couvert l\u2019endroit apr\u00e8s avoir d\u00fb quitter l\u2019atelier que j\u2019occupais et qui a \u00e9t\u00e9 vendu, explique \u00c9ric. J\u2019ai un temps travaill\u00e9 chez moi, mais ce n\u2019\u00e9tait pas viable. Reprendre un local alors que je n\u2019ai pas besoin de l\u2019occuper en continu, ce n\u2019\u00e9tait pas non plus une solution. Ici, j\u2019ai trouv\u00e9 de la flexibilit\u00e9 et des machines outils de tr\u00e8s haute qualit\u00e9, qu\u2019aucun ind\u00e9pendant ne peut s\u2019offrir.\u00a0\u00bb<\/p>\n<p>L\u2019artisan fait partie d\u2019un petit collectif qui va tenter de poursuivre l\u2019aventure de la mutualisation, sous une forme tr\u00e8s r\u00e9duite. \u00ab\u00a0On cherche un local \u00e0 partager. Car au-del\u00e0 de l\u2019avantage financier, on a aussi d\u00e9couvert une mani\u00e8re de travailler en r\u00e9seau. On se d\u00e9panne sur des chantiers, on se donne des conseils sur les produits. Et de mani\u00e8re encore plus pragmatique, on se file un coup de main quand les meubles sont trop lourds\u00a0!\u00a0\u00bb\u00a0Preuve que si l\u2019aventure s\u2019arr\u00eate, l\u2019id\u00e9e de la Menuiserie Collaborative va se poursuivre\u2026<\/p>\n","protected":false},"excerpt":{"rendered":"Mi-janvier, la Menuiserie Collaborative fermera d\u00e9finitivement son vaste atelier de 1\u00a0000 m\u00b2 du quartier Tournezy, \u00e0 Montpellier. Cr\u00e9\u00e9&hellip;\n","protected":false},"author":2,"featured_media":622869,"comment_status":"","ping_status":"","sticky":false,"template":"","format":"standard","meta":{"footnotes":""},"categories":[9599],"tags":[1111,11,1477,33,1777,674,1011,27,7089,2208,12,2680,25],"class_list":{"0":"post-622868","1":"post","2":"type-post","3":"status-publish","4":"format-standard","5":"has-post-thumbnail","7":"category-montpellier","8":"tag-actu","9":"tag-actualites","10":"tag-artisanat","11":"tag-economie","12":"tag-eu","13":"tag-europe","14":"tag-fr","15":"tag-france","16":"tag-herault","17":"tag-montpellier","18":"tag-news","19":"tag-occitanie","20":"tag-republique-francaise"},"share_on_mastodon":{"url":"https:\/\/pubeurope.com\/@fr\/115784684983977533","error":""},"_links":{"self":[{"href":"https:\/\/www.europesays.com\/fr\/wp-json\/wp\/v2\/posts\/622868","targetHints":{"allow":["GET"]}}],"collection":[{"href":"https:\/\/www.europesays.com\/fr\/wp-json\/wp\/v2\/posts"}],"about":[{"href":"https:\/\/www.europesays.com\/fr\/wp-json\/wp\/v2\/types\/post"}],"author":[{"embeddable":true,"href":"https:\/\/www.europesays.com\/fr\/wp-json\/wp\/v2\/users\/2"}],"replies":[{"embeddable":true,"href":"https:\/\/www.europesays.com\/fr\/wp-json\/wp\/v2\/comments?post=622868"}],"version-history":[{"count":0,"href":"https:\/\/www.europesays.com\/fr\/wp-json\/wp\/v2\/posts\/622868\/revisions"}],"wp:featuredmedia":[{"embeddable":true,"href":"https:\/\/www.europesays.com\/fr\/wp-json\/wp\/v2\/media\/622869"}],"wp:attachment":[{"href":"https:\/\/www.europesays.com\/fr\/wp-json\/wp\/v2\/media?parent=622868"}],"wp:term":[{"taxonomy":"category","embeddable":true,"href":"https:\/\/www.europesays.com\/fr\/wp-json\/wp\/v2\/categories?post=622868"},{"taxonomy":"post_tag","embeddable":true,"href":"https:\/\/www.europesays.com\/fr\/wp-json\/wp\/v2\/tags?post=622868"}],"curies":[{"name":"wp","href":"https:\/\/api.w.org\/{rel}","templated":true}]}}