{"id":622872,"date":"2025-12-26T07:28:11","date_gmt":"2025-12-26T07:28:11","guid":{"rendered":"https:\/\/www.europesays.com\/fr\/622872\/"},"modified":"2025-12-26T07:28:11","modified_gmt":"2025-12-26T07:28:11","slug":"rouen-le-fait-social-fete-son-label-club-culture-premier-de-normandie-avec-des-concerts-jusquau-nouvel-an","status":"publish","type":"post","link":"https:\/\/www.europesays.com\/fr\/622872\/","title":{"rendered":"Rouen\u00a0: le Fait social f\u00eate son label \u00ab\u00a0Club culture\u00a0\u00bb, premier de Normandie, avec des concerts jusqu\u2019au Nouvel an"},"content":{"rendered":"<p class=\"paragraph text_align_left lp-f-body-02\">N\u00e9 de l\u2019envie d\u2019une poign\u00e9e d\u2019habitants sur les bases de la Friche Lucien, ouverte en 2016, et sur un terrain (appartenant \u00e0 la SNCF) de la rive gauche de Rouen (Seine-Maritime), le Quartier libre est devenu un lieu de vie et d\u2019animations ouvert quasiment toute l\u2019ann\u00e9e. Port\u00e9 aujourd\u2019hui par la coop\u00e9rative Atelier Lucien, le projet se d\u00e9cline sur plusieurs \u00e9tablissements avec notamment un \u00ab bouillon \u00bb et une salle de concert baptis\u00e9e <a href=\"https:\/\/www.lequartierlibre.org\/lefaitsocial\" target=\"_blank\" rel=\"noreferrer noopener\">le Fait social<\/a>. Celle-ci vient de se voir attribuer <a href=\"https:\/\/www.culture.gouv.fr\/thematiques\/musique\/spectacle-vivant-musical\/musiques-actuelles\/club-culture-lieu-d-expression-artistique-et-de-fete\" target=\"_blank\" rel=\"noreferrer noopener\">le label \u00ab Club culture \u00bb<\/a>, le premier du genre en Normandie, par le minist\u00e8re de la Culture.<\/p>\n<p class=\"\">Ouvert depuis trois ans, le Fait social accueille un peu plus d\u2019une centaine d\u2019\u00e9v\u00e9nements chaque ann\u00e9e, dont pr\u00e8s de la moiti\u00e9 sont gratuits, pour environ 13 000 entr\u00e9es. Il accueillera par ailleurs cette ann\u00e9e son premier r\u00e9veillon du Nouvel an autour d\u2019animations au sein du Quartier libre qui d\u00e9buteront d\u00e8s ce vendredi 26 d\u00e9cembre, avec deux concerts et une soir\u00e9e raclette. L\u2019attraction du lieu n\u2019est plus \u00e0 prouver : ces animations affichent complet depuis plusieurs semaines.<\/p>\n<p class=\"\">Ce label, \u00ab c\u2019est une forme de reconnaissance pour notre travail \u00bb , assure Claire Bruhan, l\u2019une des responsables de la programmation d\u2019une salle alternative accueillant des rendez-vous \u00e9clectiques, o\u00f9 les DJ et les acteurs de la sc\u00e8ne \u00e9lectronique ont une place privil\u00e9gi\u00e9e. Imagin\u00e9 pour distinguer <a href=\"https:\/\/www.leparisien.fr\/societe\/autour-de-moi-personne-ne-sort-en-boite-quand-la-fete-cherche-a-se-reinventer-09-08-2025-53J74LX5ERABLH2X6RXYYW7DHQ.php\" target=\"_blank\" rel=\"noreferrer noopener\">les discoth\u00e8ques et autres bo\u00eetes de nuit<\/a>, le label veut mettre en avant \u00ab les lieux d\u2019expression artistique et de f\u00eate \u00bb.<\/p>\n<p>Plus d\u2019ambitions pour la programmation<\/p>\n<p class=\"\">\u00ab Pour nous, qui veillons \u00e0 \u00eatre inclusifs, \u00e0 donner une large place \u00e0 la sc\u00e8ne locale et \u00e0 toutes les pratiques culturelles, tout en respectant la parit\u00e9, ce label a du sens \u00bb, continue Claire Bruhan. M\u00eame s\u2019il ne rapportera aucune subvention, pointeront les esprits chagrins\u2026<\/p>\n<p class=\"\">\u00ab C\u2019est un gage de s\u00e9rieux qui peut avoir son importance vis-\u00e0-vis des collectivit\u00e9s et des services de l\u2019\u00c9tat \u00bb, esp\u00e8re pour sa part Antoine Finot, l\u2019un des cofondateurs du Quartier libre. Il esp\u00e8re que le label l\u2019aidera \u00e0 d\u00e9crocher en 2026 une autorisation d\u2019ouverture permanente du Fait social jusqu\u2019\u00e0 4 heures du matin, apr\u00e8s avoir obtenu une dizaine d\u2019autorisations exceptionnelles ces deux derni\u00e8res ann\u00e9es. Un dossier vient d\u2019\u00eatre d\u00e9pos\u00e9 en ce sens \u00e0 la pr\u00e9fecture.<\/p>\n<p class=\"\">\u00ab \u00c0 chaque fois, \u00e7a s\u2019est bien pass\u00e9, notamment aupr\u00e8s du voisinage \u00bb, souligne le cofondateur. \u00ab Et nous n\u2019avons pas pr\u00e9vu d\u2019en profiter \u00e0 chaque soir\u00e9e, mais seulement quand \u00e7a a du sens, pour nous donner les moyens d\u2019avoir une programmation plus ambitieuse. \u00bb<\/p>\n<p class=\"\">Reste \u00e0 savoir jusqu\u2019\u00e0 quand, puisque l\u2019occupation temporaire du site, o\u00f9 devrait s\u2019\u00e9lever (un jour ?) la future gare de Rouen, est pr\u00e9vue jusqu\u2019en 2031.<\/p>\n","protected":false},"excerpt":{"rendered":"N\u00e9 de l\u2019envie d\u2019une poign\u00e9e d\u2019habitants sur les bases de la Friche Lucien, ouverte en 2016, et sur&hellip;\n","protected":false},"author":2,"featured_media":622873,"comment_status":"","ping_status":"","sticky":false,"template":"","format":"standard","meta":{"footnotes":""},"categories":[9587],"tags":[1111,11,872,459,1777,674,1011,27,12,5161,25,9590,11074],"class_list":{"0":"post-622872","1":"post","2":"type-post","3":"status-publish","4":"format-standard","5":"has-post-thumbnail","7":"category-rouen","8":"tag-actu","9":"tag-actualites","10":"tag-culture-et-loisirs","11":"tag-departements-horsidfo","12":"tag-eu","13":"tag-europe","14":"tag-fr","15":"tag-france","16":"tag-news","17":"tag-normandie","18":"tag-republique-francaise","19":"tag-rouen","20":"tag-seine-maritime-76"},"share_on_mastodon":{"url":"https:\/\/pubeurope.com\/@fr\/115784692931686470","error":""},"_links":{"self":[{"href":"https:\/\/www.europesays.com\/fr\/wp-json\/wp\/v2\/posts\/622872","targetHints":{"allow":["GET"]}}],"collection":[{"href":"https:\/\/www.europesays.com\/fr\/wp-json\/wp\/v2\/posts"}],"about":[{"href":"https:\/\/www.europesays.com\/fr\/wp-json\/wp\/v2\/types\/post"}],"author":[{"embeddable":true,"href":"https:\/\/www.europesays.com\/fr\/wp-json\/wp\/v2\/users\/2"}],"replies":[{"embeddable":true,"href":"https:\/\/www.europesays.com\/fr\/wp-json\/wp\/v2\/comments?post=622872"}],"version-history":[{"count":0,"href":"https:\/\/www.europesays.com\/fr\/wp-json\/wp\/v2\/posts\/622872\/revisions"}],"wp:featuredmedia":[{"embeddable":true,"href":"https:\/\/www.europesays.com\/fr\/wp-json\/wp\/v2\/media\/622873"}],"wp:attachment":[{"href":"https:\/\/www.europesays.com\/fr\/wp-json\/wp\/v2\/media?parent=622872"}],"wp:term":[{"taxonomy":"category","embeddable":true,"href":"https:\/\/www.europesays.com\/fr\/wp-json\/wp\/v2\/categories?post=622872"},{"taxonomy":"post_tag","embeddable":true,"href":"https:\/\/www.europesays.com\/fr\/wp-json\/wp\/v2\/tags?post=622872"}],"curies":[{"name":"wp","href":"https:\/\/api.w.org\/{rel}","templated":true}]}}