{"id":622874,"date":"2025-12-26T07:29:19","date_gmt":"2025-12-26T07:29:19","guid":{"rendered":"https:\/\/www.europesays.com\/fr\/622874\/"},"modified":"2025-12-26T07:29:19","modified_gmt":"2025-12-26T07:29:19","slug":"des-gens-pleurent-tous-les-jours","status":"publish","type":"post","link":"https:\/\/www.europesays.com\/fr\/622874\/","title":{"rendered":"\u00ab Des gens pleurent tous les jours \u00bb"},"content":{"rendered":"<p>                    Par<br \/>\n        <strong><br \/>\n            <a href=\"https:\/\/actu.fr\/auteur\/yann-rivallan\" title=\"Consulter tous les articles de Yann Rivallan\" target=\"_blank\" rel=\"noopener\">Yann Rivallan<\/a><br \/>\n                    <\/strong><\/p>\n<p>        Publi\u00e9 le<\/p>\n<p>            26 d\u00e9c. 2025 \u00e0 7h16        <\/p>\n<p>C\u2019est un sursis pour l\u2019entreprise. Mais pas encore <a href=\"https:\/\/actu.fr\/normandie\/rouen_76540\/problemes-sanitaires-retards-de-salaires-chez-yvonne-a-rouen-un-envers-du-decor-peu-reluisant_62854503.html\" target=\"_blank\" rel=\"noopener\">la fin des difficult\u00e9s<\/a>. Les <strong>boulangeries-p\u00e2tisseries Yvonne<\/strong>, fond\u00e9es \u00e0 Rouen, continuent d\u2019accuser une importante dette de plus de 4\u00a0millions d\u2019euros. La soci\u00e9t\u00e9 est d\u2019ailleurs toujours <strong>en redressement judiciaire<\/strong> pour de nombreux impay\u00e9s. Et chez des salari\u00e9s interrog\u00e9s par 76actu, c\u2019est \u00ab\u2009le grand flou\u2009\u00bb, malgr\u00e9 les messages rassurants des dirigeants ces derni\u00e8res semaines. \u00ab\u2009Des gens pleurent tous les jours\u2009\u00bb, assure une salari\u00e9e.<\/p>\n<p>Des salari\u00e9s dans le flou<\/p>\n<p class=\" wall-content\">Depuis le dernier passage devant le tribunal de commerce de Rouen, mardi 25\u00a0novembre 2025, la direction de l\u2019entreprise s\u2019active en interne. R\u00e9organisation, mont\u00e9e au capital d\u2019un nouvel actionnaire et \u00ab\u2009efforts\u2009\u00bb de travail sont \u00e0 l\u2019ordre du jour.<\/p>\n<p class=\" wall-content\">Selon une salari\u00e9e, \u00ab\u2009la direction nous a bien fait comprendre que c\u2019\u00e9tait la derni\u00e8re chance. Ils nous demandent <strong>toujours plus d\u2019efforts\u2009<\/strong>\u00bb. En cette p\u00e9riode de f\u00eates, tout le monde met les bouch\u00e9es doubles pour remettre l\u2019entreprise dans le vert. Mais certains ont le sentiment de donner un coup d\u2019\u00e9p\u00e9e dans l\u2019eau\u2009: \u00ab\u2009On fait d\u00e9j\u00e0 des efforts depuis plusieurs mois et \u00e7a ne change rien\u2009\u00bb.<\/p>\n<p>Un nouvel actionnaire monte au capital<\/p>\n<p class=\" wall-content\">Toutefois, l\u2019enseigne de boulangerie et p\u00e2tisserie vient peut-\u00eatre de trouver son salut. \u00c0 la fin du mois de septembre\u00a02024, une entreprise parisienne a fait discr\u00e8tement son <strong>entr\u00e9e au capital<\/strong> d\u2019Yvonne. Elle s\u2019appelle Compagnie Marco Polo. Sp\u00e9cialis\u00e9e dans le conseil pour les affaires et les conseils de gestion, elle souhaite \u00ab\u2009participer \u00e0 une augmentation de capital et devenir actionnaire majoritaire\u2009\u00bb.<\/p>\n<p class=\" wall-content\">Son pr\u00e9sident est un certain Xavier Marie, fondateur des magasins Maison du Monde. Le 24\u00a0novembre 2025, cette holding a plac\u00e9 un nouveau dirigeant \u00e0 la t\u00eate d\u2019Yvonne. Exit Jean-Marc Coudray, le fondateur des p\u00e2tisseries dont <a href=\"https:\/\/actu.fr\/normandie\/rouen_76540\/une-honte-des-salaries-s-indignent-de-la-remuneration-du-patron-des-boulangeries-yvonne-a-rouen_62756563.html\" target=\"_blank\" rel=\"noopener\">la r\u00e9mun\u00e9ration avait fait d\u00e9bat<\/a>. Place d\u00e9sormais \u00e0 Fr\u00e9d\u00e9ric Pasquet. Ce salari\u00e9 de Compagnie Marco Polo est devenu le nouveau g\u00e9rant, comme nous l\u2019apprend le jugement du 25\u00a0novembre de la SARL Yvonne.<\/p>\n<p>Une dette cons\u00e9quente \u00e0 combler<\/p>\n<p class=\" wall-content\">Et il aura fort \u00e0 faire. Car la dette totale d\u2019Yvonne s\u2019\u00e9l\u00e8ve pr\u00e9cis\u00e9ment \u00e0 <strong>4\u2009281\u2009790\u00a0euros<\/strong>, selon les derniers \u00e9l\u00e9ments du tribunal de commerce de Rouen. Une dette consid\u00e9rable li\u00e9e, entre autres, \u00e0 des charges sociales et fiscales non r\u00e9gl\u00e9es, des retards de loyers et un manque de suivi comptable.<\/p>\n<p class=\" wall-content\">Des difficult\u00e9s imput\u00e9es aux dirigeants de l\u2019entreprise par plusieurs salari\u00e9s que nous avions pu interroger. Toujours est-il que, selon le tribunal de commerce, \u00ab\u2009une restructuration importante\u2009\u00bb appara\u00eet indispensable. Mais l\u2019instance juridictionnelle a autoris\u00e9 l\u2019entreprise \u00e0 poursuivre son activit\u00e9 pour <strong>une dur\u00e9e de six mois<\/strong>.<\/p>\n<p>Votre r\u00e9gion, votre actu !<\/p>\n<p>Recevez chaque jour les infos qui comptent pour vous.<\/p>\n<p>\t<a href=\"https:\/\/actu.fr\/newsletter\" class=\"ac-btn ac-btn--corner ac-btn--medium ac-btn--blue800\" target=\"_blank\" rel=\"noopener\">S&rsquo;incrire<\/a><\/p>\n<blockquote class=\"ac-article-quote wall-content\">\n<p>Un pr\u00e9visionnel de tr\u00e9sorerie sur l\u2019ann\u00e9e 2026 a \u00e9t\u00e9 \u00e9tabli et d\u00e9montre qu\u2019aucune impasse de tr\u00e9sorerie n\u2019est \u00e0 craindre.<\/p>\n<p>    <strong>Le tribunal de commerce<\/strong><br \/>\n        Dans son jugement du 25 novembre 2025    <\/p><\/blockquote>\n<p class=\" wall-content\">Lors de l\u2019audience du 25\u00a0novembre, les repr\u00e9sentants d\u2019Yvonne ont propos\u00e9 un plan de redressement pour remettre l\u2019entreprise dans le vert. Et tout \u00e7a commence par la <strong>fermeture de deux boutiques<\/strong> en Seine-Maritime.<\/p>\n<p class=\" wall-content\">Le kiosque Yvonne du centre commercial de Tourville-la-Rivi\u00e8re a d\u2019abord ferm\u00e9 ses portes dans le courant de l\u2019\u00e9t\u00e9 2025. Et depuis peu, <a href=\"https:\/\/actu.fr\/normandie\/rouen_76540\/la-boulangerie-patisserie-yvonne-lance-un-nouveau-concept-dans-le-centre-ville-de-rouen_62224843.html\" target=\"_blank\" rel=\"noopener\">le Self dans la rue Ganterie<\/a> \u00e0 Rouen, nouveau concept lanc\u00e9 il y a moins d\u2019un an par Pac\u00f4me Coudray, fils de l\u2019ancien dirigeant, a ferm\u00e9 \u00e0 son tour.<\/p>\n<p>D\u2019autres fermetures \u00e0 craindre\u2009?<\/p>\n<p class=\" wall-content\">En interne, le flou persiste. \u00ab\u2009Nous n\u2019avons aucune information\u2009\u00bb, confie une salari\u00e9e. Le nom du nouveau dirigeant\u2009? Ils l\u2019ont <strong>appris dans la presse<\/strong> et dans le jugement du tribunal de commerce.<\/p>\n<p class=\" wall-content\">Et l\u2019inqui\u00e9tude monte avec cette r\u00e9organisation\u2009: \u00ab\u2009Le bruit court qu\u2019il [Fr\u00e9d\u00e9ric Pasquet, NDLR] serait l\u00e0 pour faire le m\u00e9nage\u2009\u00bb, ass\u00e8ne notre source. D\u2019autres fermetures sont-elles \u00e0 craindre\u2009? Il faudra patienter pour le savoir.<\/p>\n<p class=\" wall-content\">Sollicit\u00e9s, Jean-Marc Coudray et les repr\u00e9sentants de Compagnie Marco Polo n\u2019ont pas r\u00e9pondu \u00e0 nos questions sur l\u2019avenir du groupe.<\/p>\n<p>Suivez l\u2019actualit\u00e9 de Rouen sur <a href=\"https:\/\/www.whatsapp.com\/channel\/0029VaKfnf99hXF2ddApFB1D\" target=\"_blank\" rel=\"noopener\">notre cha\u00eene WhatsApp<\/a> et sur <a href=\"https:\/\/www.tiktok.com\/@76actu.fr?lang=fr\" target=\"_blank\" rel=\"noopener\">notre compte TikTok<\/a><\/p>\n<p class=\" wall-content\">Personnalisez votre actualit\u00e9 en ajoutant vos villes et m\u00e9dias en favori avec <a href=\"https:\/\/moncompte.actu.fr\" title=\"D\u00e9couvez Mon Actu\" rel=\"nofollow noopener\" data-trk=\"{&quot;cta&quot;:{&quot;action&quot;:&quot;https:\\\/\\\/moncompte.actu.fr&quot;,&quot;category&quot;:&quot;mon compte&quot;,&quot;from&quot;:&quot;article footer&quot;,&quot;name&quot;:&quot;Mon actu&quot;,&quot;type&quot;:&quot;cta&quot;}}\" target=\"_blank\">Mon Actu<\/a>.<\/p>\n<p>                    <script async src=\"\/\/www.tiktok.com\/embed.js\"><\/script><\/p>\n","protected":false},"excerpt":{"rendered":"Par Yann Rivallan Publi\u00e9 le 26 d\u00e9c. 2025 \u00e0 7h16 C\u2019est un sursis pour l\u2019entreprise. Mais pas encore&hellip;\n","protected":false},"author":2,"featured_media":622875,"comment_status":"","ping_status":"","sticky":false,"template":"","format":"standard","meta":{"footnotes":""},"categories":[9587],"tags":[1111,11,215,33,1777,674,1011,27,12,5161,25,9590,13682],"class_list":{"0":"post-622874","1":"post","2":"type-post","3":"status-publish","4":"format-standard","5":"has-post-thumbnail","7":"category-rouen","8":"tag-actu","9":"tag-actualites","10":"tag-commerce","11":"tag-economie","12":"tag-eu","13":"tag-europe","14":"tag-fr","15":"tag-france","16":"tag-news","17":"tag-normandie","18":"tag-republique-francaise","19":"tag-rouen","20":"tag-tribunal-de-rouen"},"share_on_mastodon":{"url":"https:\/\/pubeurope.com\/@fr\/115784696761402329","error":""},"_links":{"self":[{"href":"https:\/\/www.europesays.com\/fr\/wp-json\/wp\/v2\/posts\/622874","targetHints":{"allow":["GET"]}}],"collection":[{"href":"https:\/\/www.europesays.com\/fr\/wp-json\/wp\/v2\/posts"}],"about":[{"href":"https:\/\/www.europesays.com\/fr\/wp-json\/wp\/v2\/types\/post"}],"author":[{"embeddable":true,"href":"https:\/\/www.europesays.com\/fr\/wp-json\/wp\/v2\/users\/2"}],"replies":[{"embeddable":true,"href":"https:\/\/www.europesays.com\/fr\/wp-json\/wp\/v2\/comments?post=622874"}],"version-history":[{"count":0,"href":"https:\/\/www.europesays.com\/fr\/wp-json\/wp\/v2\/posts\/622874\/revisions"}],"wp:featuredmedia":[{"embeddable":true,"href":"https:\/\/www.europesays.com\/fr\/wp-json\/wp\/v2\/media\/622875"}],"wp:attachment":[{"href":"https:\/\/www.europesays.com\/fr\/wp-json\/wp\/v2\/media?parent=622874"}],"wp:term":[{"taxonomy":"category","embeddable":true,"href":"https:\/\/www.europesays.com\/fr\/wp-json\/wp\/v2\/categories?post=622874"},{"taxonomy":"post_tag","embeddable":true,"href":"https:\/\/www.europesays.com\/fr\/wp-json\/wp\/v2\/tags?post=622874"}],"curies":[{"name":"wp","href":"https:\/\/api.w.org\/{rel}","templated":true}]}}