{"id":622878,"date":"2025-12-26T07:33:04","date_gmt":"2025-12-26T07:33:04","guid":{"rendered":"https:\/\/www.europesays.com\/fr\/622878\/"},"modified":"2025-12-26T07:33:04","modified_gmt":"2025-12-26T07:33:04","slug":"grenoble-pique-la-2e-place-a-angers-trois-semaines-apres-la-bagarre-generale-2","status":"publish","type":"post","link":"https:\/\/www.europesays.com\/fr\/622878\/","title":{"rendered":"Grenoble pique la 2e place \u00e0 Angers, trois semaines apr\u00e8s la bagarre g\u00e9n\u00e9rale"},"content":{"rendered":"<p itemprop=\"description\"><strong>Ce mardi soir, les Br\u00fbleurs de Loups et les Ducs d&rsquo;Angers se retrouvaient \u00e0 Polesud.<\/strong><\/p>\n<p>Trois semaines apr\u00e8s la bagarre g\u00e9n\u00e9rale du 30 novembre qui avait conduit aux suspensions de Pierre Crinon pour 7 matchs et Valentin Grosset\u00eate pour 4 rencontres, le choc a tourn\u00e9 \u00e0 l&rsquo;avantage de Grenoble.<\/p>\n<p>Pour son dernier match de l&rsquo;ann\u00e9e \u00e0 domicile, l&rsquo;\u00e9quipe is\u00e9roise s&rsquo;est montr\u00e9e s\u00e9rieuse et appliqu\u00e9e. Avec au bout, la victoire (3-1) qui permet de ravir la 2e place du classement de Ligue Magnus aux Angevins. Les buts grenoblois sont sign\u00e9s Christophe Boivin (x2) et Nicolas Deschamps.<\/p>\n<p>De son c\u00f4t\u00e9, le leader Rouen compte toujours trois points d&rsquo;avance sur les Br\u00fbleurs de Loups. Ces derniers ont un ultime rendez-vous pr\u00e9vu en 2025 : le 30 d\u00e9cembre \u00e0 la patinoire de la Barre pour affronter Anglet.<\/p>\n","protected":false},"excerpt":{"rendered":"Ce mardi soir, les Br\u00fbleurs de Loups et les Ducs d&rsquo;Angers se retrouvaient \u00e0 Polesud. Trois semaines apr\u00e8s&hellip;\n","protected":false},"author":2,"featured_media":622350,"comment_status":"","ping_status":"","sticky":false,"template":"","format":"standard","meta":{"footnotes":""},"categories":[9566],"tags":[1111,11,2813,2430,1109,251,1112,2811,1777,674,118,1011,27,21780,2731,14004,1922,1110,1114,108,12,316,25,2812,517,800],"class_list":{"0":"post-622878","1":"post","2":"type-post","3":"status-publish","4":"format-standard","5":"has-post-thumbnail","7":"category-grenoble","8":"tag-actu","9":"tag-actualites","10":"tag-article","11":"tag-auvergne-rhone-alpes","12":"tag-breves","13":"tag-culture","14":"tag-depeches","15":"tag-economique","16":"tag-eu","17":"tag-europe","18":"tag-faits-divers","19":"tag-fr","20":"tag-france","21":"tag-gf38","22":"tag-grenoble","23":"tag-grenoblemag","24":"tag-info","25":"tag-informations","26":"tag-infos","27":"tag-isere","28":"tag-news","29":"tag-politique","30":"tag-republique-francaise","31":"tag-sociale","32":"tag-sport","33":"tag-transports"},"share_on_mastodon":{"url":"https:\/\/pubeurope.com\/@fr\/115784712517529501","error":""},"_links":{"self":[{"href":"https:\/\/www.europesays.com\/fr\/wp-json\/wp\/v2\/posts\/622878","targetHints":{"allow":["GET"]}}],"collection":[{"href":"https:\/\/www.europesays.com\/fr\/wp-json\/wp\/v2\/posts"}],"about":[{"href":"https:\/\/www.europesays.com\/fr\/wp-json\/wp\/v2\/types\/post"}],"author":[{"embeddable":true,"href":"https:\/\/www.europesays.com\/fr\/wp-json\/wp\/v2\/users\/2"}],"replies":[{"embeddable":true,"href":"https:\/\/www.europesays.com\/fr\/wp-json\/wp\/v2\/comments?post=622878"}],"version-history":[{"count":0,"href":"https:\/\/www.europesays.com\/fr\/wp-json\/wp\/v2\/posts\/622878\/revisions"}],"wp:featuredmedia":[{"embeddable":true,"href":"https:\/\/www.europesays.com\/fr\/wp-json\/wp\/v2\/media\/622350"}],"wp:attachment":[{"href":"https:\/\/www.europesays.com\/fr\/wp-json\/wp\/v2\/media?parent=622878"}],"wp:term":[{"taxonomy":"category","embeddable":true,"href":"https:\/\/www.europesays.com\/fr\/wp-json\/wp\/v2\/categories?post=622878"},{"taxonomy":"post_tag","embeddable":true,"href":"https:\/\/www.europesays.com\/fr\/wp-json\/wp\/v2\/tags?post=622878"}],"curies":[{"name":"wp","href":"https:\/\/api.w.org\/{rel}","templated":true}]}}