{"id":622879,"date":"2025-12-26T07:34:15","date_gmt":"2025-12-26T07:34:15","guid":{"rendered":"https:\/\/www.europesays.com\/fr\/622879\/"},"modified":"2025-12-26T07:34:15","modified_gmt":"2025-12-26T07:34:15","slug":"siege-de-samsic-bati-armor-et-for-immo-decrochent-la-pyramide-dor-2025","status":"publish","type":"post","link":"https:\/\/www.europesays.com\/fr\/622879\/","title":{"rendered":"si\u00e8ge de SAMSIC : BATI-ARMOR et FOR IMMO d\u00e9crochent la Pyramide d\u2019Or 2025\u00a0"},"content":{"rendered":"<p style=\"text-align: justify;\" data-start=\"197\" data-end=\"691\">Le promoteur breton BATI-ARMOR a remport\u00e9 la Pyramide d\u2019Or 2025, distinction nationale majeure de la F\u00e9d\u00e9ration des Promoteurs Immobiliers, pour la r\u00e9alisation du nouveau si\u00e8ge du groupe SAMSIC \u00e0 Rennes. D\u00e9j\u00e0 laur\u00e9at de la Pyramide d\u2019Argent Bretagne, le projet franchit ainsi une nouvelle \u00e9tape de reconnaissance, cette fois \u00e0 l\u2019\u00e9chelle nationale. Men\u00e9e en partenariat avec FOR IMMO, l\u2019op\u00e9ration s\u2019impose comme une r\u00e9ussite collective port\u00e9e par des acteurs solidement ancr\u00e9s sur le territoire.<\/p>\n<p data-start=\"197\" data-end=\"691\"><img fetchpriority=\"high\" decoding=\"async\" class=\"alignnone size-medium wp-image-109143\" src=\"data:image\/svg+xml,%3Csvg%20xmlns=\" http:=\"\" alt=\"\" width=\"600\" height=\"461\" data-wp-pid=\"109143\" data-lazy- data-lazy- data-lazy-src=\"https:\/\/www.europesays.com\/fr\/wp-content\/uploads\/2025\/12\/1-10-600x461.jpg\"\/><\/p>\n<p style=\"text-align: justify;\" data-start=\"693\" data-end=\"1208\">Situ\u00e9 \u00e0 proximit\u00e9 imm\u00e9diate de la gare de Rennes, l\u2019immeuble tertiaire d\u00e9veloppe pr\u00e8s de 10 000 m\u00b2 de bureaux. Son architecture contemporaine s\u2019organise autour d\u2019un vaste atrium vitr\u00e9, de terrasses v\u00e9g\u00e9talis\u00e9es et d\u2019espaces ext\u00e9rieurs pens\u00e9s pour le confort des usagers. Les espaces de travail, modulables et \u00e9volutifs, r\u00e9pondent aux nouveaux modes d\u2019organisation, tandis que la r\u00e9habilitation de l\u2019ancien bureau d\u2019Octroi conf\u00e8re au projet une dimension patrimoniale et un signal urbain fort \u00e0 l\u2019entr\u00e9e de la ville.<\/p>\n<p style=\"text-align: justify;\" data-start=\"1210\" data-end=\"1786\">Pens\u00e9 d\u00e8s sa conception dans une logique de performance environnementale, le b\u00e2timent r\u00e9pond aux standards les plus exigeants en mati\u00e8re d\u2019efficacit\u00e9 \u00e9nerg\u00e9tique, de choix des mat\u00e9riaux et de gestion des ressources. Au-del\u00e0 de l\u2019objet architectural, cette op\u00e9ration illustre une ambition partag\u00e9e : renforcer l\u2019attractivit\u00e9 \u00e9conomique rennaise et d\u00e9montrer que l\u2019immobilier tertiaire peut conjuguer qualit\u00e9 d\u2019usage, durabilit\u00e9 et ancrage local. Avec cette Pyramide d\u2019Or, BATI-ARMOR et FOR IMMO confirment leur capacit\u00e9 \u00e0 livrer des projets de r\u00e9f\u00e9rence sur le march\u00e9 national.<\/p>\n<p style=\"text-align: justify;\">\u00a0<\/p>\n","protected":false},"excerpt":{"rendered":"Le promoteur breton BATI-ARMOR a remport\u00e9 la Pyramide d\u2019Or 2025, distinction nationale majeure de la F\u00e9d\u00e9ration des Promoteurs&hellip;\n","protected":false},"author":2,"featured_media":622880,"comment_status":"","ping_status":"","sticky":false,"template":"","format":"standard","meta":{"footnotes":""},"categories":[2821],"tags":[1111,11,829,1777,674,1011,27,12,584,25],"class_list":{"0":"post-622879","1":"post","2":"type-post","3":"status-publish","4":"format-standard","5":"has-post-thumbnail","7":"category-rennes","8":"tag-actu","9":"tag-actualites","10":"tag-bretagne","11":"tag-eu","12":"tag-europe","13":"tag-fr","14":"tag-france","15":"tag-news","16":"tag-rennes","17":"tag-republique-francaise"},"share_on_mastodon":{"url":"https:\/\/pubeurope.com\/@fr\/115784716506660495","error":""},"_links":{"self":[{"href":"https:\/\/www.europesays.com\/fr\/wp-json\/wp\/v2\/posts\/622879","targetHints":{"allow":["GET"]}}],"collection":[{"href":"https:\/\/www.europesays.com\/fr\/wp-json\/wp\/v2\/posts"}],"about":[{"href":"https:\/\/www.europesays.com\/fr\/wp-json\/wp\/v2\/types\/post"}],"author":[{"embeddable":true,"href":"https:\/\/www.europesays.com\/fr\/wp-json\/wp\/v2\/users\/2"}],"replies":[{"embeddable":true,"href":"https:\/\/www.europesays.com\/fr\/wp-json\/wp\/v2\/comments?post=622879"}],"version-history":[{"count":0,"href":"https:\/\/www.europesays.com\/fr\/wp-json\/wp\/v2\/posts\/622879\/revisions"}],"wp:featuredmedia":[{"embeddable":true,"href":"https:\/\/www.europesays.com\/fr\/wp-json\/wp\/v2\/media\/622880"}],"wp:attachment":[{"href":"https:\/\/www.europesays.com\/fr\/wp-json\/wp\/v2\/media?parent=622879"}],"wp:term":[{"taxonomy":"category","embeddable":true,"href":"https:\/\/www.europesays.com\/fr\/wp-json\/wp\/v2\/categories?post=622879"},{"taxonomy":"post_tag","embeddable":true,"href":"https:\/\/www.europesays.com\/fr\/wp-json\/wp\/v2\/tags?post=622879"}],"curies":[{"name":"wp","href":"https:\/\/api.w.org\/{rel}","templated":true}]}}