{"id":622884,"date":"2025-12-26T07:38:16","date_gmt":"2025-12-26T07:38:16","guid":{"rendered":"https:\/\/www.europesays.com\/fr\/622884\/"},"modified":"2025-12-26T07:38:16","modified_gmt":"2025-12-26T07:38:16","slug":"strasbourg-legumes-brocante-ateliers-jean-michel-obrecht-un-maraicher-chineur-au-coeur-de-son-quartier","status":"publish","type":"post","link":"https:\/\/www.europesays.com\/fr\/622884\/","title":{"rendered":"Strasbourg. L\u00e9gumes, brocante, ateliers&#8230; Jean-Michel Obrecht, un mara\u00eecher chineur au c\u0153ur de son quartier"},"content":{"rendered":"<p>Il a install\u00e9 sa Ferme en ville au c\u0153ur du plus villageois des quartiers strasbourgeois, il y a trois ans de cela, et ne m\u00e9nage pas ses efforts pour y attirer depuis les citadins en mal de campagne\u2026 \u00c0 la Krutenau, la boutique du mara\u00eecher handschuheimois Jean-Michel Obrecht (JMO pour les intimes) est \u00e0 l\u2019image de son initiateur et propri\u00e9taire\u00a0: pleine d\u2019id\u00e9es et de cr\u00e9ativit\u00e9. M\u00eame le local tout en longueur et en surprises est con\u00e7u sur ce mod\u00e8le, fa\u00e7on \u00ab\u00a0fus\u00e9e \u00e0 trois \u00e9tages\u00a0\u00bb.<\/p>\n<p>L\u00e9gumes rares et (d\u00e8s janvier) paniers \u00e0 se faire livrer<\/p>\n<p>C\u00f4t\u00e9 rue de Zurich \u2013 le premier \u00e9tage, donc, et le plus \u00e9vident \u2013, les caisses de fruits de saison qui tr\u00f4nent sur le trottoir appellent le chaland. Ces jours-ci, pommes du Kochersberg, agrumes bio de Sicile et letchis \u00ab\u00a0avion\u00a0\u00bb de la&#8230;<\/p>\n","protected":false},"excerpt":{"rendered":"Il a install\u00e9 sa Ferme en ville au c\u0153ur du plus villageois des quartiers strasbourgeois, il y a&hellip;\n","protected":false},"author":2,"featured_media":622885,"comment_status":"","ping_status":"","sticky":false,"template":"","format":"standard","meta":{"footnotes":""},"categories":[2820],"tags":[1111,11,327,1477,4406,130,33,2880,1777,674,107,1011,27,775,1757,6016,12,25,640,2879],"class_list":{"0":"post-622884","1":"post","2":"type-post","3":"status-publish","4":"format-standard","5":"has-post-thumbnail","7":"category-strasbourg","8":"tag-actu","9":"tag-actualites","10":"tag-agriculture","11":"tag-artisanat","12":"tag-commerce-et-services","13":"tag-consommation","14":"tag-economie","15":"tag-edition-strasbourg","16":"tag-eu","17":"tag-europe","18":"tag-fil-info","19":"tag-fr","20":"tag-france","21":"tag-grand-est","22":"tag-insolite","23":"tag-magazine-cuisine-et-vins","24":"tag-news","25":"tag-republique-francaise","26":"tag-strasbourg","27":"tag-strasbourg-ville"},"share_on_mastodon":{"url":"https:\/\/pubeurope.com\/@fr\/115784732065221581","error":""},"_links":{"self":[{"href":"https:\/\/www.europesays.com\/fr\/wp-json\/wp\/v2\/posts\/622884","targetHints":{"allow":["GET"]}}],"collection":[{"href":"https:\/\/www.europesays.com\/fr\/wp-json\/wp\/v2\/posts"}],"about":[{"href":"https:\/\/www.europesays.com\/fr\/wp-json\/wp\/v2\/types\/post"}],"author":[{"embeddable":true,"href":"https:\/\/www.europesays.com\/fr\/wp-json\/wp\/v2\/users\/2"}],"replies":[{"embeddable":true,"href":"https:\/\/www.europesays.com\/fr\/wp-json\/wp\/v2\/comments?post=622884"}],"version-history":[{"count":0,"href":"https:\/\/www.europesays.com\/fr\/wp-json\/wp\/v2\/posts\/622884\/revisions"}],"wp:featuredmedia":[{"embeddable":true,"href":"https:\/\/www.europesays.com\/fr\/wp-json\/wp\/v2\/media\/622885"}],"wp:attachment":[{"href":"https:\/\/www.europesays.com\/fr\/wp-json\/wp\/v2\/media?parent=622884"}],"wp:term":[{"taxonomy":"category","embeddable":true,"href":"https:\/\/www.europesays.com\/fr\/wp-json\/wp\/v2\/categories?post=622884"},{"taxonomy":"post_tag","embeddable":true,"href":"https:\/\/www.europesays.com\/fr\/wp-json\/wp\/v2\/tags?post=622884"}],"curies":[{"name":"wp","href":"https:\/\/api.w.org\/{rel}","templated":true}]}}