{"id":622898,"date":"2025-12-26T07:48:22","date_gmt":"2025-12-26T07:48:22","guid":{"rendered":"https:\/\/www.europesays.com\/fr\/622898\/"},"modified":"2025-12-26T07:48:22","modified_gmt":"2025-12-26T07:48:22","slug":"un-homme-condamne-a-24-mois-de-prison-pour-pedocriminalite","status":"publish","type":"post","link":"https:\/\/www.europesays.com\/fr\/622898\/","title":{"rendered":"un homme condamn\u00e9 \u00e0 24 mois de prison pour p\u00e9docriminalit\u00e9"},"content":{"rendered":"<p>\n\t\t\t\t\tApr\u00e8s plusieurs mois d&rsquo;enqu\u00eate, un homme a finalement \u00e9t\u00e9 interpell\u00e9 puis condamn\u00e9 pour p\u00e9docriminalit\u00e9 \u00e0 Toulouse. \t\t\t\t<\/p>\n<p>\n\t\t\t\t\t\t\t\t\t\u00a9 Photo d\u2019illustration \u2013 Juge.\t\t\t\t\t\t\t\t<\/p>\n<p>\t\t\t\t\t<a data-no-instant=\"1\" href=\"https:\/\/www.nimes.fr\/que-faire-a-nimes\/evenements\/festivites-de-noel\" rel=\"noopener\" class=\"a2t-link\" aria-label=\"878691-image\" target=\"_blank\"><img decoding=\"async\" src=\"https:\/\/www.europesays.com\/fr\/wp-content\/uploads\/2025\/12\/878691-image.jpeg\" alt=\"\"  \/><\/a><\/p>\n<p>Depuis le mois d\u2019ao\u00fbt, les forces de l\u2019ordre menaient une <strong>enqu\u00eate<\/strong> visant un homme soup\u00e7onn\u00e9 de faits de <strong>p\u00e9docriminalit\u00e9<\/strong> \u00e0 <a href=\"https:\/\/infoccitanie.fr\/tag\/toulouse\/\" target=\"_blank\" rel=\"noopener\">Toulouse<\/a>. \u00c2g\u00e9 de<strong> 57 ans<\/strong>, celui-ci pensait entretenir des \u00e9changes en ligne avec une<strong> fillette de 12 ans<\/strong>. Dans le cadre de leurs investigations, les enqu\u00eateurs ont mis en place <strong>un rendez-vous <\/strong>afin de confirmer leurs soup\u00e7ons. Le 7 octobre dernier, jour fix\u00e9 pour la rencontre, le suspect a \u00e9t\u00e9 <strong>interpell\u00e9<\/strong> par les policiers. Les perquisitions men\u00e9es ont par ailleurs permis la d\u00e9couverte de <strong>contenus p\u00e9dopornographiques<\/strong> sur ses appareils \u00e9lectroniques. Jug\u00e9 le 11 d\u00e9cembre, l\u2019individu a \u00e9t\u00e9 reconnu coupable par le <a href=\"https:\/\/infoccitanie.fr\/tag\/tribunal\/\" target=\"_blank\" rel=\"noopener\">tribunal<\/a>. Il a \u00e9t\u00e9 condamn\u00e9 \u00e0 une peine de <strong>24 mois d\u2019emprisonnement<\/strong>, assortie de cinq ans de suivi socio-judiciaire.<\/p>\n","protected":false},"excerpt":{"rendered":"Apr\u00e8s plusieurs mois d&rsquo;enqu\u00eate, un homme a finalement \u00e9t\u00e9 interpell\u00e9 puis condamn\u00e9 pour p\u00e9docriminalit\u00e9 \u00e0 Toulouse. \u00a9 Photo&hellip;\n","protected":false},"author":2,"featured_media":622899,"comment_status":"","ping_status":"","sticky":false,"template":"","format":"standard","meta":{"footnotes":""},"categories":[2816],"tags":[1111,11,1777,674,1011,27,12,2680,25,2312],"class_list":{"0":"post-622898","1":"post","2":"type-post","3":"status-publish","4":"format-standard","5":"has-post-thumbnail","7":"category-toulouse","8":"tag-actu","9":"tag-actualites","10":"tag-eu","11":"tag-europe","12":"tag-fr","13":"tag-france","14":"tag-news","15":"tag-occitanie","16":"tag-republique-francaise","17":"tag-toulouse"},"share_on_mastodon":{"url":"https:\/\/pubeurope.com\/@fr\/115784771732444139","error":""},"_links":{"self":[{"href":"https:\/\/www.europesays.com\/fr\/wp-json\/wp\/v2\/posts\/622898","targetHints":{"allow":["GET"]}}],"collection":[{"href":"https:\/\/www.europesays.com\/fr\/wp-json\/wp\/v2\/posts"}],"about":[{"href":"https:\/\/www.europesays.com\/fr\/wp-json\/wp\/v2\/types\/post"}],"author":[{"embeddable":true,"href":"https:\/\/www.europesays.com\/fr\/wp-json\/wp\/v2\/users\/2"}],"replies":[{"embeddable":true,"href":"https:\/\/www.europesays.com\/fr\/wp-json\/wp\/v2\/comments?post=622898"}],"version-history":[{"count":0,"href":"https:\/\/www.europesays.com\/fr\/wp-json\/wp\/v2\/posts\/622898\/revisions"}],"wp:featuredmedia":[{"embeddable":true,"href":"https:\/\/www.europesays.com\/fr\/wp-json\/wp\/v2\/media\/622899"}],"wp:attachment":[{"href":"https:\/\/www.europesays.com\/fr\/wp-json\/wp\/v2\/media?parent=622898"}],"wp:term":[{"taxonomy":"category","embeddable":true,"href":"https:\/\/www.europesays.com\/fr\/wp-json\/wp\/v2\/categories?post=622898"},{"taxonomy":"post_tag","embeddable":true,"href":"https:\/\/www.europesays.com\/fr\/wp-json\/wp\/v2\/tags?post=622898"}],"curies":[{"name":"wp","href":"https:\/\/api.w.org\/{rel}","templated":true}]}}