{"id":622900,"date":"2025-12-26T07:49:13","date_gmt":"2025-12-26T07:49:13","guid":{"rendered":"https:\/\/www.europesays.com\/fr\/622900\/"},"modified":"2025-12-26T07:49:13","modified_gmt":"2025-12-26T07:49:13","slug":"tourcoing-voici-ou-se-trouvera-le-site-de-maintenance-et-de-remisage-du-futur-tramway","status":"publish","type":"post","link":"https:\/\/www.europesays.com\/fr\/622900\/","title":{"rendered":"Tourcoing. Voici o\u00f9 se trouvera le site de maintenance et de remisage du futur tramway"},"content":{"rendered":"<p>                    Par<br \/>\n        <strong><br \/>\n            <a href=\"https:\/\/actu.fr\/auteur\/nicolas-demollien\" title=\"Consulter tous les articles de Nicolas Demollien\" target=\"_blank\" rel=\"noopener\">Nicolas Demollien<\/a><br \/>\n                    <\/strong><\/p>\n<p>        Publi\u00e9 le<\/p>\n<p>            26 d\u00e9c. 2025 \u00e0 7h46        <\/p>\n<p>Nouvelle \u00e9tape importante dans le <b>projet du futur tramway Roubaix-Tourcoing<\/b> de la <a href=\"https:\/\/actu.fr\/tag\/metropole-europeenne-de-lille\" target=\"_blank\" rel=\"noopener\">M\u00e9tropole europ\u00e9enne de Lille<\/a> (MEL). La collectivit\u00e9 vient en effet d\u2019acqu\u00e9rir les terrains qui accueilleront le <b>site<\/b>\u00a0<b data-end=\"297\">de maintenance et de remisage <\/b>du futur moyen de transport. On vous en dit plus sur le lieu choisi, \u00e0 <a href=\"https:\/\/actu.fr\/hauts-de-france\/tourcoing_59599\" target=\"_blank\" rel=\"noopener\">Tourcoing<\/a>.<\/p>\n<p>Voici o\u00f9 se trouvera le site de maintenance du futur tramway \u00e0 Tourcoing<\/p>\n<p class=\" wall-content\">Et il ne date pas d\u2019hier. Depuis 2021, la MEL travaille en lien \u00e9troit avec la SNCF pour am\u00e9nager le <b>site dit \u00ab\u00a0Tourcoing Marchandises<\/b>\u00ab\u00a0, situ\u00e9 <b>rue du Levant,<\/b> \u00e0 proximit\u00e9 imm\u00e9diate de la <b>gare de Tourcoing<\/b>, sur les communes de Tourcoing et de <a href=\"https:\/\/actu.fr\/hauts-de-france\/wattrelos_59650\" target=\"_blank\" rel=\"noopener\">Wattrelos<\/a>. Ces projets concernent la future ligne de tramway, le site de maintenance et de remisage des rames, ainsi que la <b>cr\u00e9ation d\u2019une nouvelle liaison routi\u00e8re<\/b> entre Tourcoing et Wattrelos.<\/p>\n<p class=\" wall-content\">Ce choix \u00ab\u00a0garantit la cohabitation du projet r\u00e9gional d\u2019atelier de maintenance TER et de la zone logistique et tertiaire associ\u00e9e avec les projets m\u00e9tropolitains, comprenant la cr\u00e9ation d\u2019une ligne et d\u2019une station de tramway dans le cadre de l\u2019\u00e9largissement de la rue du Levant\u00a0\u00bb, justifie la MEL.<\/p>\n<p>Un foncier d\u2019environ 5 hectares acquis aupr\u00e8s de la SNCF<\/p>\n<p class=\" wall-content\">Dans le cadre de l\u2019avancement des projets m\u00e9tropolitains, la MEL doit proc\u00e9der \u00e0 l\u2019acquisition d\u2019environ <b>56 376 m\u00b2 de foncier situ\u00e9s au nord du site<\/b>, r\u00e9partis de la mani\u00e8re suivante :<\/p>\n<ul class=\" wall-content\">\n<li>43 782 m\u00b2 destin\u00e9s au site de maintenance et de remisage du tramway ;<\/li>\n<li>5 096 m\u00b2 n\u00e9cessaires \u00e0 la r\u00e9alisation du projet de tramway ;<\/li>\n<li>7 498 m\u00b2 d\u00e9di\u00e9s \u00e0 la future liaison routi\u00e8re.<\/li>\n<\/ul>\n<p data-end=\"2645\" class=\" wall-content\">Les n\u00e9gociations avec la <a href=\"https:\/\/actu.fr\/tag\/sncf\" target=\"_blank\" rel=\"noopener\">SNCF<\/a> ont permis d\u2019aboutir \u00e0 un accord de cession des emprises concern\u00e9es, au <b>prix de 45 \u20ac HT\/m\u00b2<\/b>, libres de toute occupation.<\/p>\n<p>Votre r\u00e9gion, votre actu !<\/p>\n<p>Recevez chaque jour les infos qui comptent pour vous.<\/p>\n<p>\t<a href=\"https:\/\/actu.fr\/newsletter\" class=\"ac-btn ac-btn--corner ac-btn--medium ac-btn--blue800\" target=\"_blank\" rel=\"noopener\">S&rsquo;incrire<\/a><\/p>\n<p data-end=\"2645\" class=\" wall-content\">Ce site de maintenance et de remisage est une infrastructure destin\u00e9e \u00e0 l\u2019entretien, \u00e0 la r\u00e9paration, au nettoyage, au stationnement et au stockage des rames de tramway, ainsi qu\u2019\u00e0 la maintenance des infrastructures. \u00ab\u00a0N\u00e9cessaire \u00e0 la livraison des rames et \u00e0 la r\u00e9alisation des essais, il doit \u00eatre r\u00e9alis\u00e9 avant la mise en service de la ligne et pourra \u00e9galement accueillir le poste de commandement centralis\u00e9 des lignes de tramway\u00a0\u00bb.<\/p>\n<p class=\" wall-content\">Personnalisez votre actualit\u00e9 en ajoutant vos villes et m\u00e9dias en favori avec <a href=\"https:\/\/moncompte.actu.fr\" title=\"D\u00e9couvez Mon Actu\" rel=\"nofollow noopener\" data-trk=\"{&quot;cta&quot;:{&quot;action&quot;:&quot;https:\\\/\\\/moncompte.actu.fr&quot;,&quot;category&quot;:&quot;mon compte&quot;,&quot;from&quot;:&quot;article footer&quot;,&quot;name&quot;:&quot;Mon actu&quot;,&quot;type&quot;:&quot;cta&quot;}}\" target=\"_blank\">Mon Actu<\/a>.<\/p>\n","protected":false},"excerpt":{"rendered":"Par Nicolas Demollien Publi\u00e9 le 26 d\u00e9c. 2025 \u00e0 7h46 Nouvelle \u00e9tape importante dans le projet du futur&hellip;\n","protected":false},"author":2,"featured_media":622901,"comment_status":"","ping_status":"","sticky":false,"template":"","format":"standard","meta":{"footnotes":""},"categories":[2815],"tags":[1111,11,1777,674,1011,27,811,1307,4863,12,25,104],"class_list":{"0":"post-622900","1":"post","2":"type-post","3":"status-publish","4":"format-standard","5":"has-post-thumbnail","7":"category-lille","8":"tag-actu","9":"tag-actualites","10":"tag-eu","11":"tag-europe","12":"tag-fr","13":"tag-france","14":"tag-hauts-de-france","15":"tag-lille","16":"tag-metropole-europeenne-de-lille","17":"tag-news","18":"tag-republique-francaise","19":"tag-societe"},"share_on_mastodon":{"url":"https:\/\/pubeurope.com\/@fr\/115784775438981625","error":""},"_links":{"self":[{"href":"https:\/\/www.europesays.com\/fr\/wp-json\/wp\/v2\/posts\/622900","targetHints":{"allow":["GET"]}}],"collection":[{"href":"https:\/\/www.europesays.com\/fr\/wp-json\/wp\/v2\/posts"}],"about":[{"href":"https:\/\/www.europesays.com\/fr\/wp-json\/wp\/v2\/types\/post"}],"author":[{"embeddable":true,"href":"https:\/\/www.europesays.com\/fr\/wp-json\/wp\/v2\/users\/2"}],"replies":[{"embeddable":true,"href":"https:\/\/www.europesays.com\/fr\/wp-json\/wp\/v2\/comments?post=622900"}],"version-history":[{"count":0,"href":"https:\/\/www.europesays.com\/fr\/wp-json\/wp\/v2\/posts\/622900\/revisions"}],"wp:featuredmedia":[{"embeddable":true,"href":"https:\/\/www.europesays.com\/fr\/wp-json\/wp\/v2\/media\/622901"}],"wp:attachment":[{"href":"https:\/\/www.europesays.com\/fr\/wp-json\/wp\/v2\/media?parent=622900"}],"wp:term":[{"taxonomy":"category","embeddable":true,"href":"https:\/\/www.europesays.com\/fr\/wp-json\/wp\/v2\/categories?post=622900"},{"taxonomy":"post_tag","embeddable":true,"href":"https:\/\/www.europesays.com\/fr\/wp-json\/wp\/v2\/tags?post=622900"}],"curies":[{"name":"wp","href":"https:\/\/api.w.org\/{rel}","templated":true}]}}