{"id":622903,"date":"2025-12-26T07:51:14","date_gmt":"2025-12-26T07:51:14","guid":{"rendered":"https:\/\/www.europesays.com\/fr\/622903\/"},"modified":"2025-12-26T07:51:14","modified_gmt":"2025-12-26T07:51:14","slug":"le-renouvellement-des-commerces-sur-la-canebiere-se-poursuit-a-marseille","status":"publish","type":"post","link":"https:\/\/www.europesays.com\/fr\/622903\/","title":{"rendered":"Le renouvellement des commerces sur la Canebi\u00e8re se poursuit \u00e0 Marseille"},"content":{"rendered":"<p>Le commerce en centre-ville est un sujet sensible. Lors du dernier conseil municipal de l\u2019ann\u00e9e, jeudi 18\u00a0d\u00e9cembre dernier, et malgr\u00e9 un ordre du jour charg\u00e9 de 168 rapports, c\u2019est par le d\u00e9part des Galeries Lafayette de Marseille que les d\u00e9bats ont d\u00e9but\u00e9.<\/p>\n<p>Si <a href=\"https:\/\/www.laprovence.com\/article\/politique\/918058799168414\/le-rachat-des-galeries-lafayette-a-marseille-vote-ce-jeudi-en-conseil-municipal-pour-solde-de-tout-compte-politique\" target=\"_blank\" rel=\"noopener\">le principe d\u2019acquisition par la Ville des anciens locaux <\/a>que l\u2019enseigne poss\u00e8de au centre Bourse a \u00e9t\u00e9 approuv\u00e9 par les \u00e9lus (sans la droite qui a vot\u00e9 contre, ni le Rassemblement national qui s\u2019est abstenu), l\u2019ambition du maire DVG d\u2019y installer une philharmonie des enfants et un centre des sciences et de la mer refl\u00e8te aussi une volont\u00e9 politique. Celle de ne pas rajouter du commerce au commerce, \u00ab\u00a0alors que le centre-ville a subi les assauts permanents des centres commerciaux cr\u00e9\u00e9s par l\u2019ancienne majorit\u00e9\u00a0\u00bb, insistait Beno\u00eet Payan dans l\u2019h\u00e9micycle. Il le r\u00e9p\u00e9tait, \u00ab\u00a0ce n\u2019est pas un rapport sur le centre-ville mais la question du centre historique sera une question d\u00e9battue pendant la campagne \u00e9lectorale avant d\u2019\u00eatre sanctionn\u00e9e par le vote des Marseillaises et des Marseillais\u00a0\u00bb. Alors sur fond de campagne, Rebecca Bernardi, l\u2019adjointe au commerce (PM) rappelait en guise de bilan les actions engag\u00e9es tout au long du mandat.<\/p>\n","protected":false},"excerpt":{"rendered":"Le commerce en centre-ville est un sujet sensible. Lors du dernier conseil municipal de l\u2019ann\u00e9e, jeudi 18\u00a0d\u00e9cembre dernier,&hellip;\n","protected":false},"author":2,"featured_media":622904,"comment_status":"","ping_status":"","sticky":false,"template":"","format":"standard","meta":{"footnotes":""},"categories":[2814],"tags":[17,1111,11,1180,7227,154,1777,674,1011,27,884,12,2406,882,16,17741,25,3356],"class_list":{"0":"post-622903","1":"post","2":"type-post","3":"status-publish","4":"format-standard","5":"has-post-thumbnail","7":"category-marseille","8":"tag-17","9":"tag-actu","10":"tag-actualites","11":"tag-canebiere","12":"tag-commerces","13":"tag-des","14":"tag-eu","15":"tag-europe","16":"tag-fr","17":"tag-france","18":"tag-marseille","19":"tag-news","20":"tag-poursuit","21":"tag-provence-alpes-cote-dazur","22":"tag-region","23":"tag-renouvellement","24":"tag-republique-francaise","25":"tag-sur"},"share_on_mastodon":{"url":"https:\/\/pubeurope.com\/@fr\/115784783196574051","error":""},"_links":{"self":[{"href":"https:\/\/www.europesays.com\/fr\/wp-json\/wp\/v2\/posts\/622903","targetHints":{"allow":["GET"]}}],"collection":[{"href":"https:\/\/www.europesays.com\/fr\/wp-json\/wp\/v2\/posts"}],"about":[{"href":"https:\/\/www.europesays.com\/fr\/wp-json\/wp\/v2\/types\/post"}],"author":[{"embeddable":true,"href":"https:\/\/www.europesays.com\/fr\/wp-json\/wp\/v2\/users\/2"}],"replies":[{"embeddable":true,"href":"https:\/\/www.europesays.com\/fr\/wp-json\/wp\/v2\/comments?post=622903"}],"version-history":[{"count":0,"href":"https:\/\/www.europesays.com\/fr\/wp-json\/wp\/v2\/posts\/622903\/revisions"}],"wp:featuredmedia":[{"embeddable":true,"href":"https:\/\/www.europesays.com\/fr\/wp-json\/wp\/v2\/media\/622904"}],"wp:attachment":[{"href":"https:\/\/www.europesays.com\/fr\/wp-json\/wp\/v2\/media?parent=622903"}],"wp:term":[{"taxonomy":"category","embeddable":true,"href":"https:\/\/www.europesays.com\/fr\/wp-json\/wp\/v2\/categories?post=622903"},{"taxonomy":"post_tag","embeddable":true,"href":"https:\/\/www.europesays.com\/fr\/wp-json\/wp\/v2\/tags?post=622903"}],"curies":[{"name":"wp","href":"https:\/\/api.w.org\/{rel}","templated":true}]}}