{"id":622908,"date":"2025-12-26T07:54:15","date_gmt":"2025-12-26T07:54:15","guid":{"rendered":"https:\/\/www.europesays.com\/fr\/622908\/"},"modified":"2025-12-26T07:54:15","modified_gmt":"2025-12-26T07:54:15","slug":"un-bilan-en-demi-teinte-pour-le-marche-de-noel-de-lyon","status":"publish","type":"post","link":"https:\/\/www.europesays.com\/fr\/622908\/","title":{"rendered":"un bilan en demi-teinte pour le march\u00e9 de No\u00ebl de Lyon"},"content":{"rendered":"<p>                    Par<br \/>\n        <strong><br \/>\n            <a href=\"https:\/\/actu.fr\/auteur\/emma-ressegaire\" title=\"Consulter tous les articles de Emma Ressegaire\" target=\"_blank\" rel=\"noopener\">Emma Ressegaire<\/a><br \/>\n                    <\/strong><\/p>\n<p>        Publi\u00e9 le<\/p>\n<p>            26 d\u00e9c. 2025 \u00e0 8h02        <\/p>\n<p>Pendant un petit peu plus d\u2019un mois, le <a href=\"https:\/\/actu.fr\/auvergne-rhone-alpes\/lyon_69123\/municipales-2026-a-lyon-gregory-doucet-pour-demenager-le-marche-de-noel-a-bellecour_63617908.html\" target=\"_blank\" rel=\"noopener\">march\u00e9 de No\u00ebl de Lyon<\/a> a ouvert ses portes aux visiteurs sur la place Carnot. D\u00e9sormais termin\u00e9, depuis le 24 d\u00e9cembre,<strong> l\u2019heure est au bilan. <br \/><\/strong>Entre les chalets illumin\u00e9s, l\u2019ambiance est rest\u00e9e chaleureuse et conviviale. Mais dans les all\u00e9es, la <strong>fr\u00e9quentation n\u2019a pas toujours \u00e9t\u00e9 au rendez-vous<\/strong>. \u00ab\u00a0On a eu pas mal de journ\u00e9es creuses\u00a0\u00bb, t\u00e9moigne l\u2019un des commer\u00e7ants tenant un chalet de restauration.<\/p>\n<p>Des conditions m\u00e9t\u00e9orologiques d\u00e9favorables<\/p>\n<p class=\" wall-content\">Les exposants s\u2019accordent sur un point : <strong>la m\u00e9t\u00e9o qui a probablement influenc\u00e9<\/strong> l\u2019\u00e9dition 2025. \u00ab\u00a0Nous avons eu un d\u00e9marrage difficile avec <a href=\"https:\/\/actu.fr\/auvergne-rhone-alpes\/lyon_69123\/meteo-un-froid-hivernal-frappe-lyon-de-fortes-chutes-de-neige-annoncees_63454507.html\" target=\"_blank\" rel=\"noopener\">une vague de froid<\/a> puis beaucoup de pluie, surtout les week-ends\u00a0\u00bb, nous confie Christopher, commer\u00e7ant du chalet \u00ab\u00a0Pierre &amp; Lune\u00a0\u00bb qui propose \u00e0 la vente des bijoux artisanaux faits \u00e0 partir de pierres naturelles.\u00a0<\/p>\n<p class=\" wall-content\">C\u2019est la troisi\u00e8me fois que le jeune homme, venu de Bayonne, participe au march\u00e9 de No\u00ebl lyonnais qui repr\u00e9sente, pour lui, <strong>un lieu d\u2019exposition important<\/strong>. \u00ab\u00a0Avec ma copine (la fondatrice de la marque), nous avons souhait\u00e9 faire des prix plus accessibles. Bien que nous ayons fait plus de ventes, le panier moyen des gens est plus petit. Donc, cette ann\u00e9e, <strong>notre chiffre d\u2019affaires est un peu en dessous\u00a0\u00bb,<\/strong> d\u00e9taille-t-il.\u00a0<\/p>\n<p>Des visiteurs plus raisonnables<\/p>\n<p class=\" wall-content\">Au-del\u00e0 des artisans, cette <strong>prudence budg\u00e9taire<\/strong> se ressent aussi dans les achats plus imm\u00e9diats, comme les boissons et la restauration sur place. Olivia l\u2019a bien constat\u00e9.<\/p>\n<p class=\" wall-content\">Dans son petit chalet, la jeune femme propose du vin chaud artisanal et du jus de pomme chaud aux \u00e9pices.\u00a0 \u00ab\u00a0J\u2019ai eu des groupes de 3-4 personnes qui se sont partag\u00e9es un seul verre\u00a0\u00bb, se rem\u00e9more-t-elle avant d\u2019ajouter : \u00ab\u00a0Il y a une vraie diff\u00e9rence dans les modes de consommation. Les chalets des artisans qui vendent des bijoux ou autres fonctionnent mieux mais,<strong> pour les petits plaisirs du quotidien<\/strong>, les gens sont plus raisonnables.\u00a0\u00bb<\/p>\n<p>\u00ab\u00a0Cela reste correct\u00a0\u00bb<\/p>\n<p class=\" wall-content\">Pour Antoine, qui fabrique des casse-t\u00eates, cette \u00e9dition 2025 s\u2019est plut\u00f4t bien d\u00e9roul\u00e9e. \u00ab\u00a0C\u2019est \u00e0 peu pr\u00e8s lin\u00e9aire, pareil que l\u2019ann\u00e9e derni\u00e8re. Cela reste correct, mais <strong>ce n\u2019est pas l\u2019euphorie non plus<\/strong>\u00ab\u00a0, pr\u00e9cise celui qui est pr\u00e9sent sur la place Carnot lors de cette p\u00e9riode depuis une vingtaine d\u2019ann\u00e9es.\u00a0<\/p>\n<p>Votre r\u00e9gion, votre actu !<\/p>\n<p>Recevez chaque jour les infos qui comptent pour vous.<\/p>\n<p>\t<a href=\"https:\/\/actu.fr\/newsletter\" class=\"ac-btn ac-btn--corner ac-btn--medium ac-btn--blue800\" target=\"_blank\" rel=\"noopener\">S&rsquo;incrire<\/a><\/p>\n<p class=\" wall-content\">Un bilan plut\u00f4t mitig\u00e9 au global, marqu\u00e9 par des ventes in\u00e9gales et des journ\u00e9es plus creuses d\u00fb aux conditions m\u00e9t\u00e9orologiques.<\/p>\n<p class=\" wall-content\">Personnalisez votre actualit\u00e9 en ajoutant vos villes et m\u00e9dias en favori avec <a href=\"https:\/\/moncompte.actu.fr\" title=\"D\u00e9couvez Mon Actu\" rel=\"nofollow noopener\" data-trk=\"{&quot;cta&quot;:{&quot;action&quot;:&quot;https:\\\/\\\/moncompte.actu.fr&quot;,&quot;category&quot;:&quot;mon compte&quot;,&quot;from&quot;:&quot;article footer&quot;,&quot;name&quot;:&quot;Mon actu&quot;,&quot;type&quot;:&quot;cta&quot;}}\" target=\"_blank\">Mon Actu<\/a>.<\/p>\n","protected":false},"excerpt":{"rendered":"Par Emma Ressegaire Publi\u00e9 le 26 d\u00e9c. 2025 \u00e0 8h02 Pendant un petit peu plus d\u2019un mois, le&hellip;\n","protected":false},"author":2,"featured_media":622909,"comment_status":"","ping_status":"","sticky":false,"template":"","format":"standard","meta":{"footnotes":""},"categories":[1889],"tags":[1111,11,2430,1777,674,1011,27,2428,12,15830,5274,25,104],"class_list":{"0":"post-622908","1":"post","2":"type-post","3":"status-publish","4":"format-standard","5":"has-post-thumbnail","7":"category-lyon","8":"tag-actu","9":"tag-actualites","10":"tag-auvergne-rhone-alpes","11":"tag-eu","12":"tag-europe","13":"tag-fr","14":"tag-france","15":"tag-lyon","16":"tag-news","17":"tag-noel","18":"tag-perrache","19":"tag-republique-francaise","20":"tag-societe"},"share_on_mastodon":{"url":"https:\/\/pubeurope.com\/@fr\/115784794973431629","error":""},"_links":{"self":[{"href":"https:\/\/www.europesays.com\/fr\/wp-json\/wp\/v2\/posts\/622908","targetHints":{"allow":["GET"]}}],"collection":[{"href":"https:\/\/www.europesays.com\/fr\/wp-json\/wp\/v2\/posts"}],"about":[{"href":"https:\/\/www.europesays.com\/fr\/wp-json\/wp\/v2\/types\/post"}],"author":[{"embeddable":true,"href":"https:\/\/www.europesays.com\/fr\/wp-json\/wp\/v2\/users\/2"}],"replies":[{"embeddable":true,"href":"https:\/\/www.europesays.com\/fr\/wp-json\/wp\/v2\/comments?post=622908"}],"version-history":[{"count":0,"href":"https:\/\/www.europesays.com\/fr\/wp-json\/wp\/v2\/posts\/622908\/revisions"}],"wp:featuredmedia":[{"embeddable":true,"href":"https:\/\/www.europesays.com\/fr\/wp-json\/wp\/v2\/media\/622909"}],"wp:attachment":[{"href":"https:\/\/www.europesays.com\/fr\/wp-json\/wp\/v2\/media?parent=622908"}],"wp:term":[{"taxonomy":"category","embeddable":true,"href":"https:\/\/www.europesays.com\/fr\/wp-json\/wp\/v2\/categories?post=622908"},{"taxonomy":"post_tag","embeddable":true,"href":"https:\/\/www.europesays.com\/fr\/wp-json\/wp\/v2\/tags?post=622908"}],"curies":[{"name":"wp","href":"https:\/\/api.w.org\/{rel}","templated":true}]}}