{"id":622911,"date":"2025-12-26T07:57:14","date_gmt":"2025-12-26T07:57:14","guid":{"rendered":"https:\/\/www.europesays.com\/fr\/622911\/"},"modified":"2025-12-26T07:57:14","modified_gmt":"2025-12-26T07:57:14","slug":"meteo-france-place-les-pyrenees-orientales-laude-et-la-haute-corse-en-vigilance-orange-pluie-inondation","status":"publish","type":"post","link":"https:\/\/www.europesays.com\/fr\/622911\/","title":{"rendered":"M\u00e9t\u00e9o-France place les Pyr\u00e9n\u00e9es-Orientales, l\u2019Aude et la Haute-Corse en vigilance orange pluie-inondation"},"content":{"rendered":"<p>                      <img loading=\"lazy\" decoding=\"async\" src=\"https:\/\/www.europesays.com\/fr\/wp-content\/uploads\/2025\/12\/9a0fa3d_upload-1-c98idz8uf6nn-maxnewsspecialtwo446358.jpg\" alt=\"A Perpignan (Pyr\u00e9n\u00e9es-Orientales), le 22\u00a0d\u00e9cembre 2025.\"   width=\"664\" height=\"443\"\/>    A Perpignan (Pyr\u00e9n\u00e9es-Orientales), le 22\u00a0d\u00e9cembre 2025.  ALINE MORCILLO\/\u00ab L&rsquo;INDEPENDANT \u00bb\/MAXPPP                        <\/p>\n<p class=\"article__paragraph  \">Apr\u00e8s la neige et le grand froid pour No\u00ebl, de la pluie en grande quantit\u00e9 est attendue. Les d\u00e9partements des Pyr\u00e9n\u00e9es-Orientales, de l\u2019Aude et de Haute-Corse ont \u00e9t\u00e9 plac\u00e9s par M\u00e9t\u00e9o-France en alerte orange pluie-inondation, vendredi 26\u00a0d\u00e9cembre. \u00ab\u00a0Depuis hier apr\u00e8s-midi, on rel\u00e8ve de 70 \u00e0 100 millim\u00e8tres\u00a0\u00bb de pluies \u00ab\u00a0entre Alb\u00e8res et Perpignan, et des pointes \u00e0 60\u00a0millim\u00e8tres\u00a0en Haute-Corse\u00a0\u00bb, ajoute l\u2019institut m\u00e9t\u00e9orologique.<\/p>\n<p class=\"article__paragraph  \">Un \u00ab\u00a0\u00e9pisode pluvieux non exceptionnel mais durable, sur un domaine g\u00e9ographique assez \u00e9tendu, avec des sols d\u00e9j\u00e0 bien humides, n\u00e9cessitant une vigilance toute particuli\u00e8re\u00a0\u00bb, avertit <a href=\"https:\/\/vigilance.meteofrance.fr\/fr\" target=\"_blank\" rel=\"noopener\" title=\"Nouvelle fen\u00eatre\">le site Vigilance M\u00e9t\u00e9o-France<\/a>.<\/p>\n<p class=\"article__paragraph  \">Dans les Pyr\u00e9n\u00e9es-Orientales et l\u2019Aude, \u00ab\u00a0les pluies perdurent ce vendredi, entrecoup\u00e9es d\u2019accalmies, et se prolongent samedi. Les cumuls pr\u00e9vus sur l\u2019\u00e9pisode sont de l\u2019ordre de 100 \u00e0 150\u00a0[millim\u00e8tres de pluie] sur une zone assez \u00e9tendue entre massif des Alb\u00e8res et Corbi\u00e8res\u00a0\u00bb, ajoute M\u00e9t\u00e9o-France. Des crues importantes sont \u00e0 pr\u00e9voir sur l\u2019Orbieu et la Berre (dans l\u2019Aude), ainsi que l\u2019Agly (Pyr\u00e9n\u00e9es-Orientales).<\/p>\n<p class=\"article__paragraph  \">Du c\u00f4t\u00e9 de la Haute-Corse, \u00ab\u00a0des paquets pluvio-instables continuent d\u2019int\u00e9resser une partie de la Corse ce vendredi avec quelques accalmies\u00a0\u00bb. Les cumuls attendus sont de 80\u00a0\u00e0 120\u00a0millim\u00e8tres de pluies, voire 150\u00a0millim\u00e8tres localement. Cependant, \u00ab\u00a0la moiti\u00e9 ouest du d\u00e9partement (secteurs de Calvi et L\u2019Ile-Rousse) est moins impact\u00e9e\u00a0\u00bb.<\/p>\n<p class=\"article__paragraph  \">Les Pyr\u00e9n\u00e9es-Orientales et l\u2019Aude devraient rester en vigilance orange jusqu\u2019\u00e0 samedi matin.<\/p>\n<p class=\"author__detail\">  Le Monde  <\/p>\n<p>                <a href=\"https:\/\/www.lemonde.fr\/syndication\/\" class=\"reuse__content\" title=\"R\u00e9utiliser ce contenu\" target=\"_blank\" rel=\"noopener\">R\u00e9utiliser ce contenu<\/a>      <\/p>\n","protected":false},"excerpt":{"rendered":"A Perpignan (Pyr\u00e9n\u00e9es-Orientales), le 22\u00a0d\u00e9cembre 2025. ALINE MORCILLO\/\u00ab L&rsquo;INDEPENDANT \u00bb\/MAXPPP Apr\u00e8s la neige et le grand froid pour&hellip;\n","protected":false},"author":2,"featured_media":622912,"comment_status":"","ping_status":"","sticky":false,"template":"","format":"standard","meta":{"footnotes":""},"categories":[1888],"tags":[1111,1928,11,1927,1777,674,1011,27,12,1926,626,1925,25],"class_list":{"0":"post-622911","1":"post","2":"type-post","3":"status-publish","4":"format-standard","5":"has-post-thumbnail","7":"category-paris","8":"tag-actu","9":"tag-actu-paris","10":"tag-actualites","11":"tag-actualites-paris","12":"tag-eu","13":"tag-europe","14":"tag-fr","15":"tag-france","16":"tag-news","17":"tag-news-paris","18":"tag-paris","19":"tag-paris-news","20":"tag-republique-francaise"},"share_on_mastodon":{"url":"https:\/\/pubeurope.com\/@fr\/115784808041512101","error":""},"_links":{"self":[{"href":"https:\/\/www.europesays.com\/fr\/wp-json\/wp\/v2\/posts\/622911","targetHints":{"allow":["GET"]}}],"collection":[{"href":"https:\/\/www.europesays.com\/fr\/wp-json\/wp\/v2\/posts"}],"about":[{"href":"https:\/\/www.europesays.com\/fr\/wp-json\/wp\/v2\/types\/post"}],"author":[{"embeddable":true,"href":"https:\/\/www.europesays.com\/fr\/wp-json\/wp\/v2\/users\/2"}],"replies":[{"embeddable":true,"href":"https:\/\/www.europesays.com\/fr\/wp-json\/wp\/v2\/comments?post=622911"}],"version-history":[{"count":0,"href":"https:\/\/www.europesays.com\/fr\/wp-json\/wp\/v2\/posts\/622911\/revisions"}],"wp:featuredmedia":[{"embeddable":true,"href":"https:\/\/www.europesays.com\/fr\/wp-json\/wp\/v2\/media\/622912"}],"wp:attachment":[{"href":"https:\/\/www.europesays.com\/fr\/wp-json\/wp\/v2\/media?parent=622911"}],"wp:term":[{"taxonomy":"category","embeddable":true,"href":"https:\/\/www.europesays.com\/fr\/wp-json\/wp\/v2\/categories?post=622911"},{"taxonomy":"post_tag","embeddable":true,"href":"https:\/\/www.europesays.com\/fr\/wp-json\/wp\/v2\/tags?post=622911"}],"curies":[{"name":"wp","href":"https:\/\/api.w.org\/{rel}","templated":true}]}}