{"id":622913,"date":"2025-12-26T07:58:26","date_gmt":"2025-12-26T07:58:26","guid":{"rendered":"https:\/\/www.europesays.com\/fr\/622913\/"},"modified":"2025-12-26T07:58:26","modified_gmt":"2025-12-26T07:58:26","slug":"top-14-bayonne-segonds-espere-gommer-cette-indiscipline-face-au-stade-francais-sports","status":"publish","type":"post","link":"https:\/\/www.europesays.com\/fr\/622913\/","title":{"rendered":"Top 14 &#8211; Bayonne : Segonds esp\u00e8re \u00ab gommer cette indiscipline \u00bb face au Stade Fran\u00e7ais : Sports"},"content":{"rendered":"<p class=\"date\">\n                                                            Cl\u00e9ment Baudouin, Media365, publi\u00e9 le jeudi 25 d\u00e9cembre 2025 \u00e0 18h06\n                                                    <\/p>\n<p>Embourb\u00e9 dans un mois de d\u00e9cembre gal\u00e8re avec l&rsquo;Aviron Bayonnais, Joris Segonds s&rsquo;est confi\u00e9 \u00e0 Rugbyrama sur la forme r\u00e9cente de son \u00e9quipe avant la r\u00e9ception du Stade Fran\u00e7ais ce samedi.<\/p>\n<p>\u00c9l\u00e9ment incontournable d&rsquo;un effectif de Bayonne qui pointe \u00e0 la 8e place de Top 14, Joris Segonds et ses co\u00e9quipiers restent tout de m\u00eame sur un mois de d\u00e9cembre compliqu\u00e9 avec trois d\u00e9faites de rang. C&rsquo;est dans les colonnes de Rugbyrama que le demi d&rsquo;ouverture est revenu sur la situation de l&rsquo;\u00e9quipe avant d&rsquo;affronter samedi le Stade Fran\u00e7ais.<\/p>\n<p>Lourdement d\u00e9faits en d\u00e9placement, du c\u00f4t\u00e9 de La Rochelle (49-17), Joris Segonds estimait pourtant qu&rsquo;un bon travail avait \u00e9t\u00e9 effectu\u00e9 en amont, malgr\u00e9 les nombreuses blessures : \u00ab Je nous sentais pr\u00eats pour d\u00e9fier la Rochelle, mais on a tous re\u00e7u une belle claque. On ne s&rsquo;attendait pas \u00e0 ramasser autant. Cette semaine, on avait mis le curseur assez haut sur certains points, notamment la discipline. Quand on revient de l\u00e0-bas avec 17 p\u00e9nalit\u00e9s contre nous, \u00e7a fait mal&#8230; On se dit que, finalement, on n&rsquo;a rien respect\u00e9. \u00bb<\/p>\n<p>Une nouvelle d\u00e9faite \u00e0 l&rsquo;ext\u00e9rieur qui fait mal et que Joris Segonds d\u00e9plore : \u00ab J&rsquo;ai l&rsquo;impression que, des fois, on veut tous essayer de sauver la patrie. On a regard\u00e9 les vid\u00e9os, tout le monde a envie, mais il y en a un petit peu trop et on fait des erreurs de cadets. [&#8230;] Chacun fait sa petite faute et, derri\u00e8re, \u00e7a fait effet boule de neige avec, au bout du compte, dix-sept p\u00e9nalit\u00e9s. \u00c0 ce niveau-l\u00e0, ce n&rsquo;est pas possible, car \u00e7a fait 50 points. \u00bb<\/p>\n<p>\u00ab Affronter Paris, c&rsquo;est toujours particulier \u00bb<\/p>\n<p>F\u00e9brile en d\u00e9placement, l&rsquo;Aviron Bayonnais reste \u00e0 l&rsquo;inverse imp\u00e9rial dans son antre de Jean-Dauger en championnat et s&rsquo;appr\u00eate \u00e0 recevoir ce samedi le Stade Fran\u00e7ais \u00e0 l&rsquo;occasion de la 12e journ\u00e9e de Top 14, avec toute la charge que cela conf\u00e8re : \u00ab Tout le monde veut nous faire tomber \u00e0 la maison et on a cette pression \u00e0 chaque fois. On s&rsquo;est fait peur contre Lyon et il n&rsquo;y a rien \u00e0 dire si on le perd. Depuis deux ans, il y a eu plusieurs rencontres comme \u00e7a. La pi\u00e8ce est tomb\u00e9e du bon c\u00f4t\u00e9, pourvu que \u00e7a dure, mais si on veut \u00e9viter de vraiment se mettre en danger, c&rsquo;est \u00e0 nous de faire un match correct, en gommant cette indiscipline. \u00bb<\/p>\n<p>Une rencontre sp\u00e9ciale pour Joris Segonds qui a rejoint Bayonne \u00e0 l&rsquo;\u00e9t\u00e9 2024 apr\u00e8s cinq ann\u00e9es pass\u00e9es sous les couleurs du Stade Fran\u00e7ais : \u00ab Affronter Paris, c&rsquo;est toujours particulier, car c&rsquo;est le club avec lequel j&rsquo;ai d\u00e9couvert le Top 14. Maintenant, je suis Bayonnais. L&rsquo;an dernier, quand on les a battus ici, j&rsquo;\u00e9tais le premier \u00e0 les chambrer. Quand on est mont\u00e9s \u00e0 Paris, j&rsquo;\u00e9tais aussi le premier \u00e0 les chambrer pour leur dire de faire attention. Bon, on a perdu, donc je me suis fait chambrer \u00e0 mon tour. L\u00e0, ils ont retrouv\u00e9 la gagne, ils arrivent \u00e9quip\u00e9s, avec de la confiance. Il faudra faire attention \u00e0 \u00e7a, car le Stade fran\u00e7ais marche \u00e9norm\u00e9ment \u00e0 la confiance. Je sais que ce sera un \u00e9norme d\u00e9fi, pour nous, ce week-end en conqu\u00eate \u00bb. C&rsquo;est donc une rencontre hautement importante pour Joris Segonds et tout l&rsquo;Aviron Bayonnais qui auront \u00e0 c\u0153ur d&rsquo;endiguer cette mauvaise s\u00e9rie avec une victoire, et d&rsquo;offrir au passage \u00e0 leurs supporters un beau cadeau de No\u00ebl.<\/p>\n","protected":false},"excerpt":{"rendered":"Cl\u00e9ment Baudouin, Media365, publi\u00e9 le jeudi 25 d\u00e9cembre 2025 \u00e0 18h06 Embourb\u00e9 dans un mois de d\u00e9cembre gal\u00e8re&hellip;\n","protected":false},"author":2,"featured_media":622914,"comment_status":"","ping_status":"","sticky":false,"template":"","format":"standard","meta":{"footnotes":""},"categories":[1888],"tags":[1111,1928,11,1927,1777,674,1011,27,12,1926,626,1925,25],"class_list":{"0":"post-622913","1":"post","2":"type-post","3":"status-publish","4":"format-standard","5":"has-post-thumbnail","7":"category-paris","8":"tag-actu","9":"tag-actu-paris","10":"tag-actualites","11":"tag-actualites-paris","12":"tag-eu","13":"tag-europe","14":"tag-fr","15":"tag-france","16":"tag-news","17":"tag-news-paris","18":"tag-paris","19":"tag-paris-news","20":"tag-republique-francaise"},"share_on_mastodon":{"url":"https:\/\/pubeurope.com\/@fr\/115784810899144104","error":""},"_links":{"self":[{"href":"https:\/\/www.europesays.com\/fr\/wp-json\/wp\/v2\/posts\/622913","targetHints":{"allow":["GET"]}}],"collection":[{"href":"https:\/\/www.europesays.com\/fr\/wp-json\/wp\/v2\/posts"}],"about":[{"href":"https:\/\/www.europesays.com\/fr\/wp-json\/wp\/v2\/types\/post"}],"author":[{"embeddable":true,"href":"https:\/\/www.europesays.com\/fr\/wp-json\/wp\/v2\/users\/2"}],"replies":[{"embeddable":true,"href":"https:\/\/www.europesays.com\/fr\/wp-json\/wp\/v2\/comments?post=622913"}],"version-history":[{"count":0,"href":"https:\/\/www.europesays.com\/fr\/wp-json\/wp\/v2\/posts\/622913\/revisions"}],"wp:featuredmedia":[{"embeddable":true,"href":"https:\/\/www.europesays.com\/fr\/wp-json\/wp\/v2\/media\/622914"}],"wp:attachment":[{"href":"https:\/\/www.europesays.com\/fr\/wp-json\/wp\/v2\/media?parent=622913"}],"wp:term":[{"taxonomy":"category","embeddable":true,"href":"https:\/\/www.europesays.com\/fr\/wp-json\/wp\/v2\/categories?post=622913"},{"taxonomy":"post_tag","embeddable":true,"href":"https:\/\/www.europesays.com\/fr\/wp-json\/wp\/v2\/tags?post=622913"}],"curies":[{"name":"wp","href":"https:\/\/api.w.org\/{rel}","templated":true}]}}