{"id":622919,"date":"2025-12-26T08:02:18","date_gmt":"2025-12-26T08:02:18","guid":{"rendered":"https:\/\/www.europesays.com\/fr\/622919\/"},"modified":"2025-12-26T08:02:18","modified_gmt":"2025-12-26T08:02:18","slug":"volodymyr-zelensky-annonce-quil-va-rencontrer-donald-trump-dans-un-proche-avenir","status":"publish","type":"post","link":"https:\/\/www.europesays.com\/fr\/622919\/","title":{"rendered":"Volodymyr Zelensky annonce qu\u2019il va rencontrer Donald Trump \u00ab\u00a0dans un proche avenir\u00a0\u00bb"},"content":{"rendered":"<br \/>\n<blockquote class=\"post__live-container--comment-blockquote\"><p>Bonsoir et bonnes f\u00eates Le Monde, &#13;<br \/>\nComment Poutine justifie-t-il de ne m\u00eame pas accepter une tr\u00eave de No\u00ebl? Est ce qu&rsquo;il ne prouve pas ainsi qu&rsquo;il ne cherche aucunement la paix? &#13;<br \/>\nMerci pour vos lives  <\/p><\/blockquote>\n<p>    Justine                        <\/p>\n<p class=\"post__live-container--answer-text post__space-node\">Bonnes f\u00eates \u00e0 vous aussi, et merci pour vos questions qui contribuent \u00e0 faire vivre le live chaque jour.<\/p>\n<p class=\"post__live-container--answer-text post__space-node\">Le pr\u00e9sident russe, Vladimir Poutine, n\u2019a pas donn\u00e9 lui-m\u00eame de justification quant au refus de la Russie de souscrire \u00e0 une tr\u00eave de No\u00ebl cette ann\u00e9e. De son c\u00f4t\u00e9, le pr\u00e9sident ukrainien, Volodymyr Zelensky, avait fait valoir en d\u00e9but de semaine que \u00ab\u00a0les Am\u00e9ricains \u00e9taient tr\u00e8s favorables \u00e0 une tr\u00eave de No\u00ebl. C\u2019est toujours un signe que les deux parties souhaitent trouver un accord diplomatique\u00a0\u00bb. Le pr\u00e9sident ukrainien ne s\u2019\u00e9tait pas oppos\u00e9 \u00e0 un arr\u00eat des hostilit\u00e9s pendant les f\u00eates\u00a0\u2013 \u00ab\u00a0bien au contraire\u00a0\u00bb, avait-il pr\u00e9cis\u00e9 lors d\u2019une allocution \u00e0 la t\u00e9l\u00e9vision Suspilne.<\/p>\n<p class=\"post__live-container--answer-text post__space-node\">Le porte-parole du Kremlin, Dmitri Peskov, a quant \u00e0 lui justifi\u00e9 lors d\u2019un point quotidien son refus d\u2019une tr\u00eave de No\u00ebl\u00a0: \u00ab\u00a0Nous voulons la paix. Nous ne voulons pas d\u2019une tr\u00eave qui donnerait \u00e0 l\u2019Ukraine un r\u00e9pit pour pr\u00e9parer la poursuite de la guerre.\u00a0\u00bb \u00ab\u00a0Nous voulons arr\u00eater cette guerre, atteindre nos objectifs et garantir nos int\u00e9r\u00eats\u00a0\u00bb, avait encore d\u00e9clar\u00e9 M.\u00a0Peskov.<\/p>\n<p class=\"post__live-container--answer-text post__space-node\">Jeudi, les autorit\u00e9s ukrainiennes ont d\u00e9nonc\u00e9 la poursuite des frappes pendant la p\u00e9riode de No\u00ebl, que les Ukrainiens c\u00e9l\u00e8brent soit le 25 d\u00e9cembre, soit le 7 janvier (qui correspond au 25 d\u00e9cembre de l\u2019ancien calendrier julien conserv\u00e9 par l\u2019\u00e9glise orthodoxe russe), soit les deux, selon leur contexte culturel et familial. \u00ab\u00a0Nous avons affaire \u00e0 des barbares\u00a0\u00bb, a d\u00e9nonc\u00e9 Volodymyr Zelensky jeudi, tandis qu\u2019Andrii Sybiha y a vu \u00ab\u00a0la volont\u00e9 de la Russie de tuer des personnes parce qu\u2019elles sont ukrainiennes\u00a0\u00bb.<\/p>\n<p class=\"post__live-container--answer-text post__space-node\">Aux Etats-Unis aussi, l\u2019absence de tr\u00eave pour No\u00ebl a \u00e9t\u00e9 vue par certains comme un aveu de Vladimir Poutine de son manque d\u2019int\u00e9r\u00eat pour la paix. \u00ab\u00a0La d\u00e9cision prise aujourd\u2019hui par\u00a0[Vladimir]\u00a0Poutine de lancer des attaques plut\u00f4t que de cesser le feu nous rappelle \u00e0 tous une r\u00e9alit\u00e9 qui donne \u00e0 r\u00e9fl\u00e9chir, ont d\u00e9nonc\u00e9 plusieurs s\u00e9nateurs am\u00e9ricains\u00a0dans une d\u00e9claration commune. Poutine est un meurtrier impitoyable que la paix n\u2019int\u00e9resse pas et auquel on ne peut faire confiance.\u00a0\u00bb<\/p>\n","protected":false},"excerpt":{"rendered":"Bonsoir et bonnes f\u00eates Le Monde, &#13; Comment Poutine justifie-t-il de ne m\u00eame pas accepter une tr\u00eave de&hellip;\n","protected":false},"author":2,"featured_media":622920,"comment_status":"","ping_status":"","sticky":false,"template":"","format":"standard","meta":{"footnotes":""},"categories":[1591],"tags":[11,1887,12,1885,1886,132],"class_list":{"0":"post-622919","1":"post","2":"type-post","3":"status-publish","4":"format-standard","5":"has-post-thumbnail","7":"category-russie","8":"tag-actualites","9":"tag-federation-de-russie","10":"tag-news","11":"tag-russia","12":"tag-russian-federation","13":"tag-russie"},"share_on_mastodon":{"url":"https:\/\/pubeurope.com\/@fr\/115784826605180893","error":""},"_links":{"self":[{"href":"https:\/\/www.europesays.com\/fr\/wp-json\/wp\/v2\/posts\/622919","targetHints":{"allow":["GET"]}}],"collection":[{"href":"https:\/\/www.europesays.com\/fr\/wp-json\/wp\/v2\/posts"}],"about":[{"href":"https:\/\/www.europesays.com\/fr\/wp-json\/wp\/v2\/types\/post"}],"author":[{"embeddable":true,"href":"https:\/\/www.europesays.com\/fr\/wp-json\/wp\/v2\/users\/2"}],"replies":[{"embeddable":true,"href":"https:\/\/www.europesays.com\/fr\/wp-json\/wp\/v2\/comments?post=622919"}],"version-history":[{"count":0,"href":"https:\/\/www.europesays.com\/fr\/wp-json\/wp\/v2\/posts\/622919\/revisions"}],"wp:featuredmedia":[{"embeddable":true,"href":"https:\/\/www.europesays.com\/fr\/wp-json\/wp\/v2\/media\/622920"}],"wp:attachment":[{"href":"https:\/\/www.europesays.com\/fr\/wp-json\/wp\/v2\/media?parent=622919"}],"wp:term":[{"taxonomy":"category","embeddable":true,"href":"https:\/\/www.europesays.com\/fr\/wp-json\/wp\/v2\/categories?post=622919"},{"taxonomy":"post_tag","embeddable":true,"href":"https:\/\/www.europesays.com\/fr\/wp-json\/wp\/v2\/tags?post=622919"}],"curies":[{"name":"wp","href":"https:\/\/api.w.org\/{rel}","templated":true}]}}