{"id":622921,"date":"2025-12-26T08:03:17","date_gmt":"2025-12-26T08:03:17","guid":{"rendered":"https:\/\/www.europesays.com\/fr\/622921\/"},"modified":"2025-12-26T08:03:17","modified_gmt":"2025-12-26T08:03:17","slug":"zelensky-annonce-une-rencontre-de-haut-niveau-avec-donald-trump-dans-un-avenir-proche","status":"publish","type":"post","link":"https:\/\/www.europesays.com\/fr\/622921\/","title":{"rendered":"Zelensky annonce une rencontre de haut niveau avec Donald Trump \u00ab dans un avenir proche \u00bb"},"content":{"rendered":"<p style=\"text-align:justify;\">AA \/ Istanbul \/ Mariem Njeh<\/p>\n<p style=\"text-align:justify;\">Le pr\u00e9sident ukrainien Volodymyr Zelensky a annonc\u00e9 vendredi qu\u2019une rencontre de haut niveau avec le pr\u00e9sident am\u00e9ricain Donald Trump est pr\u00e9vue \u00ab dans un avenir proche \u00bb, affirmant que des d\u00e9cisions importantes pourraient \u00eatre prises avant la fin de l\u2019ann\u00e9e.<\/p>\n<p style=\"text-align:justify;\">Dans un message publi\u00e9 sur le r\u00e9seau social am\u00e9ricain X, Zelensky a indiqu\u00e9 que le n\u00e9gociateur en chef de l\u2019Ukraine, Rustem Umerov, lui avait fait rapport de ses derniers contacts avec la partie am\u00e9ricaine. \u00ab Nous ne perdons pas un seul jour. Nous nous sommes mis d\u2019accord sur une r\u00e9union au plus haut niveau, avec le pr\u00e9sident Trump, dans un avenir proche. Beaucoup de choses peuvent \u00eatre d\u00e9cid\u00e9es avant le Nouvel An \u00bb, a-t-il d\u00e9clar\u00e9.<\/p>\n<p style=\"text-align:justify;\">Cette annonce intervient au lendemain d\u2019une \u00ab conversation fructueuse \u00bb, selon Zelensky, avec l\u2019envoy\u00e9 am\u00e9ricain Steve Witkoff et Jared Kushner, gendre de Donald Trump, consacr\u00e9e aux efforts visant \u00e0 mettre fin \u00e0 la guerre men\u00e9e par la Russie contre l\u2019Ukraine.<\/p>\n<p style=\"text-align:justify;\">\u00ab Nous travaillons v\u00e9ritablement 24 heures sur 24 pour rapprocher la fin de cette guerre brutale de la Russie contre l\u2019Ukraine et pour nous assurer que tous les documents et \u00e9tapes soient r\u00e9alistes, efficaces et fiables \u00bb, avait affirm\u00e9 jeudi le pr\u00e9sident ukrainien dans un communiqu\u00e9.<\/p>\n<p style=\"text-align:justify;\">Zelensky a pr\u00e9cis\u00e9 que les discussions avaient port\u00e9 sur \u00ab des d\u00e9tails concrets du travail en cours \u00bb, \u00e9voquant \u00ab de bonnes id\u00e9es \u00bb susceptibles de contribuer \u00e0 \u00ab un r\u00e9sultat partag\u00e9 et \u00e0 une paix durable \u00bb. Il a \u00e9galement exprim\u00e9 sa gratitude pour les v\u0153ux de No\u00ebl \u00e9chang\u00e9s lors de l\u2019entretien.<\/p>\n<p style=\"text-align:justify;\">Le chef de l\u2019\u00c9tat ukrainien a indiqu\u00e9 avoir pris part \u00e0 ces \u00e9changes aux c\u00f4t\u00e9s d\u2019une d\u00e9l\u00e9gation de haut niveau, comprenant notamment le secr\u00e9taire du Conseil national de s\u00e9curit\u00e9 et de d\u00e9fense de l\u2019Ukraine, Rustem Umerov, le ministre ukrainien des Affaires \u00e9trang\u00e8res, Andrii Sybiha, et le chef d\u2019\u00e9tat-major Andrii Hnatov.<\/p>\n<p style=\"text-align:justify;\">Un plan en 28 points visant \u00e0 mettre fin \u00e0 la guerre en Ukraine avait \u00e9t\u00e9 propos\u00e9 initialement par Donald Trump. Des travaux sont depuis en cours afin d\u2019affiner cette proposition et de la rendre acceptable pour l\u2019ensemble des parties concern\u00e9es.<\/p>\n<p>                            &#13;<br \/>\n                                <a href=\"https:\/\/www.aa.com.tr\/fr\/p\/abonnement\/1001\" target=\"_blank\" style=\"font-size:12px; color:#444; text-decoration:none;\" rel=\"noopener\">&#13;<br \/>\n                                    Seulement une partie des d\u00e9p\u00eaches, que l&rsquo;Agence Anadolu diffuse \u00e0 ses abonn\u00e9s via le Syst\u00e8me de Diffusion interne (HAS), est diffus\u00e9e sur le site de l&rsquo;AA, de mani\u00e8re r\u00e9sum\u00e9e. <b style=\"color:#1897F7\">Contactez-nous s&rsquo;il vous pla\u00eet pour vous abonner.<\/b>&#13;<br \/>\n                                <\/a>&#13;<\/p>\n","protected":false},"excerpt":{"rendered":"AA \/ Istanbul \/ Mariem Njeh Le pr\u00e9sident ukrainien Volodymyr Zelensky a annonc\u00e9 vendredi qu\u2019une rencontre de haut&hellip;\n","protected":false},"author":2,"featured_media":622922,"comment_status":"","ping_status":"","sticky":false,"template":"","format":"standard","meta":{"footnotes":""},"categories":[1590],"tags":[11,1785,75,1777,674,12,132,220],"class_list":{"0":"post-622921","1":"post","2":"type-post","3":"status-publish","4":"format-standard","5":"has-post-thumbnail","7":"category-ukraine","8":"tag-actualites","9":"tag-anadolu-ajansi","10":"tag-donald-trump","11":"tag-eu","12":"tag-europe","13":"tag-news","14":"tag-russie","15":"tag-ukraine"},"share_on_mastodon":{"url":"https:\/\/pubeurope.com\/@fr\/115784830609623715","error":""},"_links":{"self":[{"href":"https:\/\/www.europesays.com\/fr\/wp-json\/wp\/v2\/posts\/622921","targetHints":{"allow":["GET"]}}],"collection":[{"href":"https:\/\/www.europesays.com\/fr\/wp-json\/wp\/v2\/posts"}],"about":[{"href":"https:\/\/www.europesays.com\/fr\/wp-json\/wp\/v2\/types\/post"}],"author":[{"embeddable":true,"href":"https:\/\/www.europesays.com\/fr\/wp-json\/wp\/v2\/users\/2"}],"replies":[{"embeddable":true,"href":"https:\/\/www.europesays.com\/fr\/wp-json\/wp\/v2\/comments?post=622921"}],"version-history":[{"count":0,"href":"https:\/\/www.europesays.com\/fr\/wp-json\/wp\/v2\/posts\/622921\/revisions"}],"wp:featuredmedia":[{"embeddable":true,"href":"https:\/\/www.europesays.com\/fr\/wp-json\/wp\/v2\/media\/622922"}],"wp:attachment":[{"href":"https:\/\/www.europesays.com\/fr\/wp-json\/wp\/v2\/media?parent=622921"}],"wp:term":[{"taxonomy":"category","embeddable":true,"href":"https:\/\/www.europesays.com\/fr\/wp-json\/wp\/v2\/categories?post=622921"},{"taxonomy":"post_tag","embeddable":true,"href":"https:\/\/www.europesays.com\/fr\/wp-json\/wp\/v2\/tags?post=622921"}],"curies":[{"name":"wp","href":"https:\/\/api.w.org\/{rel}","templated":true}]}}