{"id":622935,"date":"2025-12-26T08:11:12","date_gmt":"2025-12-26T08:11:12","guid":{"rendered":"https:\/\/www.europesays.com\/fr\/622935\/"},"modified":"2025-12-26T08:11:12","modified_gmt":"2025-12-26T08:11:12","slug":"le-casque-de-ski-bientot-obligatoire-en-france","status":"publish","type":"post","link":"https:\/\/www.europesays.com\/fr\/622935\/","title":{"rendered":"le casque de ski bient\u00f4t obligatoire en France\u00a0?"},"content":{"rendered":"<p>                    Par<br \/>\n        <strong><br \/>\n            <a href=\"https:\/\/actu.fr\/auteur\/caroline-canault\" title=\"Consulter tous les articles de Agence de presse APEI\" target=\"_blank\" rel=\"noopener\">Agence de presse APEI<\/a><br \/>\n                    <\/strong><\/p>\n<p>        Publi\u00e9 le<\/p>\n<p>            26 d\u00e9c. 2025 \u00e0 9h00        <\/p>\n<p>Ce 1\u1d49\u02b3 novembre 2025, l\u2019Italie a choisi d\u2019<strong>imposer le port du casque \u00e0 tous les usagers des pistes de ski.<\/strong> Ski alpin, snowboard ou luge sont concern\u00e9s, sous peine d\u2019<strong>amende et de retrait de forfait<\/strong> en cas de r\u00e9cidive.\u00a0<\/p>\n<p class=\" wall-content\">Cette d\u00e9cision, motiv\u00e9e par <strong>la hausse des traumatismes cr\u00e2niens<\/strong>, a imm\u00e9diatement relanc\u00e9 le d\u00e9bat en France comme le souligne <a href=\"https:\/\/www.ledauphine.com\/actualite\/2025\/12\/06\/apres-l-italie-le-casque-deviendra-t-il-obligatoire-en-france\" target=\"_blank\" rel=\"noopener\">Le Dauphin\u00e9 Lib\u00e9r\u00e9<\/a> dans un article publi\u00e9 le 6 d\u00e9cembre. <a href=\"https:\/\/actu.fr\/auvergne-rhone-alpes\/\" target=\"_blank\" rel=\"noopener\">L\u2019Auvergne-Rh\u00f4ne-Alpes<\/a> pourrait bien prochainement \u00eatre le terrain de cette nouvelle application.<\/p>\n<p>La France observe, mais ne l\u00e9gif\u00e8re pas encore<\/p>\n<p class=\" wall-content\">En France, le port du casque n\u2019est pas obligatoire sur les pistes, m\u00eame si plus de <strong>90 % des skieurs en sont aujourd\u2019hui \u00e9quip\u00e9s<\/strong>. Jusqu\u2019\u00e0 pr\u00e9sent, les pouvoirs publics privil\u00e9gient la pr\u00e9vention et la responsabilisation individuelle, plut\u00f4t qu\u2019une obligation l\u00e9gale pr\u00e9cisent nos confr\u00e8res du Dauphin\u00e9 Lib\u00e9r\u00e9.<\/p>\n<p class=\" wall-content\">Une proposition de loi \u00e9voqu\u00e9e ces derni\u00e8res ann\u00e9es, visant notamment les enfants ou les skieurs de petite taille, n\u2019a pas encore abouti.<\/p>\n<p>Les stations fran\u00e7aises sous pression<\/p>\n<p class=\" wall-content\">Dans les Alpes fran\u00e7aises, certaines stations et \u00e9coles de ski ont d\u00e9j\u00e0 pris les devants. <strong>Le casque est syst\u00e9matiquement exig\u00e9 pour les enfants en cours collectifs<\/strong>, et fortement recommand\u00e9 pour tous les pratiquants comme le souligne le m\u00e9dia <a href=\"https:\/\/www.mon-sejour-en-montagne.com\/actualites\/une-premiere-en-europe-le-port-du-casque-est-obligatoire-sur-des-pistes-de-ski-des-alpes\/\" target=\"_blank\" rel=\"noopener\">Mon s\u00e9jour en montagne.\u00a0<\/a><\/p>\n<p class=\" wall-content\">Cette g\u00e9n\u00e9ralisation de fait alimente l\u2019id\u00e9e qu\u2019une obligation l\u00e9gale serait d\u00e9sormais une simple formalit\u00e9, tant les habitudes ont \u00e9volu\u00e9.<\/p>\n<p>Une obligation \u00e0 l\u2019\u00e9tude<\/p>\n<p class=\" wall-content\">D\u2019apr\u00e8s <a href=\"https:\/\/www.leparisien.fr\/savoie-73\/comme-en-italie-le-casque-bientot-obligatoire-sur-les-pistes-de-ski-francaises-14-12-2025-K3NHVWKLR5BQ7NU2D2IQYC7FX4.php?ts=1765825488057\" target=\"_blank\" rel=\"noopener\">Le Parisien<\/a>, le gouvernement fran\u00e7ais \u00e9tudie s\u00e9rieusement la possibilit\u00e9 de rendre le casque obligatoire sur les pistes de ski, \u00e0 l\u2019image de l\u2019Italie. Le quotidien indique que les discussions concernent<strong> en priorit\u00e9 les zones tr\u00e8s fr\u00e9quent\u00e9es et les stations familiales<\/strong>, o\u00f9 les collisions sont les plus nombreuses.<\/p>\n<p>Votre r\u00e9gion, votre actu !<\/p>\n<p>Recevez chaque jour les infos qui comptent pour vous.<\/p>\n<p>\t<a href=\"https:\/\/actu.fr\/newsletter\" class=\"ac-btn ac-btn--corner ac-btn--medium ac-btn--blue800\" target=\"_blank\" rel=\"noopener\">S&rsquo;incrire<\/a><\/p>\n<p class=\" wall-content\">Toujours selon Le Parisien, cette r\u00e9flexion s\u2019inscrit dans une volont\u00e9 plus large d\u2019harmonisation des r\u00e8gles de s\u00e9curit\u00e9 au niveau europ\u00e9en, alors que les flux de skieurs entre pays sont constants.<\/p>\n<p class=\" wall-content\">Personnalisez votre actualit\u00e9 en ajoutant vos villes et m\u00e9dias en favori avec <a href=\"https:\/\/moncompte.actu.fr\" title=\"D\u00e9couvez Mon Actu\" rel=\"nofollow noopener\" data-trk=\"{&quot;cta&quot;:{&quot;action&quot;:&quot;https:\\\/\\\/moncompte.actu.fr&quot;,&quot;category&quot;:&quot;mon compte&quot;,&quot;from&quot;:&quot;article footer&quot;,&quot;name&quot;:&quot;Mon actu&quot;,&quot;type&quot;:&quot;cta&quot;}}\" target=\"_blank\">Mon Actu<\/a>.<\/p>\n","protected":false},"excerpt":{"rendered":"Par Agence de presse APEI Publi\u00e9 le 26 d\u00e9c. 2025 \u00e0 9h00 Ce 1\u1d49\u02b3 novembre 2025, l\u2019Italie a&hellip;\n","protected":false},"author":2,"featured_media":622936,"comment_status":"","ping_status":"","sticky":false,"template":"","format":"standard","meta":{"footnotes":""},"categories":[4],"tags":[11,1011,27,68900,12,25,4129,60],"class_list":{"0":"post-622935","1":"post","2":"type-post","3":"status-publish","4":"format-standard","5":"has-post-thumbnail","7":"category-france","8":"tag-actualites","9":"tag-fr","10":"tag-france","11":"tag-montagnes-du-jura","12":"tag-news","13":"tag-republique-francaise","14":"tag-ski","15":"tag-sports"},"share_on_mastodon":{"url":"https:\/\/pubeurope.com\/@fr\/115784861806336995","error":""},"_links":{"self":[{"href":"https:\/\/www.europesays.com\/fr\/wp-json\/wp\/v2\/posts\/622935","targetHints":{"allow":["GET"]}}],"collection":[{"href":"https:\/\/www.europesays.com\/fr\/wp-json\/wp\/v2\/posts"}],"about":[{"href":"https:\/\/www.europesays.com\/fr\/wp-json\/wp\/v2\/types\/post"}],"author":[{"embeddable":true,"href":"https:\/\/www.europesays.com\/fr\/wp-json\/wp\/v2\/users\/2"}],"replies":[{"embeddable":true,"href":"https:\/\/www.europesays.com\/fr\/wp-json\/wp\/v2\/comments?post=622935"}],"version-history":[{"count":0,"href":"https:\/\/www.europesays.com\/fr\/wp-json\/wp\/v2\/posts\/622935\/revisions"}],"wp:featuredmedia":[{"embeddable":true,"href":"https:\/\/www.europesays.com\/fr\/wp-json\/wp\/v2\/media\/622936"}],"wp:attachment":[{"href":"https:\/\/www.europesays.com\/fr\/wp-json\/wp\/v2\/media?parent=622935"}],"wp:term":[{"taxonomy":"category","embeddable":true,"href":"https:\/\/www.europesays.com\/fr\/wp-json\/wp\/v2\/categories?post=622935"},{"taxonomy":"post_tag","embeddable":true,"href":"https:\/\/www.europesays.com\/fr\/wp-json\/wp\/v2\/tags?post=622935"}],"curies":[{"name":"wp","href":"https:\/\/api.w.org\/{rel}","templated":true}]}}