{"id":622937,"date":"2025-12-26T08:13:18","date_gmt":"2025-12-26T08:13:18","guid":{"rendered":"https:\/\/www.europesays.com\/fr\/622937\/"},"modified":"2025-12-26T08:13:18","modified_gmt":"2025-12-26T08:13:18","slug":"des-moyens-bien-utilises-ca-donne-des-resultats-helena-cazaute-la-capitaine-de-lequipe-de-france-de-volley-evoque-sa-superbe-saison","status":"publish","type":"post","link":"https:\/\/www.europesays.com\/fr\/622937\/","title":{"rendered":"\u00ab\u00a0Des moyens bien utilis\u00e9s, \u00e7a donne des r\u00e9sultats\u00a0\u00bb\u00a0: H\u00e9l\u00e9na Cazaute, la capitaine de l\u2019\u00e9quipe de France de volley, \u00e9voque sa superbe saison"},"content":{"rendered":"<p>\n                                                                La volleyeuse gruissanaise a re\u00e7u mercredi le Prix UJSF de la sportive de l\u2019ann\u00e9e 2025 en Occitanie.\n                            <\/p>\n<p class=\"txt-question\">Vous avez re\u00e7u mercredi le Prix UJSF de la sportive de l\u2019ann\u00e9e 2025 en Occitanie. \u00cates-vous sensible \u00e0 ce genre de r\u00e9compense individuelle\u00a0?<\/p>\n<p>Je pratique un sport collectif donc c\u2019est toujours le collectif qui passe en premier. Mais \u00e7a reste quand m\u00eame une belle r\u00e9compense pour moi et pour le club qui m\u2019a form\u00e9, Gruissan. \u00c7a montre que la formation fran\u00e7aise fonctionne. Le club de Gruissan f\u00eatera ses 50 ans l\u2019ann\u00e9e prochaine. Cette remise des prix, ici, c\u2019\u00e9tait un beau moment de partage.<\/p>\n<p class=\"txt-question\">Ce prix r\u00e9compense la formation, il r\u00e9compense aussi la superbe saison que vous avez r\u00e9alis\u00e9e. Notamment avec l\u2019\u00e9quipe de France dont vous \u00eates la capitaine.<\/p>\n<p>Bien s\u00fbr. On a vraiment pass\u00e9 un bel \u00e9t\u00e9 avec ce quart de finale du Championnat du monde face au Br\u00e9sil. On a senti beaucoup de soutien de la part du public mais aussi des m\u00e9dias. Il y a rarement autant d\u2019appels de journalistes. Ce n\u2019\u00e9tait pas dans nos habitudes. C\u2019\u00e9tait cool, \u00e7a donne envie de faire d\u2019autres r\u00e9sultats. Le prochain objectif, ce sera la qualification pour les Jeux Olympiques de Los Angeles, en 2028.<\/p>\n<p class=\"std-elt__inline\">\n        <strong>\u00c0 lire aussi :<\/strong><br \/>\n        <a href=\"https:\/\/www.midilibre.fr\/2024\/01\/22\/podcast-jo-de-paris-2024-rencontre-avec-helena-cazaute-gruissanaise-et-capitaine-de-lequipe-de-france-de-volley-ball-11706766.php\" target=\"_blank\" rel=\"noopener\">PODCAST. JO de Paris 2024 : rencontre avec H\u00e9l\u00e9na Cazaute, Gruissanaise et capitaine de l&rsquo;\u00e9quipe de France de volley-ball<\/a>\n    <\/p>\n<p class=\"txt-question\">Quelle sera la marche \u00e0 suivre\u00a0?<\/p>\n<p>Cette fois, il n\u2019y aura pas de tournoi de qualification, c\u2019est le ranking (le classement) qui d\u00e9terminera notre qualification. Il faudra donc \u00eatre comp\u00e9titive durant les trois prochains \u00e9t\u00e9s et confirmer notre \u00e9volution.<\/p>\n<p>\u00ab\u00a0C\u2019est terrible pour toutes les joueuses qui restent\u00a0\u00bb<\/p>\n<p class=\"txt-question\">Depuis les JO de Paris, en 2024, et tout ce qui a \u00e9t\u00e9 mis en place en amont, le volley f\u00e9minin fran\u00e7ais semble avoir pass\u00e9 un cap. \u00cates-vous d\u2019accord avec ce constat\u00a0?<\/p>\n<p>Totalement. La f\u00e9d\u00e9ration nous a donn\u00e9 beaucoup de moyens, ce qui n\u2019\u00e9tait pas le cas auparavant. Et des moyens bien utilis\u00e9s, on l\u2019a vu, \u00e7a donne des r\u00e9sultats. On a gagn\u00e9 la Golden League, on s\u2019est qualifi\u00e9 pour la Ligue mondiale, on a failli participer au Top 8\u2026 Et puis il y a eu le quart de finale du Mondial. Personne ne nous attendait \u00e0 ce niveau. Il faut esp\u00e9rer que \u00e7a continue.<\/p>\n<p class=\"txt-question\">Si l\u2019\u00e9quipe de France \u00e9volue de fa\u00e7on int\u00e9ressante, c\u2019est en revanche plus compliqu\u00e9 pour le Championnat de France. L\u00e0, pas grand-chose ne bouge\u2026<\/p>\n<p>Malheureusement\u2026 On pourrait commencer par mettre plus de joueuses fran\u00e7aises sur le terrain. En Italie ou en Turquie, ce sont trois Italiennes ou trois Turques obligatoirement sur le parquet. En France, c\u2019est seulement une\u2026 \u00c7a part de l\u00e0. Beaucoup de filles que je connais me le disent\u00a0: \u00ab\u00a0Le niveau est en train de baisser\u00a0\u00bb. C\u2019est pour \u00e7a que nous sommes nombreuses \u00e0 nous expatrier. Notamment les internationales. C\u2019est le seul moyen de progresser et de conna\u00eetre de nouvelles exp\u00e9riences.<\/p>\n<p class=\"txt-question\">Comment le vivez-vous depuis Istanbul o\u00f9 vous jouez depuis six mois\u00a0?<\/p>\n<p>C\u2019est terrible pour toutes les joueuses qui restent. On esp\u00e8re que les choses changent chaque ann\u00e9e. Mais rien ne se passe. Il y a des choses derri\u00e8re qui h\u00e9las nous d\u00e9passe.<\/p>\n<p class=\"txt-question\">Un mot sur votre vie en Turquie. Comment \u00e7a se passe \u00e0 Istanbul\u00a0?<\/p>\n<p>J\u2019avais un peu peur au d\u00e9but. \u00c7a reste une ville immense. Je n\u2019en ai vu que le quart pour le moment. On y vit bien. Je me sens en s\u00e9curit\u00e9.<\/p>\n<p class=\"txt-question\">Et votre club (Vakifbank)\u00a0?<\/p>\n<p>L\u2019organisation est top. De ce point de vue c\u2019est l\u2019un des meilleurs clubs du monde. J\u2019ai \u00e9t\u00e9 surprise par le professionnalisme. Tout est fait pour la joueuse.<\/p>\n","protected":false},"excerpt":{"rendered":"La volleyeuse gruissanaise a re\u00e7u mercredi le Prix UJSF de la sportive de l\u2019ann\u00e9e 2025 en Occitanie. Vous&hellip;\n","protected":false},"author":2,"featured_media":622938,"comment_status":"","ping_status":"","sticky":false,"template":"","format":"standard","meta":{"footnotes":""},"categories":[1417],"tags":[4086,1011,27,71852,517,60,1470,1632,1469],"class_list":{"0":"post-622937","1":"post","2":"type-post","3":"status-publish","4":"format-standard","5":"has-post-thumbnail","7":"category-volley","8":"tag-aude","9":"tag-fr","10":"tag-france","11":"tag-gruissan","12":"tag-sport","13":"tag-sports","14":"tag-volley","15":"tag-volley-ball","16":"tag-volleyball"},"share_on_mastodon":{"url":"https:\/\/pubeurope.com\/@fr\/115784869639920396","error":""},"_links":{"self":[{"href":"https:\/\/www.europesays.com\/fr\/wp-json\/wp\/v2\/posts\/622937","targetHints":{"allow":["GET"]}}],"collection":[{"href":"https:\/\/www.europesays.com\/fr\/wp-json\/wp\/v2\/posts"}],"about":[{"href":"https:\/\/www.europesays.com\/fr\/wp-json\/wp\/v2\/types\/post"}],"author":[{"embeddable":true,"href":"https:\/\/www.europesays.com\/fr\/wp-json\/wp\/v2\/users\/2"}],"replies":[{"embeddable":true,"href":"https:\/\/www.europesays.com\/fr\/wp-json\/wp\/v2\/comments?post=622937"}],"version-history":[{"count":0,"href":"https:\/\/www.europesays.com\/fr\/wp-json\/wp\/v2\/posts\/622937\/revisions"}],"wp:featuredmedia":[{"embeddable":true,"href":"https:\/\/www.europesays.com\/fr\/wp-json\/wp\/v2\/media\/622938"}],"wp:attachment":[{"href":"https:\/\/www.europesays.com\/fr\/wp-json\/wp\/v2\/media?parent=622937"}],"wp:term":[{"taxonomy":"category","embeddable":true,"href":"https:\/\/www.europesays.com\/fr\/wp-json\/wp\/v2\/categories?post=622937"},{"taxonomy":"post_tag","embeddable":true,"href":"https:\/\/www.europesays.com\/fr\/wp-json\/wp\/v2\/tags?post=622937"}],"curies":[{"name":"wp","href":"https:\/\/api.w.org\/{rel}","templated":true}]}}