{"id":62294,"date":"2025-04-29T17:08:43","date_gmt":"2025-04-29T17:08:43","guid":{"rendered":"https:\/\/www.europesays.com\/fr\/62294\/"},"modified":"2025-04-29T17:08:43","modified_gmt":"2025-04-29T17:08:43","slug":"navigo-imagine-r-une-aide-de-100-euros-pour-les-lyceens-franciliens","status":"publish","type":"post","link":"https:\/\/www.europesays.com\/fr\/62294\/","title":{"rendered":"Navigo Imagine R\u00a0: une aide de 100\u00a0euros pour les lyc\u00e9ens franciliens"},"content":{"rendered":"<p class=\"paragraph lpe text_align_left\">Se faire rembourser 100 euros sur son Navigo Imagine R ? C\u2019est d\u00e9sormais possible si vous \u00eates lyc\u00e9en en \u00cele-de-France, <a href=\"https:\/\/www.iledefrance.fr\/toutes-les-actualites\/appli-labaz-100-euros-pour-financer-le-navigo-imagine-r-des-lyceens\" target=\"_blank\" rel=\"nofollow noopener\">avec l\u2019appli Labaz, destin\u00e9e aux 15-25 ans franciliens<\/a>. Lanc\u00e9e il y a un an par la r\u00e9gion \u00cele-de-France, Labaz entend donner un coup de pouce financier pour la rentr\u00e9e aux lyc\u00e9ens d\u00e9tenteurs d\u2019une carte Navigo Imagine R et les inciter \u00e0 se d\u00e9placer en transports en commun. Ces 100 euros seront ainsi pris en charge sur les 382,40 euros du co\u00fbt du forfait Navigo Imagine R.<\/p>\n<p class=\"paragraph lpe text_align_left\">Pour b\u00e9n\u00e9ficier de cette aide, il faut t\u00e9l\u00e9charger l\u2019application mobile gratuite Labaz et remplir le formulaire de demande de l\u2019aide disponible sur l\u2019appli \u00e0 partir du 1er octobre. D\u2019apr\u00e8s la r\u00e9gion \u00cele-de-France, les remboursements seront effectu\u00e9s \u00e0 partir de la mi-novembre 2024. Cette aide, qui concerne potentiellement 500 000 lyc\u00e9ens franciliens, ne peut pas \u00eatre cumul\u00e9e avec d\u2019autres aides d\u00e9partementales.<\/p>\n<p>D\u2019autres aides disponibles<\/p>\n<p class=\"paragraph lpe text_align_left\">D\u2019autres coups de pouces sont \u00e9galement propos\u00e9s sur l\u2019application, tels que 100 euros pour s\u2019inscrire dans une association culturelle ou un club de sport (pour les 15-17 ans), ainsi que pour l\u2019achat d\u2019un v\u00e9lo m\u00e9canique (pour les 15-25 ans).<\/p>\n<p class=\"paragraph lpe text_align_left\">En septembre, c\u2019est la Ville de Paris qui a reconduit sa politique de gratuit\u00e9 des transports <a href=\"https:\/\/www.paris.fr\/pages\/remboursement-des-transports-pour-les-jeunes-parisiens-7064\" target=\"_blank\" rel=\"nofollow noopener\">pour les Parisiens \u00e2g\u00e9s de 4 \u00e0 18 ans<\/a> et les \u00e9tudiants de moins de 20 ans b\u00e9n\u00e9ficiaires de l\u2019allocation d\u2019\u00e9ducation de l\u2019enfant handicap\u00e9 (AEEH). La municipalit\u00e9 a rouvert son dispositif de remboursement \u00e0 100 % des abonnements Imagine R et V\u00e9lib\u2019pour les plus jeunes. Un remboursement qui se fait normalement dans un d\u00e9lai de deux mois apr\u00e8s la demande en ligne <a href=\"https:\/\/v70-auth.paris.fr\/auth\/realms\/paris\/protocol\/openid-connect\/auth?client_id=moncompte&amp;response_type=code&amp;redirect_uri=https%3A%2F%2Fmoncompte.paris.fr%2Fmoncompte%2Fservlet%2Fplugins%2Foauth2%2Fcallback%3Fdata_client%3DauthData&amp;scope=openid&amp;state=34b02d2259d34d16c6c56a79720495fa&amp;nonce=82df93e86858629b4eadd7d393250312\" target=\"_blank\" rel=\"nofollow noopener\">sur la plateforme MonParis<\/a>.<\/p>\n","protected":false},"excerpt":{"rendered":"Se faire rembourser 100 euros sur son Navigo Imagine R ? C\u2019est d\u00e9sormais possible si vous \u00eates lyc\u00e9en&hellip;\n","protected":false},"author":2,"featured_media":62295,"comment_status":"","ping_status":"","sticky":false,"template":"","format":"standard","meta":{"footnotes":""},"categories":[1592],"tags":[1111,11,1777,674,1011,27,662,2684,2633,12,626,25],"class_list":{"0":"post-62294","1":"post","2":"type-post","3":"status-publish","4":"format-standard","5":"has-post-thumbnail","7":"category-ile-de-france","8":"tag-actu","9":"tag-actualites","10":"tag-eu","11":"tag-europe","12":"tag-fr","13":"tag-france","14":"tag-ile-de-france","15":"tag-le-parisien-etudiant","16":"tag-lycee","17":"tag-news","18":"tag-paris","19":"tag-republique-francaise"},"share_on_mastodon":{"url":"https:\/\/pubeurope.com\/@fr\/114422356695025496","error":""},"_links":{"self":[{"href":"https:\/\/www.europesays.com\/fr\/wp-json\/wp\/v2\/posts\/62294","targetHints":{"allow":["GET"]}}],"collection":[{"href":"https:\/\/www.europesays.com\/fr\/wp-json\/wp\/v2\/posts"}],"about":[{"href":"https:\/\/www.europesays.com\/fr\/wp-json\/wp\/v2\/types\/post"}],"author":[{"embeddable":true,"href":"https:\/\/www.europesays.com\/fr\/wp-json\/wp\/v2\/users\/2"}],"replies":[{"embeddable":true,"href":"https:\/\/www.europesays.com\/fr\/wp-json\/wp\/v2\/comments?post=62294"}],"version-history":[{"count":0,"href":"https:\/\/www.europesays.com\/fr\/wp-json\/wp\/v2\/posts\/62294\/revisions"}],"wp:featuredmedia":[{"embeddable":true,"href":"https:\/\/www.europesays.com\/fr\/wp-json\/wp\/v2\/media\/62295"}],"wp:attachment":[{"href":"https:\/\/www.europesays.com\/fr\/wp-json\/wp\/v2\/media?parent=62294"}],"wp:term":[{"taxonomy":"category","embeddable":true,"href":"https:\/\/www.europesays.com\/fr\/wp-json\/wp\/v2\/categories?post=62294"},{"taxonomy":"post_tag","embeddable":true,"href":"https:\/\/www.europesays.com\/fr\/wp-json\/wp\/v2\/tags?post=62294"}],"curies":[{"name":"wp","href":"https:\/\/api.w.org\/{rel}","templated":true}]}}