{"id":622948,"date":"2025-12-26T08:24:13","date_gmt":"2025-12-26T08:24:13","guid":{"rendered":"https:\/\/www.europesays.com\/fr\/622948\/"},"modified":"2025-12-26T08:24:13","modified_gmt":"2025-12-26T08:24:13","slug":"on-a-vole-la-joconde-comment-le-chef-doeuvre-de-leonard-de-vinci-a-ete-derobe-au-louvre-en-plein-jour","status":"publish","type":"post","link":"https:\/\/www.europesays.com\/fr\/622948\/","title":{"rendered":"\u00ab\u00a0On a vol\u00e9 La Joconde\u00a0\u00bb\u2026 Comment le chef-d\u2019\u0153uvre de L\u00e9onard de Vinci a \u00e9t\u00e9 d\u00e9rob\u00e9 au Louvre en plein jour"},"content":{"rendered":"<p>Que serait le <a href=\"https:\/\/www.20minutes.fr\/dossier\/louvre\" class=\"c-link c-link--is-underlined\" target=\"_blank\" rel=\"noopener\">Louvre<\/a> sans La Joconde\u00a0? Le mus\u00e9e accueillerait-il autant de visiteurs s\u2019il n\u2019avait pas entre ses murs le chef-d\u2019\u0153uvre de <a href=\"https:\/\/www.20minutes.fr\/paris\/4180380-20251021-cambriolage-louvre-existe-valeur-juridique-quoi-uvre-inestimable\" target=\"_blank\" class=\"c-link c-link--is-underlined\" rel=\"noopener\">L\u00e9onard de Vinci, probablement le tableau le plus c\u00e9l\u00e8bre du monde<\/a>\u00a0? Cette question a bien failli se poser. Pas \u00e0 l\u2019automne dernier, lorsque <a href=\"https:\/\/www.20minutes.fr\/justice\/4188033-20251126-cambriolage-louvre-balcon-monte-charge-audit-securite-prevu-scenario-casse\" target=\"_blank\" class=\"c-link c-link--is-underlined\" rel=\"noopener\">les bijoux de l\u2019imp\u00e9ratrice ont \u00e9t\u00e9 d\u00e9rob\u00e9s<\/a> \u2013 la protection de La Joconde est autrement plus cons\u00e9quente, mais en\u00a01911. La toile a \u00e9t\u00e9 subtilis\u00e9e en plein jour pour ne r\u00e9appara\u00eetre que deux ans plus tard \u00e0 Florence, en Italie. \u00ab\u00a0C\u2019est un tableau qui a \u00e9t\u00e9 c\u00e9l\u00e8bre d\u00e8s le moment o\u00f9 L\u00e9onard de Vinci a commenc\u00e9 \u00e0 le peindre, mais il est vraiment devenu une ic\u00f4ne mondiale apr\u00e8s ce vol\u00a0\u00bb, pr\u00e9cise J\u00e9r\u00f4me Coignard, historien d\u2019art et auteur d\u2019Une femme dispara\u00eet (ed. Le Passage, 2011), consacr\u00e9 \u00e0 cette affaire.<\/p>\n<p>L\u2019alerte est donn\u00e9e le mardi 22\u00a0ao\u00fbt 1911 par le peintre Louis B\u00e9roud. Ce matin-l\u00e0, l\u2019artiste se rend au mus\u00e9e pour faire un croquis pour sa future toile\u00a0&#8211; Mona Lisa au Louvre. Mais en arrivant dans le Salon carr\u00e9, o\u00f9 l\u2019\u0153uvre est expos\u00e9e, son \u00e9lan est stopp\u00e9 net. La toile n\u2019est plus au mur. Il se rapproche alors des gardiens qui ne font pas montre d\u2019une grande inqui\u00e9tude\u00a0: l\u2019\u0153uvre du g\u00e9nie italien a s\u00fbrement \u00e9t\u00e9 d\u00e9croch\u00e9e pour \u00eatre photographi\u00e9e. Mais apr\u00e8s v\u00e9rification, ce n\u2019est pas le cas. Le mus\u00e9e est alors fouill\u00e9 de fond en comble. Rien. Ou presque. Dans un escalier de service sont d\u00e9couverts le cadre et la vitre de protection de la toile. Il faut s\u2019y r\u00e9soudre\u00a0: <a href=\"https:\/\/www.20minutes.fr\/faits_divers\/faits-divers-paris\/4173754-20250917-apres-vol-pepites-or-museum-histoire-naturelle-securisation-musees-hauteur\" target=\"_blank\" class=\"c-link c-link--is-underlined\" rel=\"noopener\">le chef-d\u2019\u0153uvre de L\u00e9onard de Vinci a bel et bien \u00e9t\u00e9 vol\u00e9.<\/a><\/p>\n<\/p>\n<p>Douze gardiens dans le mus\u00e9e<\/p>\n<p>\u00ab\u00a0Peu avant les faits, la s\u00e9curit\u00e9 avait pourtant \u00e9t\u00e9 renforc\u00e9e, notamment en installant un \u00e9clairage la nuit et en renfor\u00e7ant le gardiennage, pr\u00e9cise J\u00e9r\u00f4me Coignard. M\u00eame si \u00e0 l\u2019\u00e9poque, les vols d\u2019\u0153uvres d\u2019art n\u2019\u00e9taient pas aussi fr\u00e9quents qu\u2019aujourd\u2019hui, le directeur du mus\u00e9e avait conscience d\u2019un certain nombre de faiblesses en la mati\u00e8re.\u00a0\u00bb L\u2019enqu\u00eate prend imm\u00e9diatement une dimension nationale. Le pr\u00e9fet d\u00e9barque, l\u2019affaire fait les gros titres de la presse illustr\u00e9e, en plein essor. \u00ab\u00a0On a vol\u00e9 La Joconde\u00a0\u00bb, titrent-ils \u00e0 l\u2019unisson. Rapidement, les enqu\u00eateurs acqui\u00e8rent la certitude que la toile a \u00e9t\u00e9 d\u00e9rob\u00e9e la veille, lundi, jour de fermeture du mus\u00e9e.<\/p>\n<p>Les 24 premi\u00e8res heures, cruciales dans ce genre d\u2019enqu\u00eate, ont ainsi \u00e9t\u00e9 perdues. Toutefois, les policiers disposent d\u2019un \u00e9l\u00e9ment d\u00e9terminant\u00a0: une empreinte de pouce tr\u00e8s nette sur la vitre qui prot\u00e9geait la toile. Depuis\u00a01903, la pr\u00e9fecture de police a commenc\u00e9 \u00e0 recueillir les empreintes des personnes arr\u00eat\u00e9es. L\u2019id\u00e9e est novatrice mais la mise en application est balbutiante\u00a0: il n\u2019existe pas de technique de traitement automatis\u00e9e et chaque fiche doit \u00eatre v\u00e9rifi\u00e9e manuellement. Un travail titanesque.<\/p>\n<p>L\u2019empreinte est compar\u00e9e \u00e0 celle des 250 employ\u00e9s du mus\u00e9e. Aucune ne matche et cette option est rapidement d\u00e9laiss\u00e9e. \u00ab\u00a0Lorsque l\u2019affaire sera r\u00e9solue, on se rendra compte que le voleur avait d\u00e9j\u00e0 une fiche avec son empreinte \u00e0 la pr\u00e9fecture de police\u00a0\u00bb, pr\u00e9cise J\u00e9r\u00f4me Coignard.<\/p>\n<p>Apollinaire et Picasso dans le viseur<\/p>\n<p>Mais alors, qui a bien pu voler La Joconde\u00a0? Dans un contexte de mont\u00e9e des nationalismes en Europe, les journaux d\u2019extr\u00eame droite attribuent ce vol \u00e0 un \u00ab\u00a0complot juif\u00a0\u00bb, affirment m\u00eame que La Joconde se trouverait aux Etats-Unis. L\u2019ambiance autour de l\u2019enqu\u00eate est d\u00e9l\u00e9t\u00e8re. Une parano\u00efa s\u2019installe\u00a0: une personne aper\u00e7ue avec un paquet emball\u00e9 devient rapidement suspecte. Le 7 septembre, la pr\u00e9fecture de Paris annonce une interpellation\u00a0: celle du po\u00e8te Guillaume Apollinaire.<\/p>\n<p>Les enqu\u00eateurs s\u2019int\u00e9ressent notamment \u00e0 son secr\u00e9taire particulier, G\u00e9ry Pieret. Quelques ann\u00e9es auparavant, il a vol\u00e9 des statuettes ph\u00e9niciennes au Louvre. L\u2019une d\u2019elles se trouve chez Apollinaire, l\u2019autre chez Picasso. \u00ab\u00a0A l\u2019\u00e9t\u00e9\u00a01911, il a en vol\u00e9 une troisi\u00e8me. Ses proches l\u2019ont pouss\u00e9 \u00e0 la rendre, et cette restitution a \u00e9t\u00e9 orchestr\u00e9e et mise en sc\u00e8ne dans un journal. La police a remont\u00e9 la trace d\u2019Apollinaire\u00a0\u00bb, pr\u00e9cise l\u2019historien. Il passera cinq jours en d\u00e9tention \u00e0 la prison de la Sant\u00e9. Picasso est \u00e9galement longuement entendu mais laiss\u00e9 libre. Rapidement, les enqu\u00eateurs s\u2019aper\u00e7oivent que ni l\u2019un ni l\u2019autre ne sont li\u00e9s au vol de La Joconde. L\u2019enqu\u00eate patine. Les enqu\u00eateurs sont persuad\u00e9s qu\u2019un tel vol n\u2019a pu \u00eatre commis que par un gang tr\u00e8s organis\u00e9, mais toutes les pistes m\u00e8nent toutes \u00e0 des impasses.<\/p>\n<p>\u00ab\u00a0La Joconde\u00a0\u00bb disparue \u00e0 jamais\u00a0?<\/p>\n<p>En f\u00e9vrier\u00a01912, le Portrait de Baldassare Castiglione, de Rapha\u00ebl, remplace La Joconde qu\u2019on pense alors perdue \u00e0 jamais. \u00ab\u00a0Si l\u2019auteur n\u2019avait pas cherch\u00e9 \u00e0 la revendre, on ne l\u2019aurait jamais retrouv\u00e9\u00a0\u00bb, insiste J\u00e9r\u00f4me Coignon. En novembre\u00a01913, un marchand d\u2019art florentin est contact\u00e9 par un homme souhaitant lui vendre La Joconde. Ce dernier explique avoir agi par patriotisme pour \u00ab\u00a0restituer\u00a0\u00bb l\u2019\u0153uvre \u00e0 son pays. Le galeriste n\u2019y croit pas vraiment, ne serait-ce parce que la toile a \u00e9t\u00e9 achet\u00e9e par Fran\u00e7ois Ier \u00e0 L\u00e9onard de Vinci et donc acquise totalement l\u00e9galement.<\/p>\n<p>Mais le vendeur insiste. \u00ab\u00a0Il revient \u00e0 l\u2019Italie de r\u00e9cup\u00e9rer\u00a0La Joconde, j\u2019\u00e9tais humili\u00e9 de voir l\u00e0-bas, sur un sol \u00e9tranger, cette \u0153uvre consid\u00e9r\u00e9e comme une conqu\u00eate\u00a0\u00bb, \u00e9crit-il. Le marchand accepte mais pr\u00e9vient le directeur du mus\u00e9e des Offices. Le jour du rendez-vous, le myst\u00e9rieux vendeur est cern\u00e9 par les carabiniers. Dans la caisse qu\u2019il transporte, c\u2019est bien le tableau. La Joconde. Absolument intacte.<\/p>\n<p><img decoding=\"async\" alt=\"Vincenzo Perugia, le voleur de &quot;La Joconde&quot;, avait d\u00e9j\u00e0 travaill\u00e9 sur l'oeuvre et connaissait parfaitement les fixations du mur. \" class=\"c-img\" loading=\"lazy\" fetchpriority=\"auto\" width=\"718\"  src=\"https:\/\/img.20mn.fr\/S9M0T2-bROCAVcixSMWpsSk\/718x0\" \/>Vincenzo Perugia, le voleur de \u00ab\u00a0La Joconde\u00a0\u00bb, avait d\u00e9j\u00e0 travaill\u00e9 sur l&rsquo;oeuvre et connaissait parfaitement les fixations du mur. \u2002-\u00a0Wiki Commons<\/p>\n<p>Le \u00ab\u00a0vendeur\u00a0\u00bb n\u2019est autre que le voleur\u00a0: Vincenzo Peruggia, un ouvrier italien qui travaille \u00e0 Paris depuis quelques ann\u00e9es comme peintre et miroitier. Il conna\u00eet bien le d\u00e9dale du Louvre pour y avoir travaill\u00e9\u00a0: c\u2019est notamment lui qui a install\u00e9 la vitre sur La Joconde et conna\u00eet donc parfaitement les fixations au mur. Il confiera n\u2019avoir eu aucun mal \u00e0 voler l\u2019\u0153uvre de L\u00e9onard de Vinci. Profitant d\u2019une porte laiss\u00e9e ouverte, il s\u2019est infiltr\u00e9 dans le mus\u00e9e au petit matin et est ressorti avec le tableau cach\u00e9 sous sa blouse. Probablement intimid\u00e9 par l\u2019\u00e9cho m\u00e9diatique de son m\u00e9fait, Vincenzo Peruggia a gard\u00e9 la toile cach\u00e9e chez lui pendant pr\u00e8s d\u2019un an et demi.<\/p>\n<p>\u00ab\u00a0Il a pris grand soin de la toile, allant m\u00eame jusqu\u2019\u00e0 faire une caisse en bois pour la prot\u00e9ger. Il n\u2019y avait que deux petites \u00e9gratignures sur le vernis lorsqu\u2019elle a \u00e9t\u00e9 r\u00e9cup\u00e9r\u00e9e. C\u2019est incroyable quand on sait que ce tableau a voyag\u00e9 en 3e classe entre Paris et Florence\u00a0\u00bb, rappelle J\u00e9r\u00f4me Coignard. Jug\u00e9 en Italie, le voleur \u00e9cope d\u2019une peine cl\u00e9mente\u00a0: un an de prison, r\u00e9duit \u00e0 sept mois. Ses avocats ont plaid\u00e9 le patriotisme et la \u00ab\u00a0simplicit\u00e9 d\u2019esprit\u00a0\u00bb. La Joconde est expos\u00e9e plusieurs semaines en Italie avant de faire son retour en grande pompe \u00e0 Paris le 1er\u00a0janvier 1914.<\/p>\n","protected":false},"excerpt":{"rendered":"Que serait le Louvre sans La Joconde\u00a0? Le mus\u00e9e accueillerait-il autant de visiteurs s\u2019il n\u2019avait pas entre ses&hellip;\n","protected":false},"author":2,"featured_media":622949,"comment_status":"","ping_status":"","sticky":false,"template":"","format":"standard","meta":{"footnotes":""},"categories":[1358],"tags":[47,3734,1348,1384,1385,1174,1386,58,59,118,1011,27,937,303,11274,104],"class_list":{"0":"post-622948","1":"post","2":"type-post","3":"status-publish","4":"format-standard","5":"has-post-thumbnail","7":"category-arts-et-design","8":"tag-actualite","9":"tag-art","10":"tag-arts","11":"tag-arts-and-design","12":"tag-arts-et-design","13":"tag-cambriolage","14":"tag-design","15":"tag-divertissement","16":"tag-entertainment","17":"tag-faits-divers","18":"tag-fr","19":"tag-france","20":"tag-histoire","21":"tag-justice","22":"tag-louvre","23":"tag-societe"},"share_on_mastodon":{"url":"https:\/\/pubeurope.com\/@fr\/115784913702373213","error":""},"_links":{"self":[{"href":"https:\/\/www.europesays.com\/fr\/wp-json\/wp\/v2\/posts\/622948","targetHints":{"allow":["GET"]}}],"collection":[{"href":"https:\/\/www.europesays.com\/fr\/wp-json\/wp\/v2\/posts"}],"about":[{"href":"https:\/\/www.europesays.com\/fr\/wp-json\/wp\/v2\/types\/post"}],"author":[{"embeddable":true,"href":"https:\/\/www.europesays.com\/fr\/wp-json\/wp\/v2\/users\/2"}],"replies":[{"embeddable":true,"href":"https:\/\/www.europesays.com\/fr\/wp-json\/wp\/v2\/comments?post=622948"}],"version-history":[{"count":0,"href":"https:\/\/www.europesays.com\/fr\/wp-json\/wp\/v2\/posts\/622948\/revisions"}],"wp:featuredmedia":[{"embeddable":true,"href":"https:\/\/www.europesays.com\/fr\/wp-json\/wp\/v2\/media\/622949"}],"wp:attachment":[{"href":"https:\/\/www.europesays.com\/fr\/wp-json\/wp\/v2\/media?parent=622948"}],"wp:term":[{"taxonomy":"category","embeddable":true,"href":"https:\/\/www.europesays.com\/fr\/wp-json\/wp\/v2\/categories?post=622948"},{"taxonomy":"post_tag","embeddable":true,"href":"https:\/\/www.europesays.com\/fr\/wp-json\/wp\/v2\/tags?post=622948"}],"curies":[{"name":"wp","href":"https:\/\/api.w.org\/{rel}","templated":true}]}}