{"id":622950,"date":"2025-12-26T08:26:13","date_gmt":"2025-12-26T08:26:13","guid":{"rendered":"https:\/\/www.europesays.com\/fr\/622950\/"},"modified":"2025-12-26T08:26:13","modified_gmt":"2025-12-26T08:26:13","slug":"nikos-aliagas-surpris-dans-la-chanson-secrete-sur-tf1-avec-deux-candidates-de-la-star-academy-et-julia-vignali-presente-pour-kad-merad","status":"publish","type":"post","link":"https:\/\/www.europesays.com\/fr\/622950\/","title":{"rendered":"Nikos Aliagas surpris dans La Chanson secr\u00e8te sur TF1, avec deux candidates de la Star Academy et Julia Vignali pr\u00e9sente pour Kad Merad"},"content":{"rendered":"<p>                <img loading=\"lazy\" decoding=\"async\" src=\"https:\/\/www.europesays.com\/fr\/wp-content\/uploads\/2025\/04\/4-656d937be89b8-35x35-1.jpg\" class=\"author-article-picture\" width=\"35\" height=\"35\"\/><\/p>\n<p>                    Par<\/p>\n<p>                                            <a class=\"author-article-bio-link\" href=\"https:\/\/www.purepeople.com\/auteur\/olivia-maunoury_a4\" target=\"_blank\" rel=\"noopener\">Olivia Maunoury<\/a><\/p>\n<p>                    |<\/p>\n<p>                                            R\u00e9dactrice en chef<\/p>\n<p>\n                Apr\u00e8s des \u00e9tudes de sciences politiques et une \u00e9cole de journalisme, le people s&rsquo;est invit\u00e9 dans son quotidien. Comment, pourquoi ? Elle ne le sait toujours pas vraiment&#8230; Mais une chose est s\u00fbre, suivre les p\u00e9rip\u00e9ties des stars est l&rsquo;assurance de ne jamais s&rsquo;ennuyer. Et on ne s\u2019ennuie jamais chez Purepeople !\n            <\/p>\n<p>\n    \u00ab\u00a0La Chanson secr\u00e8te\u00a0\u00bb fait son grand retour ce vendredi 26 d\u00e9cembre 2025 sur TF1. Pour ce nouvel \u00e9pisode in\u00e9dit, Nikos Aliagas n&rsquo;est pas seulement \u00e0 la pr\u00e9sentation mais se fera une nouvelle fois surprendre gr\u00e2ce \u00e0 Arthur qui a tout maniganc\u00e9. Emotion assur\u00e9e, de m\u00eame que pour les autres invit\u00e9s parmi lesquels deux anciennes candidates de la \u00ab\u00a0Star Academy\u00a0\u00bb mais aussi Kad Merad et Mich\u00e8le Laroque.\n<\/p>\n<p>                            <img loading=\"lazy\" decoding=\"async\" class=\"player-thumbnail\" src=\"https:\/\/www.europesays.com\/fr\/wp-content\/uploads\/2025\/12\/70cf38a17ca9f476-580x326-2.jpg\" width=\"580\" height=\"326\"\/><\/p>\n<p>                            Nikos Aliagas surpris dans La Chanson secr\u00e8te sur TF1, avec deux candidates de la Star Academy et Julia Vignali pr\u00e9sente pour Kad Merad<\/p>\n<p>La suite apr\u00e8s la publicit\u00e9<\/p>\n<p>Participer \u00e0 La Chanson secr\u00e8te est l&rsquo;assurance pour les personnalit\u00e9s invit\u00e9es de vivre un moment riche en \u00e9motions : joie, rire, larmes, surprise&#8230; Les guests de <a href=\"https:\/\/www.purepeople.com\/people\/nikos-aliagas_p314\" target=\"_blank\" rel=\"noopener\">Nikos Aliagas<\/a> passent par tous les \u00e9tats et vivent un moment unique qu&rsquo;ils n&rsquo;oublieront jamais. Et cette fois-ci, Nikos Aliagas s&rsquo;est \u00e0 nouveau fait surprendre !<\/p>\n<p>Ce vendredi 26 d\u00e9cembre, l&rsquo;\u00e9mission est de retour sur TF1. Figure embl\u00e9matique de la premi\u00e8re cha\u00eene, que les t\u00e9l\u00e9spectateurs retrouvent toutes les fins de semaine avec les primes de <a href=\"https:\/\/www.purepeople.com\/article\/star-academy-2025-date-casting-nouveautes-toutes-les-informations-sur-la-nouvelle-saison_a542820\/1\" target=\"_blank\" rel=\"noopener\">la Star Academy<\/a>, Nikos Aliagas est aux commandes de ce nouveau num\u00e9ro dans lequel il a justement re\u00e7u deux anciennes \u00e9l\u00e8ves. Toutes deux ont fait carri\u00e8re apr\u00e8s la fin de l&rsquo;aventure, et quelles carri\u00e8res ! <strong>Il s&rsquo;agit d&rsquo;Helena, demi-finaliste de la promotion 2023 et Marine, grande gagnante de la promotion 2024<\/strong>. <a href=\"https:\/\/www.purepeople.com\/people\/isabelle-ithurburu_p200614\" target=\"_blank\" rel=\"noopener\">Isabelle Ithurburu<\/a>, Elodie Poux, <a href=\"https:\/\/www.purepeople.com\/people\/lara-fabian_p61\" target=\"_blank\" rel=\"noopener\">Lara Fabian<\/a>, <a href=\"https:\/\/www.purepeople.com\/people\/michele-laroque_p139\" target=\"_blank\" rel=\"noopener\">Mich\u00e8le Laroque<\/a> et <a href=\"https:\/\/www.purepeople.com\/people\/kad-merad_p122\" target=\"_blank\" rel=\"noopener\">Kad Merad<\/a> font eux aussi partie des personnalit\u00e9s qui se sont fait surprendre. Le principe de l&rsquo;\u00e9mission reste toujours le m\u00eame : toutes les personnalit\u00e9s invit\u00e9es vont d\u00e9couvrir en m\u00eame temps que les t\u00e9l\u00e9spectateurs une surprise, une chanson qui leur est ch\u00e8re revisit\u00e9e et r\u00e9interpr\u00e9t\u00e9e par un artiste. Un magnifique tableau auquel leurs proches participent sans qu&rsquo;elles le sachent&#8230; Emotion et larmes garanties !<\/p>\n<p>Kad Merad n&rsquo;aime pas les surprises, sa femme Julia Vignali pr\u00e9sente pour lui<\/p>\n<p>Sublime en noir, H\u00e9l\u00e9na a pris grand plaisir \u00e0 retrouver Nikos Aliagas, tout comme Marine habill\u00e9e elle aussi en noir. C&rsquo;est en duo que Mich\u00e8le Laroque et Kad Merad ont v\u00e9cu l&rsquo;aventure, eux qui seront \u00e0 l&rsquo;affiche de la pi\u00e8ce L&rsquo;\u00e2ge b\u00eate en octobre 2026. Le pitch : Beno\u00eet et Claire sont les nouveaux soixantenaires. Ils refusent de se laisser enfermer par l\u2019\u00e2ge. Malgr\u00e9 leurs habitudes bien ancr\u00e9es, ils veulent continuer \u00e0 vivre comme des jeunes et s&rsquo;\u00e9clater. Et \u00e0 La Chanson secr\u00e8te, Kad Merad n&rsquo;\u00e9tait pas tr\u00e8s fier, lui qui n&rsquo;aime pas les surprises comme Mich\u00e8le Laroque l&rsquo;a lanc\u00e9 au public et <a href=\"https:\/\/www.purepeople.com\/article\/kad-merad-heureux-de-vivre-en-bourgogne-avec-sa-femme-julia-vignali-je-suis-desole-de-vous-le-dire-mais-a-paris_a536355\/1\" target=\"_blank\" rel=\"noopener\">sa femme Julia Vignali<\/a> en coulisses, dans une bande-annonce d\u00e9voil\u00e9e par TF1.<\/p>\n<p>Nikos Aliagas pris \u00e0 son propre jeu dans La Chanson secr\u00e8te et ce n&rsquo;est pas la premi\u00e8re fois<\/p>\n<p>\u00a0<\/p>\n<p>Dans une autre bande-annonce, on d\u00e9couvre Arthur demandant \u00e0 ce que Nikos Aliagas vienne sur le plateau alors que ce dernier pensait lui r\u00e9server une surprise. L&rsquo;animateur et <a href=\"https:\/\/www.purepeople.com\/article\/nikos-aliagas-passe-pour-un-fou-aupres-de-sa-compagne-tina-grigoriou-leur-rencontre-tres-particuliere_a500610\/1\" target=\"_blank\" rel=\"noopener\">compagnon de Tina Grigoriou<\/a> arrive en courant et se faisant prendre \u00e0 son propre jeu par son ami de longue date. Prenant conscience de ce qui est en train de se passer, Nikos Aliagas est tr\u00e8s surpris et n&rsquo;a alors d&rsquo;autre choix que de s&rsquo;installer dans le fauteuil pour d\u00e9couvrir la surprise qui lui a \u00e9t\u00e9 r\u00e9serv\u00e9e.\u00a0<\/p>\n<p>Ce n&rsquo;est pas la premi\u00e8re fois que Nikos Aliagas se fait surprendre dans La Chanson secr\u00e8te. <a href=\"https:\/\/www.purepeople.com\/article\/nikos-aliagas-fond-en-larmes-la-raison-de-sa-tristesse-revelee_a318512\/1\" target=\"_blank\" rel=\"noopener\">En 2018, il l&rsquo;avait \u00e9t\u00e9<\/a>. \u00ab\u00a0Tu nous as offert de belles surprises ce soir, avec beaucoup d&rsquo;\u00e9motion, encore une fois. Tu t&rsquo;occupes beaucoup de nous, alors on a d\u00e9cid\u00e9 qu&rsquo;il \u00e9tait temps que ce soit ton tour\u00a0\u00bb, avait lanc\u00e9 Jenifer avant que <a href=\"https:\/\/www.purepeople.com\/people\/patrick-fiori_p315\" target=\"_blank\" rel=\"noopener\">Patrick Fiori<\/a> et <a href=\"https:\/\/www.purepeople.com\/people\/kendji-girac_p542210\" target=\"_blank\" rel=\"noopener\">Kendji Girac<\/a> ne viennent chanter Mon vieux de Daniel Guichard. Nikos Aliagas avait alors fondu en larmes. \u00ab\u00a0J&rsquo;ignorais que j&rsquo;allais \u00eatre aussi acteur de cette soir\u00e9e ! Daniel Guichard, que j&rsquo;aime profond\u00e9ment depuis que je suis petit, m&rsquo;a fait l&rsquo;honneur d&rsquo;interpr\u00e9ter Mon vieux sur sc\u00e8ne, avait racont\u00e9 Nikos Aliagas \u00e0 T\u00e9l\u00e9-Loisirs. Cette chanson est une v\u00e9ritable madeleine de Proust en ce qui me concerne, elle me rappelle mon p\u00e8re [d\u00e9c\u00e9d\u00e9 en mai 2017, NDLR]. J&rsquo;ai fondu en larmes et, dans la salle, tout le monde pleurait. C&rsquo;\u00e9tait un instant tr\u00e8s \u00e9mouvant pour moi.\u00a0\u00bb<\/p>\n<p>En sera-t-il de m\u00eame cette fois-ci ? R\u00e9ponse ce soir !<\/p>\n","protected":false},"excerpt":{"rendered":"Par Olivia Maunoury | R\u00e9dactrice en chef Apr\u00e8s des \u00e9tudes de sciences politiques et une \u00e9cole de journalisme,&hellip;\n","protected":false},"author":2,"featured_media":622951,"comment_status":"","ping_status":"","sticky":false,"template":"","format":"standard","meta":{"footnotes":""},"categories":[1356],"tags":[58,59,1011,27,252,1364],"class_list":{"0":"post-622950","1":"post","2":"type-post","3":"status-publish","4":"format-standard","5":"has-post-thumbnail","7":"category-television","8":"tag-divertissement","9":"tag-entertainment","10":"tag-fr","11":"tag-france","12":"tag-television","13":"tag-tv"},"share_on_mastodon":{"url":"","error":""},"_links":{"self":[{"href":"https:\/\/www.europesays.com\/fr\/wp-json\/wp\/v2\/posts\/622950","targetHints":{"allow":["GET"]}}],"collection":[{"href":"https:\/\/www.europesays.com\/fr\/wp-json\/wp\/v2\/posts"}],"about":[{"href":"https:\/\/www.europesays.com\/fr\/wp-json\/wp\/v2\/types\/post"}],"author":[{"embeddable":true,"href":"https:\/\/www.europesays.com\/fr\/wp-json\/wp\/v2\/users\/2"}],"replies":[{"embeddable":true,"href":"https:\/\/www.europesays.com\/fr\/wp-json\/wp\/v2\/comments?post=622950"}],"version-history":[{"count":0,"href":"https:\/\/www.europesays.com\/fr\/wp-json\/wp\/v2\/posts\/622950\/revisions"}],"wp:featuredmedia":[{"embeddable":true,"href":"https:\/\/www.europesays.com\/fr\/wp-json\/wp\/v2\/media\/622951"}],"wp:attachment":[{"href":"https:\/\/www.europesays.com\/fr\/wp-json\/wp\/v2\/media?parent=622950"}],"wp:term":[{"taxonomy":"category","embeddable":true,"href":"https:\/\/www.europesays.com\/fr\/wp-json\/wp\/v2\/categories?post=622950"},{"taxonomy":"post_tag","embeddable":true,"href":"https:\/\/www.europesays.com\/fr\/wp-json\/wp\/v2\/tags?post=622950"}],"curies":[{"name":"wp","href":"https:\/\/api.w.org\/{rel}","templated":true}]}}