{"id":622952,"date":"2025-12-26T08:27:13","date_gmt":"2025-12-26T08:27:13","guid":{"rendered":"https:\/\/www.europesays.com\/fr\/622952\/"},"modified":"2025-12-26T08:27:13","modified_gmt":"2025-12-26T08:27:13","slug":"je-ny-suis-pas-arrive-vianney-lechec-cuisant","status":"publish","type":"post","link":"https:\/\/www.europesays.com\/fr\/622952\/","title":{"rendered":"\u00ab\u00a0Je n\u2019y suis pas arriv\u00e9\u00a0\u00bb, Vianney, l\u2019\u00e9chec cuisant"},"content":{"rendered":"<p>      R\u00e9sum\u00e9<\/p>\n<p>Vianney a consacr\u00e9 six mois \u00e0 construire une cabane avant No\u00ebl, une exp\u00e9rience riche d&rsquo;apprentissages malgr\u00e9 son d\u00e9lai non respect\u00e9, soulignant l&rsquo;importance du chemin parcouru plus que du r\u00e9sultat.<\/p>\n<p>        Sommaire<\/p>\n<p>\u00c0 l\u2019occasion des f\u00eates de No\u00ebl, <a href=\"https:\/\/vsd.fr\/tag\/vianney\/\" target=\"_blank\" rel=\"noopener\">Vianney<\/a> a pris la parole sur son compte Instagram pour \u00e9voquer\u00a0<a href=\"https:\/\/www.public.fr\/vianney-apres-avoir-arrete-la-musique-il-sisole-dans-une-cabane-dans-les-bois-que-se-passe-t-il\" target=\"_blank\" rel=\"noopener\">son projet qu\u2019il m\u00e8ne depuis plusieurs mois<\/a> :<strong> la construction de sa cabane<\/strong>. Malheureusement, le chanteur y fait un constat clair : il n\u2019a pas r\u00e9ussi \u00e0 atteindre l\u2019objectif qu\u2019il s\u2019\u00e9tait fix\u00e9.\u00a0<\/p>\n<p>Depuis six mois, il s\u2019\u00e9tait en effet engag\u00e9 dans <a href=\"https:\/\/www.public.fr\/je-taime-sorti-de-sa-cabane-vianney-debarque-sur-scene-au-concert-de-lara-fabian-pour-lui-crier-son-amour\" target=\"_blank\" rel=\"noopener\">la construction d\u2019une cabane<\/a>, avec une \u00e9ch\u00e9ance pr\u00e9cise en t\u00eate, celle des f\u00eates de fin d\u2019ann\u00e9e. \u00c0 travers ses mots, il retrace le d\u00e9roulement de cette exp\u00e9rience, le temps qu\u2019il y a consacr\u00e9, les conditions dans lesquelles il a travaill\u00e9 et la raison qui l\u2019avait pouss\u00e9 \u00e0 se lancer dans cette aventure. L\u2019occasion pour l\u2019artiste de faire le bilan de cette exp\u00e9rience et ne retenir que le positif malgr\u00e9 \u00ab\u00a0l\u2019\u00e9chec\u00a0\u00bb.<\/p>\n<p><strong>Un projet lanc\u00e9 six mois plus t\u00f4t avec une \u00e9ch\u00e9ance pr\u00e9cise<\/strong><\/p>\n<p>Vianney indique avoir commenc\u00e9 la construction de cette cabane <strong>six mois avant No\u00ebl<\/strong>. D\u00e8s le d\u00e9part, il s\u2019\u00e9tait fix\u00e9 une date butoir : terminer ce projet avant les f\u00eates. Il explique avoir consacr\u00e9 \u00e0 ce chantier \u00ab\u00a0presque chacun de [ses] jours\u00a0\u00bb, travaillant du lever au coucher du soleil, sur une p\u00e9riode continue.<\/p>\n<p>Le jour de No\u00ebl \u00e9tant d\u00e9sormais pass\u00e9, il reconna\u00eet ne pas \u00eatre parvenu \u00e0 achever la cabane dans le d\u00e9lai pr\u00e9vu. Malgr\u00e9 l\u2019investissement quotidien et la dur\u00e9e du chantier, <strong>l\u2019objectif n\u2019a pas \u00e9t\u00e9 atteint et il le reconna\u00eet<\/strong>. Il \u00e9voque \u00e9galement les conditions dans lesquelles cette construction s\u2019est d\u00e9roul\u00e9e, citant le froid et l\u2019humidit\u00e9 comme des \u00e9l\u00e9ments qui ont compliqu\u00e9 son travail.<\/p>\n<p>Toujours dans son long texte, Vianney d\u00e9taille les apprentissages r\u00e9alis\u00e9s pendant cette p\u00e9riode. Il explique notamment s\u2019\u00eatre am\u00e9lior\u00e9 progressivement dans les gestes n\u00e9cessaires \u00e0 la construction, pr\u00e9cisant qu\u2019il coupe mieux, creuse mieux et calcule mieux qu\u2019au d\u00e9but. Des progr\u00e8s techniques qui, malgr\u00e9 <strong>\u00ab\u00a0l\u2019\u00e9chec\u00a0\u00bb du d\u00e9lai non respect\u00e9<\/strong>, donnent du baume au coeur du chanteur.<\/p>\n<p><strong>Un bilan personnel formul\u00e9 \u00e0 No\u00ebl<\/strong><\/p>\n<p>Dans son message, Vianney explique ce qui l\u2019a conduit \u00e0 entreprendre ce projet. Il \u00e9crit avoir retrouv\u00e9, au cours de cette exp\u00e9rience, \u00ab\u00a0ce que [il] \u00e9tait venu chercher : [son] \u00e9merveillement quotidien\u00a0\u00bb. Il pr\u00e9cise \u00e9galement que, selon lui, \u00ab\u00a0le sens de tout cela r\u00e9side dans ces jours de labeur, plus que dans le r\u00e9sultat\u00a0\u00bb, \u00e9tablissant ainsi un bilan personnel de ces six mois de travail.<\/p>\n<p>S\u2019adressant \u00e0 celles et ceux qui ont suivi cette d\u00e9marche au cours de ces derniers mois, il remercie les personnes qui l\u2019ont accompagn\u00e9 \u00ab\u00a0depuis 6 mois sur ce chemin escarp\u00e9\u00a0\u00bb. Enfin, Vianney conclut son message en n\u2019oubliant pas le plus important. En effet,<strong> il adresse ses v\u0153ux de fin d\u2019ann\u00e9e<\/strong>, souhaitant \u00e0 tous un \u00ab\u00a0Joyeux et beau No\u00ebl\u00a0\u00bb.<\/p>\n<p>\n          Hits &amp; People en continu\n        <\/p>\n<p>\n          Public Radio\n        <\/p>\n<p>      Mentionn\u00e9s dans cet article<\/p>\n<p>      Sur le m\u00eame sujet<\/p>\n","protected":false},"excerpt":{"rendered":"R\u00e9sum\u00e9 Vianney a consacr\u00e9 six mois \u00e0 construire une cabane avant No\u00ebl, une exp\u00e9rience riche d&rsquo;apprentissages malgr\u00e9 son&hellip;\n","protected":false},"author":2,"featured_media":622953,"comment_status":"","ping_status":"","sticky":false,"template":"","format":"standard","meta":{"footnotes":""},"categories":[1355],"tags":[58,59,1011,27,1361,873,8475],"class_list":{"0":"post-622952","1":"post","2":"type-post","3":"status-publish","4":"format-standard","5":"has-post-thumbnail","7":"category-musique","8":"tag-divertissement","9":"tag-entertainment","10":"tag-fr","11":"tag-france","12":"tag-music","13":"tag-musique","14":"tag-vianney"},"share_on_mastodon":{"url":"https:\/\/pubeurope.com\/@fr\/115784925050299294","error":""},"_links":{"self":[{"href":"https:\/\/www.europesays.com\/fr\/wp-json\/wp\/v2\/posts\/622952","targetHints":{"allow":["GET"]}}],"collection":[{"href":"https:\/\/www.europesays.com\/fr\/wp-json\/wp\/v2\/posts"}],"about":[{"href":"https:\/\/www.europesays.com\/fr\/wp-json\/wp\/v2\/types\/post"}],"author":[{"embeddable":true,"href":"https:\/\/www.europesays.com\/fr\/wp-json\/wp\/v2\/users\/2"}],"replies":[{"embeddable":true,"href":"https:\/\/www.europesays.com\/fr\/wp-json\/wp\/v2\/comments?post=622952"}],"version-history":[{"count":0,"href":"https:\/\/www.europesays.com\/fr\/wp-json\/wp\/v2\/posts\/622952\/revisions"}],"wp:featuredmedia":[{"embeddable":true,"href":"https:\/\/www.europesays.com\/fr\/wp-json\/wp\/v2\/media\/622953"}],"wp:attachment":[{"href":"https:\/\/www.europesays.com\/fr\/wp-json\/wp\/v2\/media?parent=622952"}],"wp:term":[{"taxonomy":"category","embeddable":true,"href":"https:\/\/www.europesays.com\/fr\/wp-json\/wp\/v2\/categories?post=622952"},{"taxonomy":"post_tag","embeddable":true,"href":"https:\/\/www.europesays.com\/fr\/wp-json\/wp\/v2\/tags?post=622952"}],"curies":[{"name":"wp","href":"https:\/\/api.w.org\/{rel}","templated":true}]}}