{"id":622956,"date":"2025-12-26T08:30:20","date_gmt":"2025-12-26T08:30:20","guid":{"rendered":"https:\/\/www.europesays.com\/fr\/622956\/"},"modified":"2025-12-26T08:30:20","modified_gmt":"2025-12-26T08:30:20","slug":"ce-rituel-du-soir-vous-sauve-vraiment-la-mise-cet-hiver","status":"publish","type":"post","link":"https:\/\/www.europesays.com\/fr\/622956\/","title":{"rendered":"ce rituel du soir vous sauve vraiment la mise cet hiver"},"content":{"rendered":"<p>Toux, \u00e9ternuements, fi\u00e8vre : autour de vous, tout le monde<br \/>\nsemble enrhum\u00e9. Les bulletins de Sant\u00e9 publique France ont d\u00e9j\u00e0<br \/>\nplac\u00e9 les r\u00e9gions en phase \u00e9pid\u00e9mique de grippe, et l\u00a0\u00bbimpression de<br \/>\nvivre encercl\u00e9 par les virus revient \u00e0 chaque hiver. Pourtant,<br \/>\ncertains passent la saison sans le moindre rhume, quand d&rsquo;autres<br \/>\nencha\u00eenent les infections.<\/p>\n<p>Le Dr Sophie Newton, m\u00e9decin g\u00e9n\u00e9raliste, affirme avoir rep\u00e9r\u00e9<br \/>\nune diff\u00e9rence nette entre ces deux profils. Dans une vid\u00e9o relay\u00e9e<br \/>\npar le Journal des Femmes, elle r\u00e9sume son observation : \u00ab\u00a0Et si<br \/>\nl&rsquo;un des moyens les plus efficaces d&rsquo;\u00e9viter le rhume n&rsquo;\u00e9tait ni un<br \/>\ncompl\u00e9ment alimentaire ni un rem\u00e8de miracle, mais quelque chose que<br \/>\nvous faites d\u00e9j\u00e0 tous les soirs, ou que vous essayez de faire ?\u00a0\u00bb.<br \/>\nSon secret tiendrait, dit-elle, en un seul mot.<\/p>\n<p>Pourquoi le sommeil change tout face au<br \/>\nrhume<\/p>\n<p>Ce mot, pour elle, c&rsquo;est le <b>sommeil<\/b>. Dans l&rsquo;\u00e9tude qu&rsquo;elle<br \/>\ncite, des volontaires ont \u00e9t\u00e9 expos\u00e9s au virus du rhume. Ceux qui<br \/>\ndormaient moins de sept heures pr\u00e9sentaient pr\u00e8s de trois fois plus<br \/>\nde risques de tomber malades que ceux qui dormaient huit heures ou<br \/>\nplus. \u00ab\u00a0Plus int\u00e9ressant encore, ce n&rsquo;est pas seulement la quantit\u00e9<br \/>\nde sommeil qui compte : les personnes ayant un sommeil perturb\u00e9 ou<br \/>\nde mauvaise qualit\u00e9 avaient jusqu&rsquo;\u00e0 cinq fois et demie plus de<br \/>\nrisques de d\u00e9velopper des sympt\u00f4mes de rhume.\u00a0\u00bb, d\u00e9taille le Dr<br \/>\nSophie Newton.<\/p>\n<p>En France, les autorit\u00e9s sanitaires recommandent entre sept et<br \/>\nneuf heures de sommeil par nuit pour les adultes, faute de quoi<br \/>\naugmentent les risques pour le m\u00e9tabolisme, la vigilance et la<br \/>\nr\u00e9sistance aux infections. La g\u00e9n\u00e9raliste rappelle aussi que ces<br \/>\nbonnes nuits ne servent pas qu&rsquo;\u00e0 \u00e9viter d&rsquo;attraper un rhume ou une<br \/>\ngrippe : elles am\u00e9liorent la sant\u00e9 mentale et la m\u00e9moire \u00e0 long<br \/>\nterme.<\/p>\n<p>Comment ajuster son sommeil pour \u00e9viter<br \/>\nd&rsquo;attraper un rhume<\/p>\n<p>Plut\u00f4t que de bouleverser ses habitudes, le Dr Sophie Newton<br \/>\nconseille de \u00ab\u00a0se concentrer sur ce que nous pouvons contr\u00f4ler\u00a0\u00bb.<br \/>\nElle estime que \u00ab\u00a0quinze \u00e0 trente minutes de sommeil suppl\u00e9mentaires<br \/>\npar nuit peuvent d\u00e9j\u00e0 faire la diff\u00e9rence. Couchez-vous \u00e0 heures<br \/>\nfixes, tamisez la lumi\u00e8re une heure avant d&rsquo;aller au lit, maintenez<br \/>\nune temp\u00e9rature fra\u00eeche dans votre chambre et \u00e9vitez d&rsquo;y laisser<br \/>\ndes appareils \u00e9lectroniques : une routine du coucher est bien plus<br \/>\nefficace qu&rsquo;on ne le croit\u00a0\u00bb.<\/p>\n<p>En pratique, gagner un quart d&rsquo;heure puis une demi-heure de<br \/>\nsommeil, \u00e0 heure de coucher r\u00e9guli\u00e8re, suffit souvent \u00e0 se<br \/>\nrapprocher de ce seuil de sept \u00e0 neuf heures. Cette r\u00e9gularit\u00e9<br \/>\nrenforce les d\u00e9fenses immunitaires et limite la probabilit\u00e9<br \/>\nd&rsquo;attraper un rhume, tout en am\u00e9liorant la concentration et<br \/>\nl&rsquo;humeur au quotidien.<\/p>\n<p>Masque, nez,<br \/>\nalimentation : les autres gestes pour \u00e9viter rhume et grippe<\/p>\n<p>Pour traverser l&rsquo;hiver, le sommeil ne dispense pas des gestes de<br \/>\nbase. Le docteur Jean-Louis Bensoussan, m\u00e9decin g\u00e9n\u00e9raliste,<br \/>\nrappelle que \u00ab\u00a0Leur transmission se fait surtout par les postillons<br \/>\nde salive et un peu par le toucher, donc par les mains\u00a0\u00bb, a-t-il<br \/>\nexpliqu\u00e9 \u00e0 Madame Figaro. Il recommande donc le port du masque \u00e0<br \/>\nproximit\u00e9 d&rsquo;une personne potentiellement malade, par exemple dans<br \/>\nles transports, d&rsquo;\u00e9viter les embrassades et poign\u00e9es de main, et de<br \/>\nse laver les mains plusieurs fois par jour avec de l&rsquo;eau et du<br \/>\nsavon pendant au moins 30 secondes.<\/p>\n<p>\u00c0 domicile, ce m\u00e9decin conseille aussi d&rsquo;a\u00e9rer r\u00e9guli\u00e8rement,<br \/>\nsurtout si quelqu&rsquo;un est malade \u00e0 la maison, en ouvrant les<br \/>\nfen\u00eatres cinq \u00e0 dix minutes toutes les deux heures pour renouveler<br \/>\nl&rsquo;air. Il pr\u00e9conise de nettoyer le nez au s\u00e9rum physiologique, de<br \/>\ngarder une alimentation \u00e9quilibr\u00e9e avec cinq fruits et l\u00e9gumes par<br \/>\njour et des horaires de repas r\u00e9guliers, afin de ne pas perturber<br \/>\nles d\u00e9fenses immunitaires. Pour les personnes \u00e0 risque, Jean-Louis<br \/>\nBensoussan rappelle enfin l&rsquo;int\u00e9r\u00eat du vaccin contre la grippe et<br \/>\nle Covid : \u00ab\u00a0Il n&rsquo;est jamais trop tard, conclut-il, m\u00eame si l&rsquo;on est<br \/>\ndans le c\u0153ur de l&rsquo;\u00e9pid\u00e9mie\u00a0\u00bb.<\/p>\n","protected":false},"excerpt":{"rendered":"Toux, \u00e9ternuements, fi\u00e8vre : autour de vous, tout le monde semble enrhum\u00e9. Les bulletins de Sant\u00e9 publique France&hellip;\n","protected":false},"author":2,"featured_media":622957,"comment_status":"","ping_status":"","sticky":false,"template":"","format":"standard","meta":{"footnotes":""},"categories":[10],"tags":[434,1011,27,72,71,279,773,5336],"class_list":{"0":"post-622956","1":"post","2":"type-post","3":"status-publish","4":"format-standard","5":"has-post-thumbnail","7":"category-sante","8":"tag-epidemie","9":"tag-fr","10":"tag-france","11":"tag-health","12":"tag-sante","13":"tag-sommeil","14":"tag-vaccin","15":"tag-virus"},"share_on_mastodon":{"url":"https:\/\/pubeurope.com\/@fr\/115784936528224516","error":""},"_links":{"self":[{"href":"https:\/\/www.europesays.com\/fr\/wp-json\/wp\/v2\/posts\/622956","targetHints":{"allow":["GET"]}}],"collection":[{"href":"https:\/\/www.europesays.com\/fr\/wp-json\/wp\/v2\/posts"}],"about":[{"href":"https:\/\/www.europesays.com\/fr\/wp-json\/wp\/v2\/types\/post"}],"author":[{"embeddable":true,"href":"https:\/\/www.europesays.com\/fr\/wp-json\/wp\/v2\/users\/2"}],"replies":[{"embeddable":true,"href":"https:\/\/www.europesays.com\/fr\/wp-json\/wp\/v2\/comments?post=622956"}],"version-history":[{"count":0,"href":"https:\/\/www.europesays.com\/fr\/wp-json\/wp\/v2\/posts\/622956\/revisions"}],"wp:featuredmedia":[{"embeddable":true,"href":"https:\/\/www.europesays.com\/fr\/wp-json\/wp\/v2\/media\/622957"}],"wp:attachment":[{"href":"https:\/\/www.europesays.com\/fr\/wp-json\/wp\/v2\/media?parent=622956"}],"wp:term":[{"taxonomy":"category","embeddable":true,"href":"https:\/\/www.europesays.com\/fr\/wp-json\/wp\/v2\/categories?post=622956"},{"taxonomy":"post_tag","embeddable":true,"href":"https:\/\/www.europesays.com\/fr\/wp-json\/wp\/v2\/tags?post=622956"}],"curies":[{"name":"wp","href":"https:\/\/api.w.org\/{rel}","templated":true}]}}