{"id":622960,"date":"2025-12-26T08:32:17","date_gmt":"2025-12-26T08:32:17","guid":{"rendered":"https:\/\/www.europesays.com\/fr\/622960\/"},"modified":"2025-12-26T08:32:17","modified_gmt":"2025-12-26T08:32:17","slug":"elle-aurait-ete-poignardee-par-son-compagnon-cette-ancienne-star-du-roi-lion-est-morte-a-lage-de-25-ans","status":"publish","type":"post","link":"https:\/\/www.europesays.com\/fr\/622960\/","title":{"rendered":"Elle aurait \u00e9t\u00e9 poignard\u00e9e par son compagnon\u00a0: cette ancienne star du \u00ab\u00a0Roi Lion\u00a0\u00bb est morte \u00e0 l\u2019\u00e2ge de 25 ans"},"content":{"rendered":"<p>Imani Dia, ancienne interpr\u00e8te de Nala dans la com\u00e9die musicale Le Roi Lion \u00e0 Broadway, est d\u00e9c\u00e9d\u00e9e \u00e0 25 ans apr\u00e8s avoir \u00e9t\u00e9 poignard\u00e9e \u00e0 Edison, dans le New Jersey. Le principal suspect, son compagnon de 35 ans, a \u00e9t\u00e9 inculp\u00e9 de meurtre.<\/p>\n<p>Certains la connaissaient probablement.\u00a0Imani Dia, ancienne directrice de la com\u00e9die musicale \u00ab\u00a0Le Roi Lion\u00a0\u00bb, est morte ce dimanche 21\u00a0d\u00e9cembre, au jeune \u00e2ge de 25 ans, selon le magazine <a href=\"https:\/\/people.com\/former-the-lion-king-star-imani-dia-smith-dies-at-26-11875967\" target=\"_blank\" rel=\"noopener\">People<\/a>.<\/p>\n<p>Elle \u00e9tait particuli\u00e8rement connue pour avoir jou\u00e9 le r\u00f4le de Nala, la complice de Simba dans le mythique dessin anim\u00e9, lors de repr\u00e9sentations \u00e0 Broadway entre\u00a02011 et\u00a02012. Le drame qui s\u2019est d\u00e9roul\u00e9 \u00e0 Edison, dans le New Jersey.<\/p>\n<p>Son compagnon soup\u00e7onn\u00e9<\/p>\n<p>\u00ab\u00a0Nous esp\u00e9rons que ces fonds permettront aux parents d\u2019Imani de se concentrer sur l\u2019essentiel\u00a0: faire leur deuil, prendre soin de leur petit-fils et aider leurs enfants \u00e0 se reconstruire, sans la crainte suppl\u00e9mentaire de difficult\u00e9s financi\u00e8res\u00a0\u00bb, peut-on lire sur la page d\u2019une <a href=\"https:\/\/www.gofundme.com\/f\/support-the-helper-family-after-the-tragic-loss-of-imani-dia?attribution_id=sl%3A562fc8be-1f68-4c6d-8ff3-f7be4f9d2613&amp;lang=en_US&amp;ts=1766418694&amp;utm_campaign=fp_sharesheet&amp;utm_content=amp17_tb&amp;utm_medium=customer&amp;utm_source=copy_link\" target=\"_blank\" rel=\"noopener\">cagnotte<\/a> lanc\u00e9e par l\u2019une de ses tantes. Celle-ci a rapidement d\u00e9pass\u00e9 les 64\u00a0000\u00a0dollars gr\u00e2ce \u00e0 des centaines de dons.<\/p>\n<p>Toujours d\u2019apr\u00e8s nos confr\u00e8res, Imani Dia Smith a \u00e9t\u00e9 poignard\u00e9e avant d\u2019\u00eatre transport\u00e9e dans un\u00a0h\u00f4pital, o\u00f9 son d\u00e9c\u00e8s a \u00e9t\u00e9 prononc\u00e9. Le principal suspect est son compagnon, Jordan D. Jackson-Small, 35 ans, interpell\u00e9 puis inculp\u00e9 de meurtre le 23\u00a0d\u00e9cembre.<\/p>\n","protected":false},"excerpt":{"rendered":"Imani Dia, ancienne interpr\u00e8te de Nala dans la com\u00e9die musicale Le Roi Lion \u00e0 Broadway, est d\u00e9c\u00e9d\u00e9e \u00e0&hellip;\n","protected":false},"author":2,"featured_media":622961,"comment_status":"","ping_status":"","sticky":false,"template":"","format":"standard","meta":{"footnotes":""},"categories":[8],"tags":[58,59,118,1011,27],"class_list":{"0":"post-622960","1":"post","2":"type-post","3":"status-publish","4":"format-standard","5":"has-post-thumbnail","7":"category-divertissement","8":"tag-divertissement","9":"tag-entertainment","10":"tag-faits-divers","11":"tag-fr","12":"tag-france"},"share_on_mastodon":{"url":"https:\/\/pubeurope.com\/@fr\/115784944408789454","error":""},"_links":{"self":[{"href":"https:\/\/www.europesays.com\/fr\/wp-json\/wp\/v2\/posts\/622960","targetHints":{"allow":["GET"]}}],"collection":[{"href":"https:\/\/www.europesays.com\/fr\/wp-json\/wp\/v2\/posts"}],"about":[{"href":"https:\/\/www.europesays.com\/fr\/wp-json\/wp\/v2\/types\/post"}],"author":[{"embeddable":true,"href":"https:\/\/www.europesays.com\/fr\/wp-json\/wp\/v2\/users\/2"}],"replies":[{"embeddable":true,"href":"https:\/\/www.europesays.com\/fr\/wp-json\/wp\/v2\/comments?post=622960"}],"version-history":[{"count":0,"href":"https:\/\/www.europesays.com\/fr\/wp-json\/wp\/v2\/posts\/622960\/revisions"}],"wp:featuredmedia":[{"embeddable":true,"href":"https:\/\/www.europesays.com\/fr\/wp-json\/wp\/v2\/media\/622961"}],"wp:attachment":[{"href":"https:\/\/www.europesays.com\/fr\/wp-json\/wp\/v2\/media?parent=622960"}],"wp:term":[{"taxonomy":"category","embeddable":true,"href":"https:\/\/www.europesays.com\/fr\/wp-json\/wp\/v2\/categories?post=622960"},{"taxonomy":"post_tag","embeddable":true,"href":"https:\/\/www.europesays.com\/fr\/wp-json\/wp\/v2\/tags?post=622960"}],"curies":[{"name":"wp","href":"https:\/\/api.w.org\/{rel}","templated":true}]}}