{"id":622964,"date":"2025-12-26T08:35:13","date_gmt":"2025-12-26T08:35:13","guid":{"rendered":"https:\/\/www.europesays.com\/fr\/622964\/"},"modified":"2025-12-26T08:35:13","modified_gmt":"2025-12-26T08:35:13","slug":"pourquoi-michelin-a-fait-un-don-de-43-millions-deuros-a-letat-pour-noel","status":"publish","type":"post","link":"https:\/\/www.europesays.com\/fr\/622964\/","title":{"rendered":"Pourquoi Michelin a fait un \u00abdon\u00bb de 4,3 millions d\u2019euros \u00e0 l\u2019\u00c9tat pour No\u00ebl"},"content":{"rendered":"<p>\n    Dans un arr\u00eat\u00e9 paru au Journal officiel ce vendredi, Bercy indique avoir accept\u00e9 cette somme en provenance du fabricant de pneus. Un \u00abdon\u00bb qui s\u2019apparente plus \u00e0 un remboursement volontaire, pour faire taire une pol\u00e9mique.<\/p>\n<p class=\"fig-paragraph\">L\u2019\u00c9tat aussi a trouv\u00e9 un cadeau au pied du sapin. Un virement bancaire, effectu\u00e9 par le fabricant de pneus Michelin, qui a donn\u00e9 4,3 millions d\u2019euros au minist\u00e8re de l\u2019\u00c9conomie. Bercy a officiellement accept\u00e9 ce \u00abdon\u00bb de la Manufacture fran\u00e7aise des pneumatiques Michelin, dans un\u00a0<a href=\"https:\/\/www.legifrance.gouv.fr\/jorf\/id\/JORFTEXT000053166309\" target=\"_blank\" rel=\"sponsored noopener\" data-gtm-custom-categorie=\"navigation\" data-gtm-custom-action=\"crossclick\" data-gtm-custom-label=\"Contextuel\" data-gtm-event=\"customEventSPE\">arr\u00eat\u00e9<\/a>\u00a0du 19 d\u00e9cembre paru au Journal officiel ce vendredi 26 d\u00e9cembre, pr\u00e9cisant avoir re\u00e7u le virement plus t\u00f4t dans le mois, le 11 d\u00e9cembre.<\/p>\n<p class=\"fig-paragraph\">En r\u00e9alit\u00e9, ce \u00abdon\u00bb est plut\u00f4t un remboursement volontaire\u00a0: Michelin \u00e9tait sous le feu des critiques depuis plusieurs mois, dans un contexte budg\u00e9taire difficile, pour les aides publiques touch\u00e9es. L\u2019entreprise \u00e9tait notamment point\u00e9e du doigt\u00a0<a href=\"http:\/\/www.lefigaro.fr\/economie\/le-senat-veut-que-michelin-rende-une-aide-a-l-achat-de-six-machines-20250708\" data-fig-type=\"Article\" data-gtm-custom-categorie=\"navigation\" data-gtm-custom-action=\"crossclick\" data-gtm-custom-label=\"Contextuel\" data-gtm-event=\"customEventSPE\" data-fig-domain=\"LEFIGARO\" target=\"_blank\" rel=\"noopener\">par le rapport de la commission d\u2019enqu\u00eate s\u00e9natoriale sur les aides publiques<\/a>, publi\u00e9 cet \u00e9t\u00e9.<\/p>\n<p>                                            <a class=\"fig-a11y-skip\" href=\"#fig-a11y-skip-main-inarticle\" data-module=\"a11y-skip\" data-context=\"was @visible\"><br \/>\n    Passer la publicit\u00e9<br \/>\n<\/a>            <\/p>\n<p>                                            Des machines envoy\u00e9es ailleurs en Europe<\/p>\n<p class=\"fig-paragraph\">Des s\u00e9nateurs lui avaient alors demand\u00e9 de rembourser, a minima, la part du CICE (cr\u00e9dit d\u2019imp\u00f4t pour la comp\u00e9titivit\u00e9 et l\u2019emploi) qu\u2019elle avait per\u00e7ue pour l\u2019achat de six machines sur le site de La Roche-sur-Yon&#8230; finalement ferm\u00e9 en 2020. D\u2019autant plus que les machines ont \u00e9t\u00e9 transf\u00e9r\u00e9es sur d\u2019autres sites en Europe.<\/p>\n<p class=\"fig-paragraph\">Mise en cause sur ce dossier par l\u2019\u00e9mission Compl\u00e9ment d\u2019enqu\u00eate en septembre,\u00a0<a href=\"http:\/\/www.lefigaro.fr\/societes\/aides-aux-entreprises-fermeture-d-usines-licenciements-mis-en-cause-par-complement-d-enquete-michelin-se-defend-20250919\" data-fig-type=\"NewsFlash\" data-gtm-custom-categorie=\"navigation\" data-gtm-custom-action=\"crossclick\" data-gtm-custom-label=\"Contextuel\" data-gtm-event=\"customEventSPE\" data-fig-domain=\"LEFIGARO\" target=\"_blank\" rel=\"noopener\">qui avait chiffr\u00e9 l\u2019aide \u00e0 4,3 millions d\u2019euros<\/a>, Michelin s\u2019\u00e9tait d\u00e9fendu, rappelant que \u00able cadre l\u00e9gal du CICE n\u2019impose aucun remboursement ni fl\u00e9chage contraignant\u00bb. L\u2019entreprise avait toutefois indiqu\u00e9 s\u2019\u00eatre malgr\u00e9 tout \u00abd\u2019ores et d\u00e9j\u00e0 rapproch\u00e9e des services de l\u2019\u00c9tat pour pr\u00e9ciser les modalit\u00e9s de remboursement volontaire du gain \u00e9quivalent au cr\u00e9dit d\u2019imp\u00f4ts\u00bb. Une somme finalement rembours\u00e9e ce mois-ci.<\/p>\n","protected":false},"excerpt":{"rendered":"Dans un arr\u00eat\u00e9 paru au Journal officiel ce vendredi, Bercy indique avoir accept\u00e9 cette somme en provenance du&hellip;\n","protected":false},"author":2,"featured_media":622965,"comment_status":"","ping_status":"","sticky":false,"template":"","format":"standard","meta":{"footnotes":""},"categories":[6],"tags":[1003,35,33,34,1011,27,15479],"class_list":{"0":"post-622964","1":"post","2":"type-post","3":"status-publish","4":"format-standard","5":"has-post-thumbnail","7":"category-economie","8":"tag-budget","9":"tag-business","10":"tag-economie","11":"tag-economy","12":"tag-fr","13":"tag-france","14":"tag-michelin"},"share_on_mastodon":{"url":"https:\/\/pubeurope.com\/@fr\/115784956311791085","error":""},"_links":{"self":[{"href":"https:\/\/www.europesays.com\/fr\/wp-json\/wp\/v2\/posts\/622964","targetHints":{"allow":["GET"]}}],"collection":[{"href":"https:\/\/www.europesays.com\/fr\/wp-json\/wp\/v2\/posts"}],"about":[{"href":"https:\/\/www.europesays.com\/fr\/wp-json\/wp\/v2\/types\/post"}],"author":[{"embeddable":true,"href":"https:\/\/www.europesays.com\/fr\/wp-json\/wp\/v2\/users\/2"}],"replies":[{"embeddable":true,"href":"https:\/\/www.europesays.com\/fr\/wp-json\/wp\/v2\/comments?post=622964"}],"version-history":[{"count":0,"href":"https:\/\/www.europesays.com\/fr\/wp-json\/wp\/v2\/posts\/622964\/revisions"}],"wp:featuredmedia":[{"embeddable":true,"href":"https:\/\/www.europesays.com\/fr\/wp-json\/wp\/v2\/media\/622965"}],"wp:attachment":[{"href":"https:\/\/www.europesays.com\/fr\/wp-json\/wp\/v2\/media?parent=622964"}],"wp:term":[{"taxonomy":"category","embeddable":true,"href":"https:\/\/www.europesays.com\/fr\/wp-json\/wp\/v2\/categories?post=622964"},{"taxonomy":"post_tag","embeddable":true,"href":"https:\/\/www.europesays.com\/fr\/wp-json\/wp\/v2\/tags?post=622964"}],"curies":[{"name":"wp","href":"https:\/\/api.w.org\/{rel}","templated":true}]}}