{"id":622968,"date":"2025-12-26T08:38:17","date_gmt":"2025-12-26T08:38:17","guid":{"rendered":"https:\/\/www.europesays.com\/fr\/622968\/"},"modified":"2025-12-26T08:38:17","modified_gmt":"2025-12-26T08:38:17","slug":"plus-dun-million-dannonces-deja-publiees-sur-les-sites-de-revente-de-cadeaux-en-france","status":"publish","type":"post","link":"https:\/\/www.europesays.com\/fr\/622968\/","title":{"rendered":"Plus d\u2019un million d\u2019annonces d\u00e9j\u00e0 publi\u00e9es sur les sites de revente de cadeaux en France"},"content":{"rendered":"<p>Au lendemain du r\u00e9veillon de <a href=\"https:\/\/www.20minutes.fr\/noel\/\" class=\"c-link c-link--is-underlined\" target=\"_blank\" rel=\"noopener\">No\u00ebl<\/a> et des ouvertures de <a href=\"https:\/\/www.20minutes.fr\/dossier\/cadeaux_de_noel\" class=\"c-link c-link--is-underlined\" target=\"_blank\" rel=\"noopener\">cadeaux<\/a>, plus d\u2019un million d\u2019annonces de revente ont \u00e9t\u00e9 publi\u00e9es en France, pulv\u00e9risant les scores de l\u2019ann\u00e9e derni\u00e8re, selon les chiffres communiqu\u00e9s par les plateformes eBay et Rakuten.<\/p>\n<p>\u00ab\u00a0eBay observe d\u00e9j\u00e0 500.000 nouvelles annonces en ligne le 25\u00a0d\u00e9cembre et pr\u00e9voit une augmentation du nombre d\u2019annonces de 400\u00a0% par rapport \u00e0 la moyenne, dans les jours suivant No\u00ebl\u00a0\u00bb, a indiqu\u00e9 dans un communiqu\u00e9 la plateforme de revente. L\u2019ann\u00e9e derni\u00e8re, 340.000 annonces avaient \u00e9t\u00e9 enregistr\u00e9es le 25\u00a0d\u00e9cembre dans la matin\u00e9e.<\/p>\n<p>Des cadeaux en masse<\/p>\n<p>Son concurrent Rakuten France \u00ab\u00a0a enregistr\u00e9 environ 390.000 annonces d\u00e9pos\u00e9es par des vendeurs particuliers sur sa plateforme depuis hier soir, soit une augmentation de 2\u00a0% compar\u00e9 \u00e0\u00a02024 \u00e0 la m\u00eame heure\u00a0\u00bb, a annonc\u00e9 la plateforme, en se basant sur des chiffres arr\u00eat\u00e9s le 25 \u00e0 11h30.<\/p>\n<\/p>\n<p>Pour les deux sites, la pratique de la revente de cadeaux est d\u00e9sormais ancr\u00e9e dans les m\u0153urs. Selon les chiffres de son dernier barom\u00e8tre sur le sujet, men\u00e9 par Kantar, <a href=\"https:\/\/www.20minutes.fr\/dossier\/ebay\" class=\"c-link c-link--is-underlined\" target=\"_blank\" rel=\"noopener\">eBay<\/a> estime \u00e0 \u00ab\u00a0pr\u00e8s de 20\u00a0millions\u00a0\u00bb le nombre de Fran\u00e7ais qui ont d\u00e9j\u00e0 revendu des cadeaux en\u00a02025, soit 1,6\u00a0million de plus que l\u2019ann\u00e9e pr\u00e9c\u00e9dente.<\/p>\n<p>Selon Rakuten, les reventes concernent principalement les produits culturels (livres, jeux vid\u00e9o, musique, DVD), high-tech (majoritairement des smartphones) et les jouets. En moyenne, les Fran\u00e7ais qui ont revendu leurs cadeaux re\u00e7us \u00e0 No\u00ebl 2024 d\u00e9clarent avoir r\u00e9cup\u00e9r\u00e9 pr\u00e8s de 100 euros.<\/p>\n","protected":false},"excerpt":{"rendered":"Au lendemain du r\u00e9veillon de No\u00ebl et des ouvertures de cadeaux, plus d\u2019un million d\u2019annonces de revente ont&hellip;\n","protected":false},"author":2,"featured_media":622969,"comment_status":"","ping_status":"","sticky":false,"template":"","format":"standard","meta":{"footnotes":""},"categories":[4],"tags":[11,67930,38405,1011,3844,27,12,15830,25,104,4100],"class_list":{"0":"post-622968","1":"post","2":"type-post","3":"status-publish","4":"format-standard","5":"has-post-thumbnail","7":"category-france","8":"tag-actualites","9":"tag-cadeaux-de-noel","10":"tag-ebay","11":"tag-fr","12":"tag-francais","13":"tag-france","14":"tag-news","15":"tag-noel","16":"tag-republique-francaise","17":"tag-societe","18":"tag-vente"},"share_on_mastodon":{"url":"https:\/\/pubeurope.com\/@fr\/115784968112289656","error":""},"_links":{"self":[{"href":"https:\/\/www.europesays.com\/fr\/wp-json\/wp\/v2\/posts\/622968","targetHints":{"allow":["GET"]}}],"collection":[{"href":"https:\/\/www.europesays.com\/fr\/wp-json\/wp\/v2\/posts"}],"about":[{"href":"https:\/\/www.europesays.com\/fr\/wp-json\/wp\/v2\/types\/post"}],"author":[{"embeddable":true,"href":"https:\/\/www.europesays.com\/fr\/wp-json\/wp\/v2\/users\/2"}],"replies":[{"embeddable":true,"href":"https:\/\/www.europesays.com\/fr\/wp-json\/wp\/v2\/comments?post=622968"}],"version-history":[{"count":0,"href":"https:\/\/www.europesays.com\/fr\/wp-json\/wp\/v2\/posts\/622968\/revisions"}],"wp:featuredmedia":[{"embeddable":true,"href":"https:\/\/www.europesays.com\/fr\/wp-json\/wp\/v2\/media\/622969"}],"wp:attachment":[{"href":"https:\/\/www.europesays.com\/fr\/wp-json\/wp\/v2\/media?parent=622968"}],"wp:term":[{"taxonomy":"category","embeddable":true,"href":"https:\/\/www.europesays.com\/fr\/wp-json\/wp\/v2\/categories?post=622968"},{"taxonomy":"post_tag","embeddable":true,"href":"https:\/\/www.europesays.com\/fr\/wp-json\/wp\/v2\/tags?post=622968"}],"curies":[{"name":"wp","href":"https:\/\/api.w.org\/{rel}","templated":true}]}}