{"id":622990,"date":"2025-12-26T08:56:10","date_gmt":"2025-12-26T08:56:10","guid":{"rendered":"https:\/\/www.europesays.com\/fr\/622990\/"},"modified":"2025-12-26T08:56:10","modified_gmt":"2025-12-26T08:56:10","slug":"grenoble-lhomme-menacant-avec-un-couteau-et-blesse-par-la-police-interne-en-psychiatrie","status":"publish","type":"post","link":"https:\/\/www.europesays.com\/fr\/622990\/","title":{"rendered":"Grenoble. L&rsquo;homme mena\u00e7ant avec un couteau et bless\u00e9 par la police intern\u00e9 en psychiatrie"},"content":{"rendered":"<p>                    Par<br \/>\n        <strong><br \/>\n            <a href=\"https:\/\/actu.fr\/auteur\/redaction-grenoble\" title=\"Consulter tous les articles de R\u00e9daction Grenoble\" target=\"_blank\" rel=\"noopener\">R\u00e9daction Grenoble<\/a><br \/>\n                    <\/strong><\/p>\n<p>        Publi\u00e9 le<\/p>\n<p>            26 d\u00e9c. 2025 \u00e0 9h31        <\/p>\n<p>Lundi 22 d\u00e9cembre au matin \u00e0 <a href=\"https:\/\/actu.fr\/auvergne-rhone-alpes\/grenoble_38185\" target=\"_blank\" rel=\"noopener\">Grenoble<\/a>, la police a tir\u00e9 \u00e0 deux reprises sur un homme de 34 ans, <a href=\"https:\/\/actu.fr\/auvergne-rhone-alpes\/grenoble_38185\/grenoble-la-police-tire-sur-un-homme-menacant-arme-d-un-couteau-pres-du-parc-mistral_63608682.html\" target=\"_blank\" rel=\"noopener\">brandissant un couteau<\/a> et mena\u00e7ant les fonctionnaires, apr\u00e8s avoir terroris\u00e9 le personnel d\u2019une auto-\u00e9cole toute proche dont il avait \u00e9t\u00e9 exclu quelques jours plus t\u00f4t.<\/p>\n<p class=\" wall-content\">L\u2019homme a ensuite \u00e9t\u00e9 <strong>plac\u00e9 en garde \u00e0 vue<\/strong> apr\u00e8s avoir subi une intervention chirurgicale, garde \u00e0 vue qui a \u00e9t\u00e9 prolong\u00e9e mercredi 24 d\u00e9cembre au matin.<\/p>\n<p>D\u00e9j\u00e0 connu pour des faits de violences<\/p>\n<p class=\" wall-content\">Cette garde \u00e0 vue a finalement \u00e9t\u00e9 lev\u00e9e mercredi dans la journ\u00e9e, l\u2019homme \u00ab\u00a0ayant fait l\u2019objet d\u2019une SDRE (soins sur d\u00e9cision d\u2019un repr\u00e9sentant de l\u2019Etat), soit un <strong>placement dans une unit\u00e9 psychiatrique<\/strong>, indique le parquet de Grenoble dans un communiqu\u00e9.<\/p>\n<p class=\" wall-content\">Pour rappel, le suspect est d\u00e9j\u00e0 connu des services de police pour plusieurs faits de violences depuis 2017, class\u00e9s sans suite \u00ab\u00a0pour la plupart, compte tenu de son \u00e9tat psychiatrique\u00a0\u00bb, indiquait lundi soir In\u00e8s Delay, procureure-adjointe de Grenoble.<\/p>\n<p class=\" wall-content\"><strong>Avec AFP<\/strong>\u00a0<\/p>\n<p class=\" wall-content\">Personnalisez votre actualit\u00e9 en ajoutant vos villes et m\u00e9dias en favori avec <a href=\"https:\/\/moncompte.actu.fr\" title=\"D\u00e9couvez Mon Actu\" rel=\"nofollow noopener\" data-trk=\"{&quot;cta&quot;:{&quot;action&quot;:&quot;https:\\\/\\\/moncompte.actu.fr&quot;,&quot;category&quot;:&quot;mon compte&quot;,&quot;from&quot;:&quot;article footer&quot;,&quot;name&quot;:&quot;Mon actu&quot;,&quot;type&quot;:&quot;cta&quot;}}\" target=\"_blank\">Mon Actu<\/a>.<\/p>\n","protected":false},"excerpt":{"rendered":"Par R\u00e9daction Grenoble Publi\u00e9 le 26 d\u00e9c. 2025 \u00e0 9h31 Lundi 22 d\u00e9cembre au matin \u00e0 Grenoble, la&hellip;\n","protected":false},"author":2,"featured_media":622991,"comment_status":"","ping_status":"","sticky":false,"template":"","format":"standard","meta":{"footnotes":""},"categories":[9566],"tags":[1111,11,2430,1777,674,118,1011,27,2731,303,12,1072,25],"class_list":{"0":"post-622990","1":"post","2":"type-post","3":"status-publish","4":"format-standard","5":"has-post-thumbnail","7":"category-grenoble","8":"tag-actu","9":"tag-actualites","10":"tag-auvergne-rhone-alpes","11":"tag-eu","12":"tag-europe","13":"tag-faits-divers","14":"tag-fr","15":"tag-france","16":"tag-grenoble","17":"tag-justice","18":"tag-news","19":"tag-police","20":"tag-republique-francaise"},"share_on_mastodon":{"url":"https:\/\/pubeurope.com\/@fr\/115785038791741860","error":""},"_links":{"self":[{"href":"https:\/\/www.europesays.com\/fr\/wp-json\/wp\/v2\/posts\/622990","targetHints":{"allow":["GET"]}}],"collection":[{"href":"https:\/\/www.europesays.com\/fr\/wp-json\/wp\/v2\/posts"}],"about":[{"href":"https:\/\/www.europesays.com\/fr\/wp-json\/wp\/v2\/types\/post"}],"author":[{"embeddable":true,"href":"https:\/\/www.europesays.com\/fr\/wp-json\/wp\/v2\/users\/2"}],"replies":[{"embeddable":true,"href":"https:\/\/www.europesays.com\/fr\/wp-json\/wp\/v2\/comments?post=622990"}],"version-history":[{"count":0,"href":"https:\/\/www.europesays.com\/fr\/wp-json\/wp\/v2\/posts\/622990\/revisions"}],"wp:featuredmedia":[{"embeddable":true,"href":"https:\/\/www.europesays.com\/fr\/wp-json\/wp\/v2\/media\/622991"}],"wp:attachment":[{"href":"https:\/\/www.europesays.com\/fr\/wp-json\/wp\/v2\/media?parent=622990"}],"wp:term":[{"taxonomy":"category","embeddable":true,"href":"https:\/\/www.europesays.com\/fr\/wp-json\/wp\/v2\/categories?post=622990"},{"taxonomy":"post_tag","embeddable":true,"href":"https:\/\/www.europesays.com\/fr\/wp-json\/wp\/v2\/tags?post=622990"}],"curies":[{"name":"wp","href":"https:\/\/api.w.org\/{rel}","templated":true}]}}