{"id":622998,"date":"2025-12-26T09:02:10","date_gmt":"2025-12-26T09:02:10","guid":{"rendered":"https:\/\/www.europesays.com\/fr\/622998\/"},"modified":"2025-12-26T09:02:10","modified_gmt":"2025-12-26T09:02:10","slug":"toutes-les-plages-de-nice-sont-fermees-durgence-voici-pourquoi","status":"publish","type":"post","link":"https:\/\/www.europesays.com\/fr\/622998\/","title":{"rendered":"Toutes les plages de Nice sont ferm\u00e9es d&rsquo;urgence : voici pourquoi"},"content":{"rendered":"<p>                    Par<br \/>\n        <strong><br \/>\n            <a href=\"https:\/\/actu.fr\/auteur\/ugo-maillard\" title=\"Consulter tous les articles de Ugo Maillard\" target=\"_blank\" rel=\"noopener\">Ugo Maillard<\/a><br \/>\n                    <\/strong><\/p>\n<p>        Publi\u00e9 le<\/p>\n<p>            26 d\u00e9c. 2025 \u00e0 9h11        <\/p>\n<p>Aucun risque n\u2019est pris par les services municipaux. La Ville de <a href=\"https:\/\/actu.fr\/nice\/\" target=\"_blank\" rel=\"noopener\">Nice<\/a> a fait le choix d\u2019<strong>interdire l\u2019acc\u00e8s \u00e0 toutes les plages<\/strong> de la commune, ainsi qu\u2019au sentier du littoral, ce vendredi 26\u00a0d\u00e9cembre.<\/p>\n<p class=\" wall-content\">La d\u00e9cision municipale est due au placement du d\u00e9partement des <a href=\"https:\/\/actu.fr\/provence-alpes-cote-d-azur\/alpes-maritimes_06\" target=\"_blank\" rel=\"noopener\">Alpes-Maritimes<\/a> en <strong>vigilance jaune vague-submersion<\/strong> par <a href=\"https:\/\/actu.fr\/tag\/meteo-france\" target=\"_blank\" rel=\"noopener\">M\u00e9t\u00e9o France<\/a>.<\/p>\n<p>Une fermeture jusqu\u2019\u00e0 16h<\/p>\n<p class=\" wall-content\">La vigilance \u00e9mise par M\u00e9t\u00e9o France est en vigueur jusqu\u2019\u00e0 16h. Heure \u00e0 laquelle les services de la mairie rouvriront l\u2019acc\u00e8s aux plages.<\/p>\n<p class=\" wall-content\">Ce risque de vagues cons\u00e9quentes est notamment d\u00fb \u00e0 l\u2019arriv\u00e9e de fortes rafales de vent dans les Alpes-Maritimes. \u00c0 Nice, des bourrasques pouvant atteindre les<strong> 55\u00a0km\/h<\/strong> sont attendues.<\/p>\n<p class=\" wall-content\">C\u00f4t\u00e9 ciel, <strong>les nuages devraient \u00eatre balay\u00e9s par ce coup de vent<\/strong>. D\u00e8s le milieu d\u2019apr\u00e8s-midi, un temps ensoleill\u00e9 est pr\u00e9vu sur la C\u00f4te d\u2019Azur.<\/p>\n<p class=\" wall-content\">Personnalisez votre actualit\u00e9 en ajoutant vos villes et m\u00e9dias en favori avec <a href=\"https:\/\/moncompte.actu.fr\" title=\"D\u00e9couvez Mon Actu\" rel=\"nofollow noopener\" data-trk=\"{&quot;cta&quot;:{&quot;action&quot;:&quot;https:\\\/\\\/moncompte.actu.fr&quot;,&quot;category&quot;:&quot;mon compte&quot;,&quot;from&quot;:&quot;article footer&quot;,&quot;name&quot;:&quot;Mon actu&quot;,&quot;type&quot;:&quot;cta&quot;}}\" target=\"_blank\">Mon Actu<\/a>.<\/p>\n","protected":false},"excerpt":{"rendered":"Par Ugo Maillard Publi\u00e9 le 26 d\u00e9c. 2025 \u00e0 9h11 Aucun risque n\u2019est pris par les services municipaux.&hellip;\n","protected":false},"author":2,"featured_media":622999,"comment_status":"","ping_status":"","sticky":false,"template":"","format":"standard","meta":{"footnotes":""},"categories":[2819],"tags":[1111,11,1777,674,1011,27,2487,2357,12,2401,8302,882,25],"class_list":{"0":"post-622998","1":"post","2":"type-post","3":"status-publish","4":"format-standard","5":"has-post-thumbnail","7":"category-nice","8":"tag-actu","9":"tag-actualites","10":"tag-eu","11":"tag-europe","12":"tag-fr","13":"tag-france","14":"tag-meteo","15":"tag-meteo-france","16":"tag-news","17":"tag-nice","18":"tag-plages","19":"tag-provence-alpes-cote-dazur","20":"tag-republique-francaise"},"share_on_mastodon":{"url":"https:\/\/pubeurope.com\/@fr\/115785062670623760","error":""},"_links":{"self":[{"href":"https:\/\/www.europesays.com\/fr\/wp-json\/wp\/v2\/posts\/622998","targetHints":{"allow":["GET"]}}],"collection":[{"href":"https:\/\/www.europesays.com\/fr\/wp-json\/wp\/v2\/posts"}],"about":[{"href":"https:\/\/www.europesays.com\/fr\/wp-json\/wp\/v2\/types\/post"}],"author":[{"embeddable":true,"href":"https:\/\/www.europesays.com\/fr\/wp-json\/wp\/v2\/users\/2"}],"replies":[{"embeddable":true,"href":"https:\/\/www.europesays.com\/fr\/wp-json\/wp\/v2\/comments?post=622998"}],"version-history":[{"count":0,"href":"https:\/\/www.europesays.com\/fr\/wp-json\/wp\/v2\/posts\/622998\/revisions"}],"wp:featuredmedia":[{"embeddable":true,"href":"https:\/\/www.europesays.com\/fr\/wp-json\/wp\/v2\/media\/622999"}],"wp:attachment":[{"href":"https:\/\/www.europesays.com\/fr\/wp-json\/wp\/v2\/media?parent=622998"}],"wp:term":[{"taxonomy":"category","embeddable":true,"href":"https:\/\/www.europesays.com\/fr\/wp-json\/wp\/v2\/categories?post=622998"},{"taxonomy":"post_tag","embeddable":true,"href":"https:\/\/www.europesays.com\/fr\/wp-json\/wp\/v2\/tags?post=622998"}],"curies":[{"name":"wp","href":"https:\/\/api.w.org\/{rel}","templated":true}]}}