{"id":623001,"date":"2025-12-26T09:04:19","date_gmt":"2025-12-26T09:04:19","guid":{"rendered":"https:\/\/www.europesays.com\/fr\/623001\/"},"modified":"2025-12-26T09:04:19","modified_gmt":"2025-12-26T09:04:19","slug":"pres-de-nantes-cette-boutique-qui-vient-douvrir-met-en-avant-les-createurs-locaux","status":"publish","type":"post","link":"https:\/\/www.europesays.com\/fr\/623001\/","title":{"rendered":"Pr\u00e8s de Nantes. Cette boutique qui vient d&rsquo;ouvrir met en avant les cr\u00e9ateurs locaux"},"content":{"rendered":"<p>                    Par<br \/>\n        <strong><br \/>\n            <a href=\"https:\/\/actu.fr\/auteur\/journaliste-sm\" title=\"Consulter tous les articles de R\u00e9daction Clisson\" target=\"_blank\" rel=\"noopener\">R\u00e9daction Clisson<\/a><br \/>\n                    <\/strong><\/p>\n<p>        Publi\u00e9 le<\/p>\n<p>            26 d\u00e9c. 2025 \u00e0 8h35        <\/p>\n<p>Juliette Bellicha, jeune entrepreneur de 22 ans, a r\u00e9cemment inaugur\u00e9 sa boutique \u00e0 l\u2019angle de la rue de la Croix des Foss\u00e9s et de la rue des Landes de la Pl\u00e9e, prenant la place des v\u00e9t\u00e9rinaires qui ont d\u00e9m\u00e9nag\u00e9 dans l\u2019ancien b\u00e2timent du multi-accueil <a href=\"https:\/\/actu.fr\/pays-de-la-loire\/basse-goulaine_44009\" target=\"_blank\" rel=\"noopener\">de Basse-Goulaine<\/a>.<\/p>\n<p class=\" wall-content\">Passionn\u00e9e de gravure, la Goulainaise a souhait\u00e9 offrir une vitrine \u00e0 son art, au-del\u00e0 des ventes en ligne.<\/p>\n<blockquote class=\"ac-article-quote wall-content\">\n<p>Je voulais que mon travail soit visible, mais mes cr\u00e9ations seules ne pouvaient pas remplir un local. C\u2019est pourquoi j\u2019ai d\u00e9cid\u00e9 de cr\u00e9er cette boutique en mettant en avant le travail d\u2019une trentaine d\u2019artistes locaux.<\/p>\n<p>Juliette Bellicha<\/p><\/blockquote>\n<p>Une vari\u00e9t\u00e9 de produits<\/p>\n<p class=\" wall-content\">Dans cette boutique, Juliette Bellicha propose une vari\u00e9t\u00e9 de produits allant des <b>v\u00eatements aux accessoires<\/b>, en passant par la papeterie, la d\u00e9coration, les bougies, <b>les cosm\u00e9tiques, les gravures et m\u00eame des livres<\/b>.<\/p>\n<blockquote class=\"ac-article-quote wall-content\">\n<p>Tout ce que je pr\u00e9sente est 100 % fran\u00e7ais et local.<\/p>\n<\/blockquote>\n<p class=\" wall-content\">Juliette Bellicha travaille avec des mat\u00e9riaux tels que le bois, le bambou, le li\u00e8ge et le cuir, tout en collaborant avec des artistes qui garantissent la qualit\u00e9 et l\u2019authenticit\u00e9 de leurs cr\u00e9ations.<\/p>\n<p>Vid\u00e9os : en ce moment sur Actu<\/p>\n<p class=\" wall-content\">Pour se faire conna\u00eetre,<b> la cr\u00e9atrice<\/b> a \u00e9galement d\u00e9cid\u00e9 de devenir relais colis pour Mondial Relay, une initiative qui lui permet de toucher un public plus large gr\u00e2ce aux destinataires des colis.<\/p>\n<p>Votre r\u00e9gion, votre actu !<\/p>\n<p>Recevez chaque jour les infos qui comptent pour vous.<\/p>\n<p>\t<a href=\"https:\/\/actu.fr\/newsletter\" class=\"ac-btn ac-btn--corner ac-btn--medium ac-btn--blue800\" target=\"_blank\" rel=\"noopener\">S&rsquo;incrire<\/a><\/p>\n<p class=\" wall-content\">Bien que son <b>ouverture initiale ait \u00e9t\u00e9 pr\u00e9vue pour le 13\u00a0d\u00e9cembre<\/b>, elle a d\u00fb anticiper l\u2019inauguration.<\/p>\n<p class=\" wall-content\">\u00ab Mondial Relay ne cr\u00e9e pas de nouveaux points de livraison en d\u00e9cembre, donc si je voulais en faire partie, je n\u2019avais pas le choix. J\u2019ai donc ouvert mes portes durant la deuxi\u00e8me quinzaine de novembre, avec une offre encore incompl\u00e8te mais d\u00e9j\u00e0 prometteuse \u00bb, explique-t-elle.<\/p>\n<p>Contrats de trois mois<\/p>\n<p class=\" wall-content\">Juliette Bellicha a \u00e9galement particip\u00e9 au march\u00e9 de No\u00ebl de la commune, qui s\u2019est tenu les 6 et 7\u00a0d\u00e9cembre, o\u00f9 elle a r\u00e9alis\u00e9 d\u2019excellentes ventes, incluant la vente <b>de trois meubles retravaill\u00e9s<\/b> qui servent \u00e9galement de pr\u00e9sentoirs pour d\u2019autres produits.<\/p>\n<p class=\" wall-content\">\u00ab Les artistes doivent me fournir des rempla\u00e7ants pour les meubles vendus avant de pouvoir livrer leurs nouvelles cr\u00e9ations \u00bb, ajoute-t-elle.<\/p>\n<p class=\" wall-content\">Les artistes qui exposent leurs \u0153uvres dans la boutique b\u00e9n\u00e9ficient de contrats de trois mois, permettant \u00e0 la commer\u00e7ante <b>d\u2019adapter son offre en fonction des ventes<\/b> et de la demande croissante.<\/p>\n<p>Boutique de cr\u00e9ations situ\u00e9e au num\u00e9ro\u00a02 de la rue des Landes de la Pl\u00e9e. Ouverture : mardi et jeudi de 9 h \u00e0 12 h et de 13 h 30 \u00e0 19 h, mercredi et vendredi de 10 h \u00e0 12 h et 13 h 30 \u00e0 20 h et samedi de 9vh \u00e0 12 h et 13 h 30 \u00e0 18 h. Contact : Email : <a href=\"https:\/\/actu.fr\/cdn-cgi\/l\/email-protection\" class=\"__cf_email__\" data-cfemail=\"fe9d969b84948b92979b8a8a9bcacacfcfcbbe99939f9792d09d9193\" target=\"_blank\" rel=\"noopener\">[email\u00a0protected]<\/a> ou 07 83 00 62 88.<\/p>\n<p class=\" wall-content\">Personnalisez votre actualit\u00e9 en ajoutant vos villes et m\u00e9dias en favori avec <a href=\"https:\/\/moncompte.actu.fr\" title=\"D\u00e9couvez Mon Actu\" rel=\"nofollow noopener\" data-trk=\"{&quot;cta&quot;:{&quot;action&quot;:&quot;https:\\\/\\\/moncompte.actu.fr&quot;,&quot;category&quot;:&quot;mon compte&quot;,&quot;from&quot;:&quot;article footer&quot;,&quot;name&quot;:&quot;Mon actu&quot;,&quot;type&quot;:&quot;cta&quot;}}\" target=\"_blank\">Mon Actu<\/a>.<\/p>\n","protected":false},"excerpt":{"rendered":"Par R\u00e9daction Clisson Publi\u00e9 le 26 d\u00e9c. 2025 \u00e0 8h35 Juliette Bellicha, jeune entrepreneur de 22 ans, a&hellip;\n","protected":false},"author":2,"featured_media":623002,"comment_status":"","ping_status":"","sticky":false,"template":"","format":"standard","meta":{"footnotes":""},"categories":[2818],"tags":[1111,11,1477,215,1777,674,1011,27,766,12,2636,25,104,2900],"class_list":{"0":"post-623001","1":"post","2":"type-post","3":"status-publish","4":"format-standard","5":"has-post-thumbnail","7":"category-nantes","8":"tag-actu","9":"tag-actualites","10":"tag-artisanat","11":"tag-commerce","12":"tag-eu","13":"tag-europe","14":"tag-fr","15":"tag-france","16":"tag-nantes","17":"tag-news","18":"tag-pays-de-la-loire","19":"tag-republique-francaise","20":"tag-societe","21":"tag-vignoble-nantais"},"share_on_mastodon":{"url":"https:\/\/pubeurope.com\/@fr\/115785070348443716","error":""},"_links":{"self":[{"href":"https:\/\/www.europesays.com\/fr\/wp-json\/wp\/v2\/posts\/623001","targetHints":{"allow":["GET"]}}],"collection":[{"href":"https:\/\/www.europesays.com\/fr\/wp-json\/wp\/v2\/posts"}],"about":[{"href":"https:\/\/www.europesays.com\/fr\/wp-json\/wp\/v2\/types\/post"}],"author":[{"embeddable":true,"href":"https:\/\/www.europesays.com\/fr\/wp-json\/wp\/v2\/users\/2"}],"replies":[{"embeddable":true,"href":"https:\/\/www.europesays.com\/fr\/wp-json\/wp\/v2\/comments?post=623001"}],"version-history":[{"count":0,"href":"https:\/\/www.europesays.com\/fr\/wp-json\/wp\/v2\/posts\/623001\/revisions"}],"wp:featuredmedia":[{"embeddable":true,"href":"https:\/\/www.europesays.com\/fr\/wp-json\/wp\/v2\/media\/623002"}],"wp:attachment":[{"href":"https:\/\/www.europesays.com\/fr\/wp-json\/wp\/v2\/media?parent=623001"}],"wp:term":[{"taxonomy":"category","embeddable":true,"href":"https:\/\/www.europesays.com\/fr\/wp-json\/wp\/v2\/categories?post=623001"},{"taxonomy":"post_tag","embeddable":true,"href":"https:\/\/www.europesays.com\/fr\/wp-json\/wp\/v2\/tags?post=623001"}],"curies":[{"name":"wp","href":"https:\/\/api.w.org\/{rel}","templated":true}]}}