{"id":623025,"date":"2025-12-26T09:23:20","date_gmt":"2025-12-26T09:23:20","guid":{"rendered":"https:\/\/www.europesays.com\/fr\/623025\/"},"modified":"2025-12-26T09:23:20","modified_gmt":"2025-12-26T09:23:20","slug":"une-matinee-exceptionnellement-calme-sur-les-routes-dile-de-france","status":"publish","type":"post","link":"https:\/\/www.europesays.com\/fr\/623025\/","title":{"rendered":"une matin\u00e9e exceptionnellement calme sur les routes d&rsquo;\u00cele-de-France"},"content":{"rendered":"<p>                    Par<br \/>\n        <strong><br \/>\n            <a href=\"https:\/\/actu.fr\/auteur\/redaction-paris\" title=\"Consulter tous les articles de R\u00e9daction Paris\" target=\"_blank\" rel=\"noopener\">R\u00e9daction Paris<\/a><br \/>\n                    <\/strong><\/p>\n<p>        Publi\u00e9 le<\/p>\n<p>            26 d\u00e9c. 2025 \u00e0 9h29        <\/p>\n<p>C\u2019est la magie de <a href=\"https:\/\/actu.fr\/tag\/noel\" target=\"_blank\" rel=\"noopener\">No\u00ebl<\/a>. Ce vendredi 26 d\u00e9cembre 2025, le v\u0153u de nombreux automobilistes franciliens a \u00e9t\u00e9 exauc\u00e9. Selon la direction des routes d\u2019\u00cele-de-France,<strong> z\u00e9ro kilom\u00e8tre<\/strong> de <strong><a href=\"https:\/\/actu.fr\/ile-de-france\/paris_75056\/bouchons-en-pagaille-autour-de-la-capitale-cauchemar-de-noel-sur-les-routes-de-paris-et-d-ile-de-france_63610035.html\" target=\"_blank\" rel=\"noopener\">bouchon<\/a><\/strong> n\u2019est enregistr\u00e9 sur les <strong>routes de Paris et d\u2019\u00cele-de-France<\/strong>. Un calme \u00e0 plat, sans accidents ni panne.<\/p>\n<p>Aucun accident<\/p>\n<p class=\" wall-content\">Habituellement, \u00e0 9\u00a0heures, Sytadin enregistre en temps normal 150 kilom\u00e8tres de bouchon. La situation peut monter jusqu\u2019\u00e0 250\u00a0km lors des situations exceptionnelles.<\/p>\n<p>    <img   decoding=\"async\" loading=\"lazy\" src=\"https:\/\/www.europesays.com\/fr\/wp-content\/uploads\/2025\/12\/capture-decran-2025-12-26-092254-960x640.png\" alt=\"La circulation est exceptionnellement fluide ce vendredi 26 d\u00e9cembre 2025 en \u00cele-de-France.\" width=\"960\" height=\"640\"\/><br \/>\n    La circulation est exceptionnellement fluide ce vendredi 26\u00a0d\u00e9cembre 2025 en \u00cele-de-France. (\u00a9Capture \u00e9cran Sytadin)Un week-end orange<\/p>\n<p class=\" wall-content\">Un calme avant le retour de la temp\u00eate. Selon les pr\u00e9visions de <a href=\"https:\/\/actu.fr\/ile-de-france\/paris_75056\/ce-mercredi-24-decembre-sera-la-journee-la-plus-chargee-de-noel-sur-les-routes-de-paris-et-d-ile-de-france_63616048.html\" target=\"_blank\" rel=\"noopener\">Bison Fut\u00e9,<\/a> la circulation est <strong>class\u00e9e orange<\/strong>, samedi 27\u00a0d\u00e9cembre, dans le sens des d\u00e9parts en \u00cele-de-France. \u00ab\u2009En \u00cele-de-France, les usagers devraient \u00eatre nombreux d\u00e8s le d\u00e9but de la matin\u00e9e et devraient rendre la circulation difficile jusqu\u2019en fin d\u2019apr\u00e8s-midi\u2009\u00bb, pr\u00e9vient-il.<\/p>\n<p class=\" wall-content\">M\u00eame couleur le dimanche 28\u00a0d\u00e9cembre, cette fois-ci dans le sens des retours. \u00ab\u2009Les d\u00e9bits attendus aux diff\u00e9rentes barri\u00e8res de p\u00e9ages des autoroutes A6 et A10 seront relativement importants. La combinaison des nombreux d\u00e9placements li\u00e9s \u00e0 la p\u00e9riode de No\u00ebl et aux retours des cong\u00e9s devrait engendrer des niveaux de trafic intenses jusqu\u2019en d\u00e9but de soir\u00e9e\u2009\u00bb, alerte-t-il. La magie de No\u00ebl ne pouvait pas durer.<\/p>\n<p class=\" wall-content\">Personnalisez votre actualit\u00e9 en ajoutant vos villes et m\u00e9dias en favori avec <a href=\"https:\/\/moncompte.actu.fr\" title=\"D\u00e9couvez Mon Actu\" rel=\"nofollow noopener\" data-trk=\"{&quot;cta&quot;:{&quot;action&quot;:&quot;https:\\\/\\\/moncompte.actu.fr&quot;,&quot;category&quot;:&quot;mon compte&quot;,&quot;from&quot;:&quot;article footer&quot;,&quot;name&quot;:&quot;Mon actu&quot;,&quot;type&quot;:&quot;cta&quot;}}\" target=\"_blank\">Mon Actu<\/a>.<\/p>\n","protected":false},"excerpt":{"rendered":"Par R\u00e9daction Paris Publi\u00e9 le 26 d\u00e9c. 2025 \u00e0 9h29 C\u2019est la magie de No\u00ebl. Ce vendredi 26&hellip;\n","protected":false},"author":2,"featured_media":623026,"comment_status":"","ping_status":"","sticky":false,"template":"","format":"standard","meta":{"footnotes":""},"categories":[1888],"tags":[1111,1928,11,1927,6427,3542,1777,674,1011,27,12,1926,15830,626,1925,25,104],"class_list":{"0":"post-623025","1":"post","2":"type-post","3":"status-publish","4":"format-standard","5":"has-post-thumbnail","7":"category-paris","8":"tag-actu","9":"tag-actu-paris","10":"tag-actualites","11":"tag-actualites-paris","12":"tag-bison-fute","13":"tag-circulation","14":"tag-eu","15":"tag-europe","16":"tag-fr","17":"tag-france","18":"tag-news","19":"tag-news-paris","20":"tag-noel","21":"tag-paris","22":"tag-paris-news","23":"tag-republique-francaise","24":"tag-societe"},"share_on_mastodon":{"url":"https:\/\/pubeurope.com\/@fr\/115785146238289441","error":""},"_links":{"self":[{"href":"https:\/\/www.europesays.com\/fr\/wp-json\/wp\/v2\/posts\/623025","targetHints":{"allow":["GET"]}}],"collection":[{"href":"https:\/\/www.europesays.com\/fr\/wp-json\/wp\/v2\/posts"}],"about":[{"href":"https:\/\/www.europesays.com\/fr\/wp-json\/wp\/v2\/types\/post"}],"author":[{"embeddable":true,"href":"https:\/\/www.europesays.com\/fr\/wp-json\/wp\/v2\/users\/2"}],"replies":[{"embeddable":true,"href":"https:\/\/www.europesays.com\/fr\/wp-json\/wp\/v2\/comments?post=623025"}],"version-history":[{"count":0,"href":"https:\/\/www.europesays.com\/fr\/wp-json\/wp\/v2\/posts\/623025\/revisions"}],"wp:featuredmedia":[{"embeddable":true,"href":"https:\/\/www.europesays.com\/fr\/wp-json\/wp\/v2\/media\/623026"}],"wp:attachment":[{"href":"https:\/\/www.europesays.com\/fr\/wp-json\/wp\/v2\/media?parent=623025"}],"wp:term":[{"taxonomy":"category","embeddable":true,"href":"https:\/\/www.europesays.com\/fr\/wp-json\/wp\/v2\/categories?post=623025"},{"taxonomy":"post_tag","embeddable":true,"href":"https:\/\/www.europesays.com\/fr\/wp-json\/wp\/v2\/tags?post=623025"}],"curies":[{"name":"wp","href":"https:\/\/api.w.org\/{rel}","templated":true}]}}