{"id":62303,"date":"2025-04-29T17:13:09","date_gmt":"2025-04-29T17:13:09","guid":{"rendered":"https:\/\/www.europesays.com\/fr\/62303\/"},"modified":"2025-04-29T17:13:09","modified_gmt":"2025-04-29T17:13:09","slug":"mort-dun-policier-hors-service-a-la-sortie-dun-bar-a-paris-lautopsie-revele-une-defaillance-cardiaque","status":"publish","type":"post","link":"https:\/\/www.europesays.com\/fr\/62303\/","title":{"rendered":"Mort d\u2019un policier hors service \u00e0 la sortie d\u2019un bar \u00e0 Paris\u00a0: l\u2019autopsie r\u00e9v\u00e8le une d\u00e9faillance cardiaque"},"content":{"rendered":"<p class=\"paragraph text_align_left\">Y a-t-il un lien direct entre<a href=\"https:\/\/www.leparisien.fr\/faits-divers\/paris-un-policier-hors-service-meurt-apres-une-altercation-devant-un-bar-un-suspect-en-garde-a-vue-27-04-2025-2JDUE63IJVB3RBWGN42OBBAWOI.php\" target=\"_blank\" rel=\"nofollow noopener\"> la mort de Cyril<\/a> et sa chute survenue quelques instants plus t\u00f4t devant ce bar de la rue Saint-Andr\u00e9-des-Arts dans le VIe\u00a0arrondissement de Paris\u00a0? C\u2019est ce que l\u2019enqu\u00eate devra d\u00e9terminer. L\u2019autopsie r\u00e9alis\u00e9e sur le corps du jeune brigadier-chef du Val-d\u2019Oise n\u2019a \u00ab\u00a0\u00e0 ce stade\u00a0\u00bb pas pu \u00e9tablir de lien \u00e9vident de \u00ab\u00a0causalit\u00e9 directe entre les violences constat\u00e9es et le d\u00e9c\u00e8s\u00a0\u00bb, indique le parquet de Paris.<\/p>\n<p class=\"paragraph text_align_left\">Dimanche au petit matin, le fonctionnaire de 33 ans aurait eu une altercation avec un autre client au sein de l\u2019\u00e9tablissement de nuit. Samedi soir, Cyril et ses amis avaient assist\u00e9 au <a href=\"https:\/\/www.leparisien.fr\/culture-loisirs\/musique\/concert-de-jul-au-stade-de-france-arrivee-sur-le-toit-hommage-au-jeune-mathys-et-ambiance-de-pure-folie-26-04-2025-PFQ3KEBT2RGAJH36I3WLE2B4JY.php\" target=\"_blank\" rel=\"nofollow noopener\">concert de Jul au Stade de France <\/a>avant de poursuivre la soir\u00e9e et finir dans ce bar de la rive gauche. C\u2019est au cours de cette dispute que le policier aurait \u00e9t\u00e9 victime d\u2019une balayette et aurait alors chut\u00e9 au sol. Il serait ensuite sorti du bar vers 5\u00a0heures pour commander son Uber. Mais il ne montera jamais \u00e0 bord, puisque \u00ab\u00a0entre 5h15 et 5h25\u00a0\u00bb, selon les estimations du parquet de Paris, le policier s\u2019effondre au sol.<\/p>\n<p>La garde \u00e0 vue a \u00e9t\u00e9 lev\u00e9e<\/p>\n<p class=\"paragraph text_align_left\">Dans la foul\u00e9e, l\u2019auteur de la balayette, un homme originaire de Montreuil (Seine-Saint-Denis) et \u00e2g\u00e9 de 30 ans, est interpell\u00e9 et plac\u00e9 en garde \u00e0 vue. Par ailleurs, une autopsie a \u00e9t\u00e9 demand\u00e9e par le parquet de Paris. \u00ab\u00a0Le l\u00e9giste a indiqu\u00e9 qu\u2019une d\u00e9faillance cardio-circulatoire avait pu survenir, en d\u00e9pit de l\u2019absence d\u2019ant\u00e9c\u00e9dents m\u00e9dicaux connus\u00a0\u00bb, d\u00e9taille le Minist\u00e8re public. La garde \u00e0 vue du suspect a donc \u00e9t\u00e9 lev\u00e9e ce lundi. Pour autant, cela ne signifie pas qu\u2019il est mis d\u00e9finitivement hors de cause. \u00ab\u00a0L\u2019enqu\u00eate se poursuit sous la forme pr\u00e9liminaire, afin que des v\u00e9rifications compl\u00e9mentaires puissent \u00eatre effectu\u00e9es\u00a0\u00bb, pr\u00e9cise le parquet. L\u2019enqu\u00eate a \u00e9t\u00e9 confi\u00e9e d\u00e8s dimanche matin au 3e district de police judiciaire.<\/p>\n<p class=\"paragraph text_align_left\">Le commissariat de Gonesse, au sein duquel Cyril travaillait, <a href=\"https:\/\/www.lepotcommun.fr\/pot\/faqvjg2x-Pour-Cyril-ami-et-collegue\" target=\"_blank\" rel=\"nofollow noopener\">a lanc\u00e9 d\u00e8s lundi une cagnotte<\/a> pour soutenir sa famille, et notamment son \u00e9pouse. Ses coll\u00e8gues du groupe de s\u00e9curit\u00e9 de proximit\u00e9 rendent hommage \u00e0 ce \u00ab\u00a0policier d\u00e9vou\u00e9, courageux, toujours pr\u00e9sent pour les autres, que ce soit sur le terrain, ou dans la vie de tous les jours.\u00a0\u00bb<\/p>\n","protected":false},"excerpt":{"rendered":"Y a-t-il un lien direct entre la mort de Cyril et sa chute survenue quelques instants plus t\u00f4t&hellip;\n","protected":false},"author":2,"featured_media":62304,"comment_status":"","ping_status":"","sticky":false,"template":"","format":"standard","meta":{"footnotes":""},"categories":[1888],"tags":[11,1777,674,118,1011,27,1944,12,626,25],"class_list":{"0":"post-62303","1":"post","2":"type-post","3":"status-publish","4":"format-standard","5":"has-post-thumbnail","7":"category-paris","8":"tag-actualites","9":"tag-eu","10":"tag-europe","11":"tag-faits-divers","12":"tag-fr","13":"tag-france","14":"tag-ma-ville","15":"tag-news","16":"tag-paris","17":"tag-republique-francaise"},"share_on_mastodon":{"url":"https:\/\/pubeurope.com\/@fr\/114422376457750137","error":""},"_links":{"self":[{"href":"https:\/\/www.europesays.com\/fr\/wp-json\/wp\/v2\/posts\/62303","targetHints":{"allow":["GET"]}}],"collection":[{"href":"https:\/\/www.europesays.com\/fr\/wp-json\/wp\/v2\/posts"}],"about":[{"href":"https:\/\/www.europesays.com\/fr\/wp-json\/wp\/v2\/types\/post"}],"author":[{"embeddable":true,"href":"https:\/\/www.europesays.com\/fr\/wp-json\/wp\/v2\/users\/2"}],"replies":[{"embeddable":true,"href":"https:\/\/www.europesays.com\/fr\/wp-json\/wp\/v2\/comments?post=62303"}],"version-history":[{"count":0,"href":"https:\/\/www.europesays.com\/fr\/wp-json\/wp\/v2\/posts\/62303\/revisions"}],"wp:featuredmedia":[{"embeddable":true,"href":"https:\/\/www.europesays.com\/fr\/wp-json\/wp\/v2\/media\/62304"}],"wp:attachment":[{"href":"https:\/\/www.europesays.com\/fr\/wp-json\/wp\/v2\/media?parent=62303"}],"wp:term":[{"taxonomy":"category","embeddable":true,"href":"https:\/\/www.europesays.com\/fr\/wp-json\/wp\/v2\/categories?post=62303"},{"taxonomy":"post_tag","embeddable":true,"href":"https:\/\/www.europesays.com\/fr\/wp-json\/wp\/v2\/tags?post=62303"}],"curies":[{"name":"wp","href":"https:\/\/api.w.org\/{rel}","templated":true}]}}