{"id":623033,"date":"2025-12-26T09:29:14","date_gmt":"2025-12-26T09:29:14","guid":{"rendered":"https:\/\/www.europesays.com\/fr\/623033\/"},"modified":"2025-12-26T09:29:14","modified_gmt":"2025-12-26T09:29:14","slug":"en-russie-poutine-serre-la-vis-fiscale-pour-faire-face-au-cout-de-la-guerre","status":"publish","type":"post","link":"https:\/\/www.europesays.com\/fr\/623033\/","title":{"rendered":"En Russie, Poutine serre la vis fiscale pour faire face au co\u00fbt de la guerre"},"content":{"rendered":"<p class=\"upper-letter\">Un choc. Pour faire face au co\u00fbt de la guerre avec l\u2019Ukraine, le gouvernement de <a href=\"https:\/\/www.challenges.fr\/monde\/les-russes-sont-lasses-par-la-guerre-en-ukraine-de-poutine_634165\" target=\"_blank\" rel=\"noopener\">Vladimir Poutine<\/a> vient d\u2019infliger aux m\u00e9nages russes une s\u00e9rie de hausses fiscales, notamment de la TVA, qui passe de 20 \u00e0 22 %, ainsi que des taxes sur les voitures neu\u00adves, les appareils \u00e9lectroniques, le tabac et l\u2019alcool\u2026 Pour les petites en\u00adtrepri\u00adses et les ind\u00e9pendants aussi, l\u2019impact est rude\u00a0: le seuil de chiffre d\u2019affaires permettant une exon\u00e9ration de TVA a \u00e9t\u00e9 divis\u00e9 par six. Les r\u00e9actions ont \u00e9t\u00e9 vives. \u00ab\u00a0Nous recevons des lettres de PME, surtout des entrepreneurs individuels de petites villes\u00a0\u00bb, lit-on sur la cha\u00eene Telegram d\u2019Alexe\u00ef Netcha\u00efev, pr\u00e9sident du parti pro\u00adbusiness Nouvelles Personnes. Apr\u00e8s l\u2019abaissement du plafond d\u2019exon\u00e9ration de la TVA, ils devront licencier du personnel ou fermer.\u00a0\u00bb<\/p>\n<p>Dans le magazine Forbes Russie, Sergue\u00ef Borisov, du syndicat de petites entreprises Opora, estime quant \u00e0 lui que cette hausse d\u2019imp\u00f4ts touchera pr\u00e8s de 700 000 soci\u00e9t\u00e9s. Et sur 11 000 dirigeants de PME que son organisation a interrog\u00e9s, 30 % auraient l\u2019intention de cesser leurs activit\u00e9s, et 25 % devraient licencier du personnel.<\/p>\n<p>Face \u00e0 la col\u00e8re des petits patrons, le gouvernement a voulu limiter la casse en introduisant cette mesure progressivement, sur trois ans. \u00ab\u00a0Il est trop t\u00f4t pour en \u00e9valuer les cons\u00e9quences, nuance Vladislav Inozemtsev, \u00e9conomiste russe en exil et cofondateur du think tank Case (Centre pour les analyses et les strat\u00e9gies en Europe). C\u2019est un coup dur pour les PME, mais il ne s\u2019agit que d\u2019une petite partie <a href=\"https:\/\/www.challenges.fr\/economie\/la-russie-abaisse-a-15-sa-prevision-de-croissance-pour-2025_622620\" target=\"_blank\" rel=\"noopener\">de l\u2019\u00e9conomie<\/a>.\u00a0\u00bb<\/p>\n","protected":false},"excerpt":{"rendered":"Un choc. Pour faire face au co\u00fbt de la guerre avec l\u2019Ukraine, le gouvernement de Vladimir Poutine vient&hellip;\n","protected":false},"author":2,"featured_media":623034,"comment_status":"","ping_status":"","sticky":false,"template":"","format":"standard","meta":{"footnotes":""},"categories":[1591],"tags":[11,1887,526,12,1885,1886,132,220,135],"class_list":{"0":"post-623033","1":"post","2":"type-post","3":"status-publish","4":"format-standard","5":"has-post-thumbnail","7":"category-russie","8":"tag-actualites","9":"tag-federation-de-russie","10":"tag-fiscalite","11":"tag-news","12":"tag-russia","13":"tag-russian-federation","14":"tag-russie","15":"tag-ukraine","16":"tag-vladimir-poutine"},"share_on_mastodon":{"url":"https:\/\/pubeurope.com\/@fr\/115785168643233866","error":""},"_links":{"self":[{"href":"https:\/\/www.europesays.com\/fr\/wp-json\/wp\/v2\/posts\/623033","targetHints":{"allow":["GET"]}}],"collection":[{"href":"https:\/\/www.europesays.com\/fr\/wp-json\/wp\/v2\/posts"}],"about":[{"href":"https:\/\/www.europesays.com\/fr\/wp-json\/wp\/v2\/types\/post"}],"author":[{"embeddable":true,"href":"https:\/\/www.europesays.com\/fr\/wp-json\/wp\/v2\/users\/2"}],"replies":[{"embeddable":true,"href":"https:\/\/www.europesays.com\/fr\/wp-json\/wp\/v2\/comments?post=623033"}],"version-history":[{"count":0,"href":"https:\/\/www.europesays.com\/fr\/wp-json\/wp\/v2\/posts\/623033\/revisions"}],"wp:featuredmedia":[{"embeddable":true,"href":"https:\/\/www.europesays.com\/fr\/wp-json\/wp\/v2\/media\/623034"}],"wp:attachment":[{"href":"https:\/\/www.europesays.com\/fr\/wp-json\/wp\/v2\/media?parent=623033"}],"wp:term":[{"taxonomy":"category","embeddable":true,"href":"https:\/\/www.europesays.com\/fr\/wp-json\/wp\/v2\/categories?post=623033"},{"taxonomy":"post_tag","embeddable":true,"href":"https:\/\/www.europesays.com\/fr\/wp-json\/wp\/v2\/tags?post=623033"}],"curies":[{"name":"wp","href":"https:\/\/api.w.org\/{rel}","templated":true}]}}