{"id":623035,"date":"2025-12-26T09:30:22","date_gmt":"2025-12-26T09:30:22","guid":{"rendered":"https:\/\/www.europesays.com\/fr\/623035\/"},"modified":"2025-12-26T09:30:22","modified_gmt":"2025-12-26T09:30:22","slug":"ukraine-zelensky-dit-quil-va-rencontrer-trump-dans-un-avenir-proche-26-12-2025-a-1013","status":"publish","type":"post","link":"https:\/\/www.europesays.com\/fr\/623035\/","title":{"rendered":"Ukraine-Zelensky dit qu&rsquo;il va rencontrer Trump dans un avenir proche &#8211; 26\/12\/2025 \u00e0 10:13"},"content":{"rendered":"<p>\n (Actualis\u00e9 avec d\u00e9tails, contexte \u00a7\u00a72-5)\n<\/p>\n<p>\n Volodimir Zelensky a d\u00e9clar\u00e9<br \/>\nvendredi qu&rsquo;il allait rencontrer Donald Trump dans un avenir<br \/>\nproche et que beaucoup de choses pourraient \u00eatre d\u00e9cid\u00e9es avant<br \/>\nle Nouvel An, au lendemain de sa rencontre avec les n\u00e9gociateurs<br \/>\nde la Maison blanche.\n<\/p>\n<p>\n Le pr\u00e9sident ukrainien a pr\u00e9cis\u00e9 que les questions<br \/>\nsensibles, y compris tout compromis territorial, devraient \u00eatre<br \/>\ndiscut\u00e9es au niveau des chefs d&rsquo;\u00c9tat et que Kyiv cherche \u00e0<br \/>\norganiser une rencontre en face \u00e0 face avec Donald Trump.\n<\/p>\n<p>\n \u00ab\u00a0Nous sommes convenus d&rsquo;une r\u00e9union au plus haut niveau<br \/>\n&#8211; avec le pr\u00e9sident Trump dans un avenir proche. Beaucoup de<br \/>\nchoses peuvent \u00eatre d\u00e9cid\u00e9es avant le Nouvel An\u00a0\u00bb, a-t-il dit sur<br \/>\nX.\n<\/p>\n<p>\n Volodmir Zelensky s&rsquo;est entretenu jeudi avec l&rsquo;\u00e9missaire<br \/>\nam\u00e9ricain Steve Witkoff et le gendre du pr\u00e9sident Donald Trump,<br \/>\nJared Kushner, avec qui il a \u00e9voqu\u00e9 les moyens de mettre fin \u00e0<br \/>\nla guerre.\n<\/p>\n<p>\n Selon\n<\/p>\n<p>\n des informations\n<\/p>\n<p>\n du journal russe Kommersant, Vladimir Poutine a par<br \/>\nailleurs d\u00e9clar\u00e9 le 24 d\u00e9cembre \u00e0 quelques-uns des plus<br \/>\nimportants hommes d&rsquo;affaires russes que, s&rsquo;il n&rsquo;entendait pas<br \/>\nfaire de concessions sur le Donbass, il pourrait accepter<br \/>\nd&rsquo;\u00e9changer certains des territoires contr\u00f4l\u00e9s par ses forces en<br \/>\nUkraine.\n<\/p>\n<p>\n Volodimir Zelensky a pr\u00e9sent\u00e9 mercredi les principaux<br \/>\n\u00e9l\u00e9ments d\u2019un projet d\u2019accord-cadre de paix en 20 points discut\u00e9<br \/>\navec les \u00c9tats-Unis, affirmant qu\u2019il pourrait servir de base \u00e0<br \/>\nde futurs accords visant \u00e0 mettre fin \u00e0 la guerre avec la<br \/>\nRussie.\n<\/p>\n<p>\n Les diff\u00e9rentes parties doivent notamment discuter d&rsquo;une<br \/>\nproposition visant \u00e0 \u00e9tablir une zone d\u00e9militaris\u00e9e ou une \u00ab\u00a0zone<br \/>\n\u00e9conomique libre\u00a0\u00bb, dans la r\u00e9gion du Donbass revendiqu\u00e9e par<br \/>\nMoscou.\n<\/p>\n<p>\n (R\u00e9dig\u00e9 par Yuliia Dysa; version fran\u00e7aise Augustin Turpin,<br \/>\n\u00e9dit\u00e9 par Kate Entringer)<\/p>\n","protected":false},"excerpt":{"rendered":"(Actualis\u00e9 avec d\u00e9tails, contexte \u00a7\u00a72-5) Volodimir Zelensky a d\u00e9clar\u00e9 vendredi qu&rsquo;il allait rencontrer Donald Trump dans un avenir&hellip;\n","protected":false},"author":2,"featured_media":2486,"comment_status":"","ping_status":"","sticky":false,"template":"","format":"standard","meta":{"footnotes":""},"categories":[1590],"tags":[400,11,398,408,405,1777,674,403,402,399,404,12,401,406,220,407],"class_list":{"0":"post-623035","1":"post","2":"type-post","3":"status-publish","4":"format-standard","5":"has-post-thumbnail","7":"category-ukraine","8":"tag-action-cac-40","9":"tag-actualites","10":"tag-bourse-de-paris","11":"tag-boursorama","12":"tag-cotations","13":"tag-eu","14":"tag-europe","15":"tag-indices-devises","16":"tag-investir","17":"tag-investissement","18":"tag-marche-boursier","19":"tag-news","20":"tag-sicav","21":"tag-trackers","22":"tag-ukraine","23":"tag-warrants"},"share_on_mastodon":{"url":"https:\/\/pubeurope.com\/@fr\/115785172542477237","error":""},"_links":{"self":[{"href":"https:\/\/www.europesays.com\/fr\/wp-json\/wp\/v2\/posts\/623035","targetHints":{"allow":["GET"]}}],"collection":[{"href":"https:\/\/www.europesays.com\/fr\/wp-json\/wp\/v2\/posts"}],"about":[{"href":"https:\/\/www.europesays.com\/fr\/wp-json\/wp\/v2\/types\/post"}],"author":[{"embeddable":true,"href":"https:\/\/www.europesays.com\/fr\/wp-json\/wp\/v2\/users\/2"}],"replies":[{"embeddable":true,"href":"https:\/\/www.europesays.com\/fr\/wp-json\/wp\/v2\/comments?post=623035"}],"version-history":[{"count":0,"href":"https:\/\/www.europesays.com\/fr\/wp-json\/wp\/v2\/posts\/623035\/revisions"}],"wp:featuredmedia":[{"embeddable":true,"href":"https:\/\/www.europesays.com\/fr\/wp-json\/wp\/v2\/media\/2486"}],"wp:attachment":[{"href":"https:\/\/www.europesays.com\/fr\/wp-json\/wp\/v2\/media?parent=623035"}],"wp:term":[{"taxonomy":"category","embeddable":true,"href":"https:\/\/www.europesays.com\/fr\/wp-json\/wp\/v2\/categories?post=623035"},{"taxonomy":"post_tag","embeddable":true,"href":"https:\/\/www.europesays.com\/fr\/wp-json\/wp\/v2\/tags?post=623035"}],"curies":[{"name":"wp","href":"https:\/\/api.w.org\/{rel}","templated":true}]}}