{"id":623062,"date":"2025-12-26T09:50:21","date_gmt":"2025-12-26T09:50:21","guid":{"rendered":"https:\/\/www.europesays.com\/fr\/623062\/"},"modified":"2025-12-26T09:50:21","modified_gmt":"2025-12-26T09:50:21","slug":"yssingeaux-claudie-lux-nutilise-pas-de-pinceau-pour-ses-peintures","status":"publish","type":"post","link":"https:\/\/www.europesays.com\/fr\/623062\/","title":{"rendered":"Yssingeaux : Claudie Lux n&rsquo;utilise pas de pinceau pour ses peintures"},"content":{"rendered":"<p>\t\t\t\t\t\t\t\t\t\t\t\t\t\t\t\t\t\t\t\t\t\t\t\t\t\t\t\t\t\t\t\t\t\t\t\t\t\t\t\t\t\t\t\t\t\t\t\t\t\t\t\t\t\t\t\t\t\t\t\t\t\t\t<a href=\"https:\/\/www.lacommere43.fr\/component\/banners\/click\/1869.html\" target=\"_blank\" title=\"Saint-Romain-Lachalm Durieux Fermetures d\u00e9cembre 2025\" rel=\"noopener\"><br \/>\n\t\t\t\t\t\t\t<img decoding=\"async\" loading=\"lazy\" src=\"https:\/\/www.europesays.com\/fr\/wp-content\/uploads\/2025\/12\/La-Commre-43---du-20-12-25-au-09-01-2026.gif\" alt=\"Saint-Romain-Lachalm Durieux Fermetures d\u00e9cembre 2025\"\/><br \/>\n\t\t\t\t\t\t<\/a><\/p>\n<p><strong>L&rsquo;Yssingelaise Claudie Lux expose ses toiles jusqu&rsquo;\u00e0 la fin du mois de janvier dans une p\u00e2tisserie d&rsquo;Yssingeaux. Peintre \u00e0 l&rsquo;acrylique, l&rsquo;artiste n&rsquo;utilise quasiment jamais de pinceau.<\/strong><\/p>\n<p>Claudie Lux a d&rsquo;abord connu la peinture de fa\u00e7on tr\u00e8s classique. Aux Beaux-Arts \u00e0 Saint-Etienne, dans les ann\u00e9es 70, elle a connu Voltaire sous tous les angles. Elle retient de cette p\u00e9riode un professeur de couleur qui l&rsquo;a marqu\u00e9e \u00e0 jamais et l&rsquo;a guid\u00e9e sur une voie. \u00ab\u00a0La couleur m&rsquo;a poursuivie\u00a0\u00bb, reconna\u00eet-elle encore aujourd&rsquo;hui.<\/p>\n<p><strong>Le fluid art, kesako ?<\/strong><\/p>\n<p>D\u00e9sormais, elle s&rsquo;exprime \u00e0 travers la m\u00e9thode du fluid art, aussi appel\u00e9 pouring. Cette technique artistique consiste \u00e0 verser des peintures fluides sur une toile pour cr\u00e9er des motifs abstraits. \u00ab\u00a0C&rsquo;est tr\u00e8s fluide, comme du miel liquide\u00a0\u00bb, compare Claudie Lux.<\/p>\n<p><strong>Inspir\u00e9e par Yann Arthus-Bertrand<\/strong><\/p>\n<p>Elle n&rsquo;utilise pas de pinceau, ou tr\u00e8s peu. Elle verse ses couleurs sur une toile qu&rsquo;elle incline pour donner une direction, un mouvement, donner naissance \u00e0 une forme. Depuis peu, elle y ajoute de la caligraphie \u00ab\u00a0qui me pose, me canalise\u00a0\u00bb.<\/p>\n<p>Elle s&rsquo;inspire de la Terre vue du ciel selon Yann Arthus Bertrand. \u00ab\u00a0Je fais \u00e0 l&rsquo;instinct. Pour que cela me plaise, il faut le faire sous l&rsquo;impulsion.\u00a0\u00bb<\/p>\n<p><strong>13 peintures en expo-vente<\/strong><\/p>\n<p>Cliente de la p\u00e2tisserie et salon de th\u00e9 Di Angelis, sur la place du Garde-Temps \u00e0 Yssingeaux, elle a propos\u00e9 ses toiles. Treize cr\u00e9ations sont ainsi pr\u00e9sent\u00e9es jusqu&rsquo;\u00e0 fin janvier. \u00ab\u00a0P\u00e2tisserie et peinture, je trouve que \u00e7a se marie bien.\u00a0\u00bb<\/p>\n<p>On peut aussi repartir avec l&rsquo;oeuvre de son choix, dans une fourchette de prix de 39 \u00e0 98 \u20ac<\/p>\n","protected":false},"excerpt":{"rendered":"L&rsquo;Yssingelaise Claudie Lux expose ses toiles jusqu&rsquo;\u00e0 la fin du mois de janvier dans une p\u00e2tisserie d&rsquo;Yssingeaux. Peintre&hellip;\n","protected":false},"author":2,"featured_media":623063,"comment_status":"","ping_status":"","sticky":false,"template":"","format":"standard","meta":{"footnotes":""},"categories":[1358],"tags":[2281,1348,1384,1385,1386,58,59,2282,1011,27,2280,2284,2285,2283],"class_list":{"0":"post-623062","1":"post","2":"type-post","3":"status-publish","4":"format-standard","5":"has-post-thumbnail","7":"category-arts-et-design","8":"tag-actualite-43","9":"tag-arts","10":"tag-arts-and-design","11":"tag-arts-et-design","12":"tag-design","13":"tag-divertissement","14":"tag-entertainment","15":"tag-faits-divers-auvergne","16":"tag-fr","17":"tag-france","18":"tag-information-haute-loire","19":"tag-infos-43","20":"tag-journal-haute-loire","21":"tag-la-commere-43"},"share_on_mastodon":{"url":"https:\/\/pubeurope.com\/@fr\/115785252368899284","error":""},"_links":{"self":[{"href":"https:\/\/www.europesays.com\/fr\/wp-json\/wp\/v2\/posts\/623062","targetHints":{"allow":["GET"]}}],"collection":[{"href":"https:\/\/www.europesays.com\/fr\/wp-json\/wp\/v2\/posts"}],"about":[{"href":"https:\/\/www.europesays.com\/fr\/wp-json\/wp\/v2\/types\/post"}],"author":[{"embeddable":true,"href":"https:\/\/www.europesays.com\/fr\/wp-json\/wp\/v2\/users\/2"}],"replies":[{"embeddable":true,"href":"https:\/\/www.europesays.com\/fr\/wp-json\/wp\/v2\/comments?post=623062"}],"version-history":[{"count":0,"href":"https:\/\/www.europesays.com\/fr\/wp-json\/wp\/v2\/posts\/623062\/revisions"}],"wp:featuredmedia":[{"embeddable":true,"href":"https:\/\/www.europesays.com\/fr\/wp-json\/wp\/v2\/media\/623063"}],"wp:attachment":[{"href":"https:\/\/www.europesays.com\/fr\/wp-json\/wp\/v2\/media?parent=623062"}],"wp:term":[{"taxonomy":"category","embeddable":true,"href":"https:\/\/www.europesays.com\/fr\/wp-json\/wp\/v2\/categories?post=623062"},{"taxonomy":"post_tag","embeddable":true,"href":"https:\/\/www.europesays.com\/fr\/wp-json\/wp\/v2\/tags?post=623062"}],"curies":[{"name":"wp","href":"https:\/\/api.w.org\/{rel}","templated":true}]}}