{"id":623064,"date":"2025-12-26T09:52:20","date_gmt":"2025-12-26T09:52:20","guid":{"rendered":"https:\/\/www.europesays.com\/fr\/623064\/"},"modified":"2025-12-26T09:52:20","modified_gmt":"2025-12-26T09:52:20","slug":"2025-une-tres-bonne-annee-pour-le-fascisme-ironise-jimmy-kimmel-a-la-television-britannique","status":"publish","type":"post","link":"https:\/\/www.europesays.com\/fr\/623064\/","title":{"rendered":"2025, \u00ab\u00a0une tr\u00e8s bonne ann\u00e9e pour le fascisme\u00a0\u00bb, ironise Jimmy Kimmel \u00e0 la t\u00e9l\u00e9vision britannique"},"content":{"rendered":"<p>Dans un discours alternatif \u00e0 celui du roi Charles, l&rsquo;animateur am\u00e9ricain Jimmy Kimmel s&rsquo;est exprim\u00e9 \u00e0 la t\u00e9l\u00e9vision britannique pour d\u00e9noncer les d\u00e9rives du trumpisme et appeler les Britanniques ne pas abandonner les Am\u00e9ricains.<\/p>\n<p>L&rsquo;humoriste am\u00e9ricain <a href=\"https:\/\/www.bfmtv.com\/people\/tv\/l-emission-de-jimmy-kimmel-critique-de-donald-trump-reconduite-apres-une-vive-polemique_AD-202512090220.html\" title=\"L&#039;\u00e9mission de Jimmy Kimmel, critique de Donald Trump, reconduite apr\u00e8s une vive pol\u00e9mique\" class=\"internal_link\" target=\"_blank\" rel=\"noopener\">Jimmy Kimmel<\/a>, dont l&rsquo;\u00e9mission avait momentan\u00e9ment \u00e9t\u00e9 suspendue en septembre, a affirm\u00e9 que l&rsquo;ann\u00e9e 2025 avait \u00e9t\u00e9, \u00ab\u00a0du point de vue du fascisme\u00a0\u00bb, une \u00ab\u00a0tr\u00e8s bonne ann\u00e9e\u00a0\u00bb aux \u00c9tats-Unis, dans une allocution diffus\u00e9e jeudi sur une cha\u00eene de t\u00e9l\u00e9vision britannique.<\/p>\n<p>Channel 4 diffuse chaque ann\u00e9e depuis 1993 un discours de No\u00ebl alternatif \u00e0 <a href=\"https:\/\/www.bfmtv.com\/people\/tetes-couronnees\/cherir-les-valeurs-de-compassion-et-de-reconciliation-le-roi-charles-iii-a-prononce-son-traditionnel-discours-de-noel_AD-202512250295.html\" title=\"&quot;Ch\u00e9rir les valeurs de compassion et de r\u00e9conciliation&quot;: le roi Charles III a prononc\u00e9 son traditionnel discours de No\u00ebl\" class=\"internal_link\" target=\"_blank\" rel=\"noopener\">celui du monarque britannique<\/a>.<\/p>\n<p>Cette ann\u00e9e, la cha\u00eene publique a choisi Jimmy Kimmel, une grande star des fameux \u00ab\u00a0<a href=\"https:\/\/www.bfmtv.com\/international\/amerique-nord\/etats-unis\/donald-trump\/une-pathetique-catastrophe-donald-trump-s-en-prend-encore-aux-late-shows_AD-202512240506.html\" title=\"&quot;Une path\u00e9tique catastrophe&quot;: Donald Trump s&#039;en prend encore aux &quot;late shows&quot;\" class=\"internal_link\" target=\"_blank\" rel=\"noopener\">late night shows<\/a>\u00ab\u00a0, dont l&rsquo;\u00e9mission avait \u00e9t\u00e9 suspendue en septembre apr\u00e8s qu&rsquo;il avait accus\u00e9 la droite am\u00e9ricaine d&rsquo;exploiter politiquement l&rsquo;assassinat de l&rsquo;influenceur partisan de Donald Trump Charlie Kirk.<\/p>\n<p>\u00ab\u00a0Honn\u00eatement, je crois que je n&rsquo;ai aucune id\u00e9e de ce qui se passe chez vous. En revanche, je sais ce qui se passe chez nous et je peux vous dire que, du point de vue du fascisme, \u00e7a a \u00e9t\u00e9 une tr\u00e8s bonne ann\u00e9e\u00a0\u00bb, a-t-il d\u00e9clar\u00e9 d\u00e8s l&rsquo;ouverture de son allocution.<\/p>\n<p>\u00ab\u00a0La tyrannie prosp\u00e8re\u00a0\u00bb<\/p>\n<p>\u00ab\u00a0<a href=\"https:\/\/www.bfmtv.com\/international\/amerique-nord\/etats-unis\/donald-trump\/donald-trump-souhaite-un-joyeux-noel-aux-pourritures-de-gauche-radicale_AV-202512250161.html\" title=\"Donald Trump souhaite un joyeux No\u00ebl &quot;aux pourritures de gauche radicale&quot;\" class=\"internal_link\" target=\"_blank\" rel=\"noopener\">La tyrannie prosp\u00e8re ici<\/a>\u00ab\u00a0, a-t-il rench\u00e9ri, avant de revenir en d\u00e9tail sur sa suspension. Face aux accusations de censure, il avait finalement retrouv\u00e9 le chemin du studio une semaine plus tard.<\/p>\n<p>\u00ab\u00a0Le fait qu&rsquo;un gouvernement r\u00e9duise ses d\u00e9tracteurs au silence est quelque chose qui se produit dans des pays comme la Russie, la Cor\u00e9e du Nord et \u00e0 Los Angeles mais pas au Royaume-Uni\u00a0\u00bb, a-t-il ironis\u00e9, avant de mettre en garde les Britanniques: \u00ab\u00a0Tout va tr\u00e8s vite\u00a0\u00bb.<\/p>\n<p><img decoding=\"async\" src=\"https:\/\/www.europesays.com\/fr\/wp-content\/uploads\/2025\/12\/principale-255_3.jpg\"  alt=\"Apr\u00e8s Elizabeth II, Charles III... La tradition du discours de No\u00ebl a-t-elle encore un int\u00e9r\u00eat pour le roi?\" title=\"Apr\u00e8s Elizabeth II, Charles III... La tradition du discours de No\u00ebl a-t-elle encore un int\u00e9r\u00eat pour le roi?\"\/>Apr\u00e8s Elizabeth II, Charles III&#8230; La tradition du discours de No\u00ebl a-t-elle encore un int\u00e9r\u00eat pour le roi?<\/p>\n<p>Mais le pr\u00e9sident am\u00e9ricain, qu&rsquo;il a baptis\u00e9 \u00ab\u00a0le roi Donnie VIII\u00a0\u00bb, une allusion \u00e0 Henry VIII, a \u00ab\u00a0perdu\u00a0\u00bb, a-t-il assur\u00e9, dans une r\u00e9f\u00e9rence au fait que son \u00e9mission \u00ab\u00a0Jimmy Kimmel Live!\u00a0\u00bb a \u00e9t\u00e9 prolong\u00e9e jusqu&rsquo;au milieu de l&rsquo;ann\u00e9e 2027.<\/p>\n<p>Il a \u00e9galement appel\u00e9 les Britanniques \u00e0 ne pas \u00ab\u00a0abandonner\u00a0\u00bb les Am\u00e9ricains. \u00ab\u00a0Nous traversons une p\u00e9riode difficile en ce moment mais nous allons nous en sortir\u00a0\u00bb, a-t-il ajout\u00e9.<\/p>\n<p>Parmi les personnalit\u00e9s ayant d\u00e9j\u00e0 adress\u00e9 le message alternatif de No\u00ebl figurent le com\u00e9dien Stephen Fry, en 2023, et le lanceur d&rsquo;alerte Edward Snowden, en 2013<\/p>\n","protected":false},"excerpt":{"rendered":"Dans un discours alternatif \u00e0 celui du roi Charles, l&rsquo;animateur am\u00e9ricain Jimmy Kimmel s&rsquo;est exprim\u00e9 \u00e0 la t\u00e9l\u00e9vision&hellip;\n","protected":false},"author":2,"featured_media":623065,"comment_status":"","ping_status":"","sticky":false,"template":"","format":"standard","meta":{"footnotes":""},"categories":[1356],"tags":[58,59,1011,27,252,1364],"class_list":{"0":"post-623064","1":"post","2":"type-post","3":"status-publish","4":"format-standard","5":"has-post-thumbnail","7":"category-television","8":"tag-divertissement","9":"tag-entertainment","10":"tag-fr","11":"tag-france","12":"tag-television","13":"tag-tv"},"share_on_mastodon":{"url":"","error":""},"_links":{"self":[{"href":"https:\/\/www.europesays.com\/fr\/wp-json\/wp\/v2\/posts\/623064","targetHints":{"allow":["GET"]}}],"collection":[{"href":"https:\/\/www.europesays.com\/fr\/wp-json\/wp\/v2\/posts"}],"about":[{"href":"https:\/\/www.europesays.com\/fr\/wp-json\/wp\/v2\/types\/post"}],"author":[{"embeddable":true,"href":"https:\/\/www.europesays.com\/fr\/wp-json\/wp\/v2\/users\/2"}],"replies":[{"embeddable":true,"href":"https:\/\/www.europesays.com\/fr\/wp-json\/wp\/v2\/comments?post=623064"}],"version-history":[{"count":0,"href":"https:\/\/www.europesays.com\/fr\/wp-json\/wp\/v2\/posts\/623064\/revisions"}],"wp:featuredmedia":[{"embeddable":true,"href":"https:\/\/www.europesays.com\/fr\/wp-json\/wp\/v2\/media\/623065"}],"wp:attachment":[{"href":"https:\/\/www.europesays.com\/fr\/wp-json\/wp\/v2\/media?parent=623064"}],"wp:term":[{"taxonomy":"category","embeddable":true,"href":"https:\/\/www.europesays.com\/fr\/wp-json\/wp\/v2\/categories?post=623064"},{"taxonomy":"post_tag","embeddable":true,"href":"https:\/\/www.europesays.com\/fr\/wp-json\/wp\/v2\/tags?post=623064"}],"curies":[{"name":"wp","href":"https:\/\/api.w.org\/{rel}","templated":true}]}}