{"id":623066,"date":"2025-12-26T09:53:22","date_gmt":"2025-12-26T09:53:22","guid":{"rendered":"https:\/\/www.europesays.com\/fr\/623066\/"},"modified":"2025-12-26T09:53:22","modified_gmt":"2025-12-26T09:53:22","slug":"au-coeur-dune-troupe-galvanisee","status":"publish","type":"post","link":"https:\/\/www.europesays.com\/fr\/623066\/","title":{"rendered":"au c\u0153ur d\u2019une troupe galvanis\u00e9e"},"content":{"rendered":"<p>                     <img loading=\"lazy\" decoding=\"async\" src=\"https:\/\/www.europesays.com\/fr\/wp-content\/uploads\/2025\/12\/252cbd6_upload-1-uudwcyxotbtx-the-end-of-an-era-ts-copie-2.png\" alt=\"\u00ab\u00a0Taylor Swift. The End of an Era\u00a0\u00bb, s\u00e9rie documentaire sur la tourn\u00e9e \u00ab\u00a0The Eras Tour\u00a0\u00bb de la chanteuse Taylor Swift. \"   width=\"664\" height=\"443\"\/>    \u00ab\u00a0Taylor Swift. The End of an Era\u00a0\u00bb, s\u00e9rie documentaire sur la tourn\u00e9e \u00ab\u00a0The Eras Tour\u00a0\u00bb de la chanteuse Taylor Swift.  DISNEY+                <\/p>\n<blockquote class=\"article__catchphrase\">\n<p class=\"article__quote\">DISNEY + \u2013 \u00c0 LA DEMANDE \u2013 S\u00c9RIE DOCUMENTAIRE<\/p>\n<\/blockquote>\n<p class=\"article__paragraph  \">Taylor Swift n\u2019est pas un ph\u00e9nom\u00e8ne\u00a0? L\u2019autrice, musicienne et chanteuse am\u00e9ricaine est, en revanche, \u00e0 l\u2019origine d\u2019une tourn\u00e9e, \u00ab\u00a0The Eras Tour\u00a0\u00bb, devenue ph\u00e9nom\u00e9nale\u00a0: pr\u00e8s de 150\u00a0concerts, donn\u00e9s de mars\u00a02023\u00a0\u00e0 d\u00e9cembre\u00a02024, dans vingt pays sur quatre continents devant 10\u00a0millions de spectateurs \u2013 les \u00ab\u00a0Swifties\u00a0\u00bb, comme se font appeler les fans de la star. A tel point que \u00ab\u00a0les gens ont oubli\u00e9 qu\u2019[elle] \u00e9tai[t] humaine\u00a0\u00bb, sourit un peu niaisement Ed Sheeran.<\/p>\n<p class=\"article__paragraph  \">Assis dans sa loge, le chanteur britannique r\u00e9p\u00e8te avec Taylor Swift, avant de la rejoindre sur la sc\u00e8ne du stade de Wembley, pour un des cinq shows londoniens de la tourn\u00e9e. La s\u00e9quence est reprise dans le premier des six \u00e9pisodes de Taylor Swift. The End of an Era, la s\u00e9rie documentaire qui en relate les coulisses.<\/p>\n<p class=\"article__paragraph  \">La s\u00e9rie est \u00e0 l\u2019image de ses spectacles\u00a0: ma\u00eetris\u00e9e, professionnelle et ponctu\u00e9e de surprises savamment orchestr\u00e9es. Le tout sans contrainte chronologique. Elle s\u2019ouvre ainsi sur les quinze minutes qui ont pr\u00e9c\u00e9d\u00e9 l\u2019ultime concert du 8\u00a0d\u00e9cembre\u00a02024 \u00e0 Vancouver, au Canada (dont la captation est aussi disponible <a href=\"https:\/\/www.disneyplus.com\/fr-fr\/browse\/entity-48f31304-ed30-47af-8c7e-83f825129b10\" target=\"_blank\" rel=\"noopener\" title=\"Nouvelle fen\u00eatre\">sur Disney+<\/a>)\u00a0: \u00ab\u00a0Le \u201cEras Tour\u201d, c\u2019est le r\u00e9sultat de notre travail \u00e0 tous\u00a0\u00bb, d\u00e9clare alors Taylor Swift \u00e0 ses musiciens, choristes et danseurs, qui l\u2019entourent religieusement. Avant de remonter le temps et de reprendre par le commencement.<\/p>\n<p class=\"reading-mode-only \"><strong>Il vous reste 64.02% de cet article \u00e0 lire. La suite est r\u00e9serv\u00e9e aux abonn\u00e9s.<\/strong><\/p>\n","protected":false},"excerpt":{"rendered":"\u00ab\u00a0Taylor Swift. The End of an Era\u00a0\u00bb, s\u00e9rie documentaire sur la tourn\u00e9e \u00ab\u00a0The Eras Tour\u00a0\u00bb de la chanteuse&hellip;\n","protected":false},"author":2,"featured_media":623067,"comment_status":"","ping_status":"","sticky":false,"template":"","format":"standard","meta":{"footnotes":""},"categories":[1355],"tags":[58,59,1011,27,1361,873],"class_list":{"0":"post-623066","1":"post","2":"type-post","3":"status-publish","4":"format-standard","5":"has-post-thumbnail","7":"category-musique","8":"tag-divertissement","9":"tag-entertainment","10":"tag-fr","11":"tag-france","12":"tag-music","13":"tag-musique"},"share_on_mastodon":{"url":"https:\/\/pubeurope.com\/@fr\/115785263844753926","error":""},"_links":{"self":[{"href":"https:\/\/www.europesays.com\/fr\/wp-json\/wp\/v2\/posts\/623066","targetHints":{"allow":["GET"]}}],"collection":[{"href":"https:\/\/www.europesays.com\/fr\/wp-json\/wp\/v2\/posts"}],"about":[{"href":"https:\/\/www.europesays.com\/fr\/wp-json\/wp\/v2\/types\/post"}],"author":[{"embeddable":true,"href":"https:\/\/www.europesays.com\/fr\/wp-json\/wp\/v2\/users\/2"}],"replies":[{"embeddable":true,"href":"https:\/\/www.europesays.com\/fr\/wp-json\/wp\/v2\/comments?post=623066"}],"version-history":[{"count":0,"href":"https:\/\/www.europesays.com\/fr\/wp-json\/wp\/v2\/posts\/623066\/revisions"}],"wp:featuredmedia":[{"embeddable":true,"href":"https:\/\/www.europesays.com\/fr\/wp-json\/wp\/v2\/media\/623067"}],"wp:attachment":[{"href":"https:\/\/www.europesays.com\/fr\/wp-json\/wp\/v2\/media?parent=623066"}],"wp:term":[{"taxonomy":"category","embeddable":true,"href":"https:\/\/www.europesays.com\/fr\/wp-json\/wp\/v2\/categories?post=623066"},{"taxonomy":"post_tag","embeddable":true,"href":"https:\/\/www.europesays.com\/fr\/wp-json\/wp\/v2\/tags?post=623066"}],"curies":[{"name":"wp","href":"https:\/\/api.w.org\/{rel}","templated":true}]}}