{"id":623074,"date":"2025-12-26T09:58:11","date_gmt":"2025-12-26T09:58:11","guid":{"rendered":"https:\/\/www.europesays.com\/fr\/623074\/"},"modified":"2025-12-26T09:58:11","modified_gmt":"2025-12-26T09:58:11","slug":"beatrice-dalle-defend-son-ami-jacques-doillon","status":"publish","type":"post","link":"https:\/\/www.europesays.com\/fr\/623074\/","title":{"rendered":"B\u00e9atrice Dalle d\u00e9fend son ami Jacques Doillon"},"content":{"rendered":"<p>\n    Interrog\u00e9e par l\u2019AFP dans le cadre de la sortie de Laurent dans le vent, l\u2019actrice affiche son soutien au r\u00e9alisateur de 81 ans, dans la tourmente depuis une plainte pour viol de la com\u00e9dienne Judith Godr\u00e8che. Il est vis\u00e9 par plusieurs plaintes pour des violences sexuelles.<\/p>\n<p class=\"fig-paragraph\">En 2024, d\u00e9j\u00e0,\u00a0<a href=\"http:\/\/tvmag.lefigaro.fr\/programme-tv\/actu-tele\/beatrice-dalle-rembobine-le-film-de-sa-vie-sur-france-5-20231104\" target=\"_blank\" data-fig-type=\"Article\" rel=\"noopener\" data-gtm-custom-categorie=\"navigation\" data-gtm-custom-action=\"crossclick\" data-gtm-custom-label=\"Contextuel\" data-gtm-event=\"customEventSPE\" data-fig-domain=\"TVMAG\">B\u00e9atrice Dalle<\/a>\u00a0s\u2019\u00e9tonnait que \u00ab\u00a0certaines com\u00e9diennes portent plainte des ann\u00e9es apr\u00e8s\u00a0\u00bb. L\u2019actrice r\u00e9v\u00e9l\u00e9e par\u00a0<a href=\"http:\/\/www.lefigaro.fr\/cinema\/diva-3702-le-matin-la-lune-dans-le-caniveau-les-six-films-de-jean-jacques-beineix-20220114\" target=\"_blank\" data-fig-type=\"Article\" rel=\"noopener\" data-gtm-custom-categorie=\"navigation\" data-gtm-custom-action=\"crossclick\" data-gtm-custom-label=\"Contextuel\" data-gtm-event=\"customEventSPE\" data-fig-domain=\"LEFIGARO\">37\u00b02 le matin<\/a> \u00a0r\u00e9agissait aux accusations port\u00e9es contre Jacques Doillon, vis\u00e9 par plusieurs plaintes pour viols, tentatives de viols et violences sexuelles, pour des faits qui se seraient d\u00e9roul\u00e9s entre 1980 et 2012.\u00a0Elle est rest\u00e9e proche de lui depuis le tournage de\u00a0<a href=\"https:\/\/www.lefigaro.fr\/cinema\/jacquot-doillon-garrel-se-replonger-dans-leur-filmographie-est-une-punition-20240216\" target=\"_blank\" data-fig-type=\"Article\" rel=\"noopener\" data-gtm-custom-categorie=\"navigation\" data-gtm-custom-action=\"crossclick\" data-gtm-custom-label=\"Contextuel\" data-gtm-event=\"customEventSPE\" data-fig-domain=\"LEFIGARO\">La Vengeance d\u2019une femme<\/a>, en 1990.<\/p>\n<p class=\"fig-paragraph\">\u00ab\u00a0Je ne suis pas un chien, je ne crie pas avec la meute. J\u2019ai un ami qui s\u2019appelle Jacques Doillon. \u00c7a fait 40 ans que c\u2019est mon ami, et les abominations qu\u2019on dit sur lui, je n\u2019y crois pas une seule seconde\u00a0\u00bb, abonde d\u00e9sormais l\u2019actrice de 61 ans, interview\u00e9e par l\u2019AFP \u00e0 l\u2019occasion de la sortie de Laurent dans le vent. Une com\u00e9die qui se d\u00e9roule dans une station de ski d\u00e9serte o\u00f9 elle campe une femme retir\u00e9e du monde accueillant un jeune homme inadapt\u00e9 \u00e0 la soci\u00e9t\u00e9 contemporaine.<\/p>\n<p class=\"fig-body-link\">\n            \u00c0 lire aussi<br \/>\n        <a class=\"fig-body-link__link fig-premium-mark\" href=\"https:\/\/www.lefigaro.fr\/cinema\/jacquot-doillon-garrel-se-replonger-dans-leur-filmographie-est-une-punition-20240216\" target=\"_blank\" data-fig-type=\"Article\" rel=\"noopener\" data-gtm-custom-categorie=\"navigation\" data-gtm-custom-action=\"crossclick\" data-gtm-custom-label=\"Contextuel\" data-gtm-event=\"customEventSPE\" data-fig-domain=\"LEFIGARO\"><\/p>\n<p>        Jacquot, Doillon, Garrel: se replonger dans leur filmographie est une punition<br \/>\n    <\/a>\n<\/p>\n<p>                                            <a class=\"fig-a11y-skip\" href=\"#fig-a11y-skip-main-inarticle\" data-module=\"a11y-skip\" data-context=\"was @visible\"><br \/>\n    Passer la publicit\u00e9<br \/>\n<\/a>            <\/p>\n<p>                                            Plainte en diffamation de Jacques Doillon<\/p>\n<p class=\"fig-paragraph\">Alors qu\u2019elle est interrog\u00e9e sur les conditions de tournage\u00a0<a href=\"http:\/\/www.lefigaro.fr\/cinema\/a-hollywood-les-scenes-de-sexe-sous-haute-surveillance-avec-les-coordinateurs-d-intimite-20221010\" target=\"_blank\" data-fig-type=\"NewsFlash\" rel=\"noopener\" data-gtm-custom-categorie=\"navigation\" data-gtm-custom-action=\"crossclick\" data-gtm-custom-label=\"Contextuel\" data-gtm-event=\"customEventSPE\" data-fig-domain=\"LEFIGARO\">des sc\u00e8nes d\u2019intimit\u00e9 \u00e0 l\u2019\u00e8re MeToo<\/a>, B\u00e9atrice Dalle ench\u00e9rit\u00a0: \u00ab\u00a0J\u2019entends tellement tout le monde se plaindre sur tout le monde en ce moment. Tout le monde a viol\u00e9 tout le monde. Moi, \u00e7a fait 40 ans que je fais du cin\u00e9ma. Je n\u2019ai jamais eu un metteur en sc\u00e8ne, un acteur, un technicien, un journaliste, quelqu\u2019un qui m\u2019a manqu\u00e9 de respect.\u00a0\u00bb\u00a0<\/p>\n<p class=\"fig-paragraph\">La plainte d\u00e9pos\u00e9e contre Jacques Doillon par Judith Godr\u00e8che, visant des faits aujourd\u2019hui prescrits, a suscit\u00e9 un vif \u00e9moi en f\u00e9vrier 2024. Elle a \u00e9t\u00e9 suivie d\u2019autres accusations contre le r\u00e9alisateur, formul\u00e9es notamment par les actrices Isild Le\u00a0Besco et\u00a0<a href=\"http:\/\/madame.lefigaro.fr\/societe\/actu\/il-m-a-embrassee-de-force-anna-mouglalis-et-isild-le-besco-les-autres-accusatrices-de-jacques-doillon-20240209\" target=\"_blank\" data-fig-type=\"Article\" rel=\"noopener\" data-gtm-custom-categorie=\"navigation\" data-gtm-custom-action=\"crossclick\" data-gtm-custom-label=\"Contextuel\" data-gtm-event=\"customEventSPE\" data-fig-domain=\"MADAME\">Anna Mouglalis<\/a>. Une\u00a0<a href=\"http:\/\/www.lefigaro.fr\/faits-divers\/judith-godreche-accuse-le-realisateur-jacques-doillon-d-abus-sexuels-quand-elle-avait-15-ans-20240208\" target=\"_blank\" data-fig-type=\"NewsFlash\" rel=\"noopener\" data-gtm-custom-categorie=\"navigation\" data-gtm-custom-action=\"crossclick\" data-gtm-custom-label=\"Contextuel\" data-gtm-event=\"customEventSPE\" data-fig-domain=\"LEFIGARO\">enqu\u00eate a \u00e9t\u00e9 ouverte<\/a>\u00a0contre cette figure du cin\u00e9ma d\u2019auteur, aujourd\u2019hui \u00e2g\u00e9e de 81 ans. Le cin\u00e9aste, qui conteste les faits, a \u00e9t\u00e9 plac\u00e9 fin 2024 sous le statut interm\u00e9diaire de t\u00e9moin assist\u00e9.<\/p>\n<p class=\"fig-body-link\">\n            \u00c0 lire aussi<br \/>\n        <a class=\"fig-body-link__link\" href=\"http:\/\/www.lefigaro.fr\/cinema\/le-tournage-de-memoire-de-filles-adapte-d-annie-ernaux-par-judith-godreche-commence-20251021\" target=\"_blank\" data-fig-type=\"Article\" rel=\"noopener\" data-gtm-custom-categorie=\"navigation\" data-gtm-custom-action=\"crossclick\" data-gtm-custom-label=\"Contextuel\" data-gtm-event=\"customEventSPE\" data-fig-domain=\"LEFIGARO\"><\/p>\n<p>        Le tournage de M\u00e9moire de filles, adapt\u00e9 d\u2019Annie Ernaux par Judith Godr\u00e8che, commence<br \/>\n    <\/a>\n<\/p>\n<p class=\"fig-paragraph\">Il a \u00e9galement port\u00e9 plainte contre Judith Godr\u00e8che pour diffamation, en raison d\u2019une publication sur Instagram dans laquelle l\u2019actrice l\u2019accusait de tourner avec des enfants \u00ab avec qui il couche\u00a0\u00bb. La com\u00e9dienne a \u00e9t\u00e9 mise en examen. \u00ab\u00a0Il y aura donc un proc\u00e8s qui le mettra sur le banc des victimes et moi sur celui des pr\u00e9venus. J\u2019ai h\u00e2te n\u00e9anmoins de venir expliquer la v\u00e9rit\u00e9 sur son comportement\u00a0\u00bb,\u00a0<a href=\"http:\/\/www.lefigaro.fr\/culture\/judith-godreche-annonce-etre-mise-en-examen-pour-diffamation-envers-jacques-doillon-20250910\" target=\"_blank\" data-fig-type=\"NewsFlash\" rel=\"noopener\" data-gtm-custom-categorie=\"navigation\" data-gtm-custom-action=\"crossclick\" data-gtm-custom-label=\"Contextuel\" data-gtm-event=\"customEventSPE\" data-fig-domain=\"LEFIGARO\">a-t-elle comment\u00e9, en septembre, avec une certaine irritation<\/a>.<\/p>\n","protected":false},"excerpt":{"rendered":"Interrog\u00e9e par l\u2019AFP dans le cadre de la sortie de Laurent dans le vent, l\u2019actrice affiche son soutien&hellip;\n","protected":false},"author":2,"featured_media":623075,"comment_status":"","ping_status":"","sticky":false,"template":"","format":"standard","meta":{"footnotes":""},"categories":[8],"tags":[18885,49911,58,59,1011,27,73240,4358],"class_list":{"0":"post-623074","1":"post","2":"type-post","3":"status-publish","4":"format-standard","5":"has-post-thumbnail","7":"category-divertissement","8":"tag-accusations-de-viol","9":"tag-beatrice-dalle","10":"tag-divertissement","11":"tag-entertainment","12":"tag-fr","13":"tag-france","14":"tag-jacques-doillon","15":"tag-judith-godreche"},"share_on_mastodon":{"url":"https:\/\/pubeurope.com\/@fr\/115785282777700931","error":""},"_links":{"self":[{"href":"https:\/\/www.europesays.com\/fr\/wp-json\/wp\/v2\/posts\/623074","targetHints":{"allow":["GET"]}}],"collection":[{"href":"https:\/\/www.europesays.com\/fr\/wp-json\/wp\/v2\/posts"}],"about":[{"href":"https:\/\/www.europesays.com\/fr\/wp-json\/wp\/v2\/types\/post"}],"author":[{"embeddable":true,"href":"https:\/\/www.europesays.com\/fr\/wp-json\/wp\/v2\/users\/2"}],"replies":[{"embeddable":true,"href":"https:\/\/www.europesays.com\/fr\/wp-json\/wp\/v2\/comments?post=623074"}],"version-history":[{"count":0,"href":"https:\/\/www.europesays.com\/fr\/wp-json\/wp\/v2\/posts\/623074\/revisions"}],"wp:featuredmedia":[{"embeddable":true,"href":"https:\/\/www.europesays.com\/fr\/wp-json\/wp\/v2\/media\/623075"}],"wp:attachment":[{"href":"https:\/\/www.europesays.com\/fr\/wp-json\/wp\/v2\/media?parent=623074"}],"wp:term":[{"taxonomy":"category","embeddable":true,"href":"https:\/\/www.europesays.com\/fr\/wp-json\/wp\/v2\/categories?post=623074"},{"taxonomy":"post_tag","embeddable":true,"href":"https:\/\/www.europesays.com\/fr\/wp-json\/wp\/v2\/tags?post=623074"}],"curies":[{"name":"wp","href":"https:\/\/api.w.org\/{rel}","templated":true}]}}