{"id":623080,"date":"2025-12-26T10:02:13","date_gmt":"2025-12-26T10:02:13","guid":{"rendered":"https:\/\/www.europesays.com\/fr\/623080\/"},"modified":"2025-12-26T10:02:13","modified_gmt":"2025-12-26T10:02:13","slug":"une-violente-attaque-a-bruxelles-une-macabre-decouverte-plusieurs-incendies-des-incidents-ont-entache-la-fete-de-noel","status":"publish","type":"post","link":"https:\/\/www.europesays.com\/fr\/623080\/","title":{"rendered":"Une violente attaque \u00e0 Bruxelles, une macabre d\u00e9couverte, plusieurs incendies&#8230; Des incidents ont entach\u00e9 la f\u00eate de No\u00ebl"},"content":{"rendered":"<p class=\"ap-StoryElement ap-StoryElement--mb ap-StoryText\">Ce jeudi, on apprenait qu&rsquo;il \u00e9tait hors de danger.<\/p>\n<p>Des tirs \u00e0 Gand: les jours de la victime en danger<\/p>\n<p class=\"ap-StoryElement ap-StoryElement--mb ap-StoryText\">Le quartier de logements \u00ab\u00a0Nieuw Gent\u00a0\u00bb, non loin de l&rsquo;h\u00f4pital universitaire de Gand a \u00e9t\u00e9 le th\u00e9\u00e2tre de tirs dans la nuit de mercredi \u00e0 jeudi. Une personne a \u00e9t\u00e9 gri\u00e8vement bless\u00e9e. Ses jours sont en danger, indique le parquet de Flandre orientale, confirmant une information du Nieuwsblad.<\/p>\n<p class=\"ap-StoryElement ap-StoryElement--mb ap-StoryText\">On ignore \u00e0 ce stade si la victime \u00e9tait un visiteur ou un habitant du quartier. Afin de ne pas compromettre l&rsquo;enqu\u00eate, aucune autre information concernant les circonstances ou les personnes impliqu\u00e9es ne sera divulgu\u00e9e pour le moment, ajoute le parquet. On ignore \u00e9galement si un suspect a \u00e9t\u00e9 interpell\u00e9.<\/p>\n<p>Macabre d\u00e9couverte \u00e0 Herentals<\/p>\n<p class=\"ap-StoryElement ap-StoryElement--mb ap-StoryText\">Un voyageur a d\u00e9couvert jeudi matin un corps sans vie \u00e0 la gare de Herentals, en province d&rsquo;Anvers. Le labo et le m\u00e9decin l\u00e9giste sont descendus sur place.<\/p>\n<p class=\"ap-StoryElement ap-StoryElement--mb ap-StoryText\">\u00ab\u00a0Peu apr\u00e8s 7h00, un voyageur a aper\u00e7u le corps d&rsquo;une personne dans une position anormale\u00a0\u00bb, a d\u00e9clar\u00e9 un porte-parole de la zone Neteland. \u00ab\u00a0La victime serait un trentenaire ou un quadrag\u00e9naire.\u00a0\u00bb<\/p>\n<p class=\"ap-StoryElement ap-StoryElement--mb ap-StoryText\">Les circonstances du d\u00e9c\u00e8s restent \u00e0 d\u00e9terminer. Des traces de sang auraient \u00e9t\u00e9 retrouv\u00e9es.<\/p>\n<p>Des incendies d\u00e9vastateurs&#8230;<\/p>\n<p class=\"ap-StoryElement ap-StoryElement--mb ap-StoryText\">On notera encore que plusieurs incendies ont \u00e9t\u00e9 signal\u00e9s. Un incendie s&rsquo;est ainsi d\u00e9clar\u00e9 dans la nuit de mercredi \u00e0 jeudi dans un parking d\u00e9saffect\u00e9 situ\u00e9 rue Brunfaut \u00e0 Molenbeek-Saint-Jean. Aucun bless\u00e9 n&rsquo;est \u00e0 d\u00e9plorer mais les d\u00e9g\u00e2ts sont importants. Le garage doit \u00eatre ferm\u00e9.<\/p>\n<p class=\"ap-StoryElement ap-StoryElement--mb ap-StoryText\">Plus dramatique en Flandre. Quatorze chevaux sont morts dans l&rsquo;incendie d&rsquo;une \u00e9curie \u00e0 Oosterzele, en Flandre-Orientale.<\/p>\n<p class=\"ap-StoryElement ap-StoryElement--mb ap-StoryText\">Les 175 clients de l&rsquo;h\u00f4tel Sheraton de Zaventem se souviendront quant \u00e0 eux de leur nuit de No\u00ebl. Ils ont en effet d\u00fb \u00eatre \u00e9vacu\u00e9s temporairement suite \u00e0 <a href=\"https:\/\/www.lalibre.be\/regions\/bruxelles\/2025\/12\/25\/les-175-clients-du-sheraton-de-zaventem-evacues-cette-nuit-apres-un-incendie-SSX3JY7GDNHGXKQOOI7PWOI6UE\/\" target=\"_self\" rel=\"noopener\">un incendie dans un local technique<\/a>.<\/p>\n<p class=\"ap-StoryElement ap-StoryElement--mb ap-StoryText\">Ce jeudi fin de matin\u00e9e, un violent incendie a \u00e9galement touch\u00e9 la r\u00e9gion li\u00e9geoise. Les faits sont survenus \u00e0 Wandre, sur le site de Recydel, et ont donn\u00e9 lieu <a href=\"https:\/\/www.lalibre.be\/regions\/liege\/2025\/12\/25\/important-incendie-dans-lusine-de-recyclage-de-produits-electroniques-recydel-a-wandre-IJRS4RFZ2VBC3JLZMHRXALZSI4\/\" target=\"_self\" rel=\"noopener\">\u00e0 des images impressionnantes<\/a>. Il a d&rsquo;abord \u00e9t\u00e9 demand\u00e9 aux riverains de fermer leurs fen\u00eatres mais dans l&rsquo;apr\u00e8s-midi, la situation \u00e9tait sous contr\u00f4le.<\/p>\n","protected":false},"excerpt":{"rendered":"Ce jeudi, on apprenait qu&rsquo;il \u00e9tait hors de danger. Des tirs \u00e0 Gand: les jours de la victime&hellip;\n","protected":false},"author":2,"featured_media":623081,"comment_status":"","ping_status":"","sticky":false,"template":"","format":"standard","meta":{"footnotes":""},"categories":[5],"tags":[11,17551,6051,1011,27,37665,14,73251,12,73250,28],"class_list":{"0":"post-623080","1":"post","2":"type-post","3":"status-publish","4":"format-standard","5":"has-post-thumbnail","7":"category-international","8":"tag-actualites","9":"tag-bruges","10":"tag-bruxelles-villes","11":"tag-fr","12":"tag-france","13":"tag-gand","14":"tag-international","15":"tag-molenbeek-saint-jean","16":"tag-news","17":"tag-province-de-flandre-orientale","18":"tag-world"},"share_on_mastodon":{"url":"https:\/\/pubeurope.com\/@fr\/115785298314420037","error":""},"_links":{"self":[{"href":"https:\/\/www.europesays.com\/fr\/wp-json\/wp\/v2\/posts\/623080","targetHints":{"allow":["GET"]}}],"collection":[{"href":"https:\/\/www.europesays.com\/fr\/wp-json\/wp\/v2\/posts"}],"about":[{"href":"https:\/\/www.europesays.com\/fr\/wp-json\/wp\/v2\/types\/post"}],"author":[{"embeddable":true,"href":"https:\/\/www.europesays.com\/fr\/wp-json\/wp\/v2\/users\/2"}],"replies":[{"embeddable":true,"href":"https:\/\/www.europesays.com\/fr\/wp-json\/wp\/v2\/comments?post=623080"}],"version-history":[{"count":0,"href":"https:\/\/www.europesays.com\/fr\/wp-json\/wp\/v2\/posts\/623080\/revisions"}],"wp:featuredmedia":[{"embeddable":true,"href":"https:\/\/www.europesays.com\/fr\/wp-json\/wp\/v2\/media\/623081"}],"wp:attachment":[{"href":"https:\/\/www.europesays.com\/fr\/wp-json\/wp\/v2\/media?parent=623080"}],"wp:term":[{"taxonomy":"category","embeddable":true,"href":"https:\/\/www.europesays.com\/fr\/wp-json\/wp\/v2\/categories?post=623080"},{"taxonomy":"post_tag","embeddable":true,"href":"https:\/\/www.europesays.com\/fr\/wp-json\/wp\/v2\/tags?post=623080"}],"curies":[{"name":"wp","href":"https:\/\/api.w.org\/{rel}","templated":true}]}}