{"id":623086,"date":"2025-12-26T10:06:12","date_gmt":"2025-12-26T10:06:12","guid":{"rendered":"https:\/\/www.europesays.com\/fr\/623086\/"},"modified":"2025-12-26T10:06:12","modified_gmt":"2025-12-26T10:06:12","slug":"se-saint-etienne-du-gres-a-chateaurenard-les-voitures-illuminees-arpentent-des-kilometres-de-route","status":"publish","type":"post","link":"https:\/\/www.europesays.com\/fr\/623086\/","title":{"rendered":"Se Saint-\u00c9tienne du Gr\u00e8s \u00e0 Ch\u00e2teaurenard, les voitures illumin\u00e9es arpentent des kilom\u00e8tres de route"},"content":{"rendered":"<p>Chaque mois de d\u00e9cembre, les rues de plusieurs communes du nord des <a href=\"https:\/\/www.laprovence.com\/bouches-du-rhone\" target=\"_blank\" rel=\"noopener\">Bouches du Rh\u00f4ne<\/a> et du Gard s\u2019illuminent d\u2019une mani\u00e8re peu ordinaire. Des voitures anciennes et populaires, <a href=\"https:\/\/www.laprovence.com\/article\/sortie-loisirs\/2999375672119\/une-drole-de-voiture-guirlande-roule-dans-les-rues-d-arles-pour-celebrer-noel\" target=\"_blank\" rel=\"noopener\">d\u00e9cor\u00e9es de guirlandes lumineuses<\/a>, d\u00e9filent sous les yeux \u00e9merveill\u00e9s du public. Ces parades automobiles de No\u00ebl sont devenues, au fil des ann\u00e9es, un rendez vous tr\u00e8s attendu par les habitants, r\u00e9unissant petits et grands dans une ambiance festive et interg\u00e9n\u00e9rationnelle.<\/p>\n<p>\u00c0 l\u2019origine de cette aventure, une id\u00e9e simple et spontan\u00e9e. Il y a huit ans, Christophe Dauba et Yann Fortunato lan\u00e7aient une premi\u00e8re parade entre Orange et Avignon avec une vingtaine de v\u00e9hicules d\u00e9cor\u00e9s de quelques guirlandes install\u00e9es \u00e0 la h\u00e2te. Sans autorisations officielles \u00e0 l\u2019\u00e9poque, l\u2019objectif \u00e9tait avant tout de partager une passion commune pour l\u2019automobile et la magie de No\u00ebl. Tr\u00e8s rapidement, le public a r\u00e9pondu pr\u00e9sent. Les sourires sur les trottoirs et l\u2019enthousiasme des spectateurs ont donn\u00e9 une toute autre dimension \u00e0 l\u2019\u00e9v\u00e9nement.<\/p>\n<p>Face \u00e0 cet engouement, les organisateurs ont d\u00e9cid\u00e9 de structurer les parades et de se rapprocher des municipalit\u00e9s. Il y a quatre ans, chacun a pris en charge un territoire. Yann Fortunato a pour&#8230;<\/p>\n","protected":false},"excerpt":{"rendered":"Chaque mois de d\u00e9cembre, les rues de plusieurs communes du nord des Bouches du Rh\u00f4ne et du Gard&hellip;\n","protected":false},"author":2,"featured_media":623087,"comment_status":"","ping_status":"","sticky":false,"template":"","format":"standard","meta":{"footnotes":""},"categories":[9653],"tags":[17,1111,11,73255,2430,73253,154,1777,674,1011,27,73254,151,12,16,25,4001,15987,3888],"class_list":{"0":"post-623086","1":"post","2":"type-post","3":"status-publish","4":"format-standard","5":"has-post-thumbnail","7":"category-saint-etienne","8":"tag-17","9":"tag-actu","10":"tag-actualites","11":"tag-arpentent","12":"tag-auvergne-rhone-alpes","13":"tag-chateaurenard","14":"tag-des","15":"tag-eu","16":"tag-europe","17":"tag-fr","18":"tag-france","19":"tag-illuminees","20":"tag-les","21":"tag-news","22":"tag-region","23":"tag-republique-francaise","24":"tag-saint-etienne","25":"tag-saint-etienne-du-gres","26":"tag-voitures"},"share_on_mastodon":{"url":"","error":""},"_links":{"self":[{"href":"https:\/\/www.europesays.com\/fr\/wp-json\/wp\/v2\/posts\/623086","targetHints":{"allow":["GET"]}}],"collection":[{"href":"https:\/\/www.europesays.com\/fr\/wp-json\/wp\/v2\/posts"}],"about":[{"href":"https:\/\/www.europesays.com\/fr\/wp-json\/wp\/v2\/types\/post"}],"author":[{"embeddable":true,"href":"https:\/\/www.europesays.com\/fr\/wp-json\/wp\/v2\/users\/2"}],"replies":[{"embeddable":true,"href":"https:\/\/www.europesays.com\/fr\/wp-json\/wp\/v2\/comments?post=623086"}],"version-history":[{"count":0,"href":"https:\/\/www.europesays.com\/fr\/wp-json\/wp\/v2\/posts\/623086\/revisions"}],"wp:featuredmedia":[{"embeddable":true,"href":"https:\/\/www.europesays.com\/fr\/wp-json\/wp\/v2\/media\/623087"}],"wp:attachment":[{"href":"https:\/\/www.europesays.com\/fr\/wp-json\/wp\/v2\/media?parent=623086"}],"wp:term":[{"taxonomy":"category","embeddable":true,"href":"https:\/\/www.europesays.com\/fr\/wp-json\/wp\/v2\/categories?post=623086"},{"taxonomy":"post_tag","embeddable":true,"href":"https:\/\/www.europesays.com\/fr\/wp-json\/wp\/v2\/tags?post=623086"}],"curies":[{"name":"wp","href":"https:\/\/api.w.org\/{rel}","templated":true}]}}