{"id":623088,"date":"2025-12-26T10:07:24","date_gmt":"2025-12-26T10:07:24","guid":{"rendered":"https:\/\/www.europesays.com\/fr\/623088\/"},"modified":"2025-12-26T10:07:24","modified_gmt":"2025-12-26T10:07:24","slug":"grand-est-en-meurthe-et-moselle-la-population-diminue-progressivement-et-son-vieillissement-saccelere-2","status":"publish","type":"post","link":"https:\/\/www.europesays.com\/fr\/623088\/","title":{"rendered":"Grand Est. En Meurthe-et-Moselle, la population diminue progressivement et son vieillissement s\u2019acc\u00e9l\u00e8re"},"content":{"rendered":"<p class=\"insetTitle\">Saintois\u00a0: Houdelmont a bien grossi suite \u00e0 la construction d\u2019un lotissement<\/p>\n<p>Il en comptait 212 au 1er \u00a0janvier 2017, et 363 au 1er \u00a0janvier 2023\u00a0: situ\u00e9 \u00e0 une vingtaine de kilom\u00e8tres au sud de Nancy, et faisant office de porte d\u2019entr\u00e9e dans le Saintois, <a href=\"https:\/\/www.estrepublicain.fr\/c\/meurthe-et-moselle\/54264-houdelmont\" target=\"_blank\" rel=\"noopener\">le village d\u2019Houdelmont<\/a> grossit, c\u2019est un fait. Ces six derni\u00e8res ann\u00e9es, sa population de r\u00e9f\u00e9rence a augment\u00e9 de 9,38\u00a0% par an, et son maire, Vincent Schrotzenberger, sait pourquoi. \u00ab\u00a0Un lotissement s\u2019est construit \u00e0 l\u2019entr\u00e9e du village, et en quelques ann\u00e9es, on a gagn\u00e9 environ 35 maisons.\u00a0\u00bb<\/p>\n<p>Non sans cons\u00e9quences. \u00ab\u00a0Du sang neuf, c\u2019est bien pour la vie du village, et pour le maintien des \u00e9coles c\u2019est positif\u00a0: nous sommes en RPI (NDLR\u00a0: regroupement p\u00e9dagogique intercommunal), et Houdelmont accueille deux classes, une cantine et le p\u00e9riscolaire\u00a0\u00bb, poursuit le premier \u00e9dile. Avant de nuancer.<\/p>\n<p>Pas les yeux plus gros que le ventre<\/p>\n<p>\u00ab\u00a0Beaucoup de gens issus de p\u00e9riph\u00e9ries urbaines sont venus ici du fait des prix attractifs de l\u2019immobilier, mais ils ont aussi des attentes, notamment en termes d\u2019animations, qu\u2019on ne peut pas satisfaire comme \u00e7a. Nous n\u2019avons pas de salle des f\u00eates, par exemple, et ce n\u2019est pas parce qu\u2019il y a 150 habitants de plus que nous pouvons la construire tout de suite.\u00a0\u00bb<\/p>\n<p>L\u2019avenir\u00a0? \u00ab\u00a0Il ne faut pas avoir les yeux plus gros que le ventre, temp\u00e8re Vincent Schrotzenberger. De toute fa\u00e7on, avec le nouveau plan local d\u2019urbanisme intercommunal et l <a href=\"https:\/\/www.estrepublicain.fr\/economie\/2025\/06\/17\/le-zero-artificialisation-nette-des-sols-objet-d-une-guerre-politique\" target=\"_blank\" rel=\"noopener\">a loi ZAN (Z\u00e9ro artificialisation nette des sols<\/a> ), on ne pourra plus construire comme avant. Notre objectif sera de combler les quelques \u201cdents creuses\u201d pr\u00e9sentes sur notre territoire, et de voir les logements vacants \u00eatre occup\u00e9s.\u00a0\u00bb<\/p>\n<p>Les migrants compt\u00e9s<\/p>\n<p>\u00c0 15\u00a0km au sud, \u00e0 Saxon-Sion, la courbe de la population fait le chemin inverse\u00a0: 102 habitants en 2017, et\u2026 49 en 2023. Une d\u00e9gringolade expliqu\u00e9e en partie par des chiffres biais\u00e9s il y a 9 ans. Fin 2016 en effet, <a href=\"https:\/\/www.estrepublicain.fr\/edition-de-nancy-agglomeration\/2016\/10\/27\/grand-est-quarante-mineurs-de-la-jungle-de-calais-accueillis-a-sion-en-meurthe-et-moselle\" target=\"_blank\" rel=\"noopener\">\u00ab\u00a0une cinquantaine de migrants (NDLR\u00a0: alors en provenance de Calais) ont \u00e9t\u00e9 accueillis pour quelques mois au pavillon d\u2019h\u00e9bergement de la colline de Sion<\/a> , mais ils ont compt\u00e9 pour le recensement\u00a0\u00bb, rappelle la maire Francine Parisot, ajoutant que r\u00e9cemment, \u00ab\u00a0plusieurs d\u00e9c\u00e8s et d\u00e9parts de personnes \u00e2g\u00e9es en maison de retraite\u00a0\u00bb ont accentu\u00e9 la courbe naturelle de ce d\u00e9clin d\u00e9mographique. Rien d\u2019affolant pour Francine Parisot.<\/p>\n<p>\u00ab\u00a0Les maisons laiss\u00e9es vides, suite \u00e0 ces d\u00e9c\u00e8s et \u00e0 ces d\u00e9parts, se sont bien vendues r\u00e9cemment. Tout cela va se restructurer. Et puis, <a href=\"https:\/\/www.estrepublicain.fr\/environnement\/2024\/08\/14\/saxon-sion-une-vue-epous-touflante-et-un-air-de-bien-etre\" target=\"_blank\" rel=\"noopener\">avec le tourisme<\/a> , notamment cultuel, le territoire est attractif, et Saxon-Sion a du potentiel\u00a0!\u00a0\u00bb<\/p>\n<p class=\"insetSignature\">St\u00e9phanie Cheffer<\/p>\n","protected":false},"excerpt":{"rendered":"Saintois\u00a0: Houdelmont a bien grossi suite \u00e0 la construction d\u2019un lotissement Il en comptait 212 au 1er \u00a0janvier&hellip;\n","protected":false},"author":2,"featured_media":622975,"comment_status":"","ping_status":"","sticky":false,"template":"","format":"standard","meta":{"footnotes":""},"categories":[9635],"tags":[1111,11,33,1707,1704,1706,1705,1777,674,1011,27,775,1061,1908,3457,1702,1703,12,316,25,71,104],"class_list":{"0":"post-623088","1":"post","2":"type-post","3":"status-publish","4":"format-standard","5":"has-post-thumbnail","7":"category-nancy","8":"tag-actu","9":"tag-actualites","10":"tag-economie","11":"tag-edition-luneville","12":"tag-edition-nancy-et-agglomeration","13":"tag-edition-pont-a-mousson","14":"tag-edition-toul","15":"tag-eu","16":"tag-europe","17":"tag-fr","18":"tag-france","19":"tag-grand-est","20":"tag-immigration","21":"tag-logement","22":"tag-meurthe-et-moselle","23":"tag-nancy","24":"tag-nancy-ville-54b","25":"tag-news","26":"tag-politique","27":"tag-republique-francaise","28":"tag-sante","29":"tag-societe"},"share_on_mastodon":{"url":"https:\/\/pubeurope.com\/@fr\/115785317919241971","error":""},"_links":{"self":[{"href":"https:\/\/www.europesays.com\/fr\/wp-json\/wp\/v2\/posts\/623088","targetHints":{"allow":["GET"]}}],"collection":[{"href":"https:\/\/www.europesays.com\/fr\/wp-json\/wp\/v2\/posts"}],"about":[{"href":"https:\/\/www.europesays.com\/fr\/wp-json\/wp\/v2\/types\/post"}],"author":[{"embeddable":true,"href":"https:\/\/www.europesays.com\/fr\/wp-json\/wp\/v2\/users\/2"}],"replies":[{"embeddable":true,"href":"https:\/\/www.europesays.com\/fr\/wp-json\/wp\/v2\/comments?post=623088"}],"version-history":[{"count":0,"href":"https:\/\/www.europesays.com\/fr\/wp-json\/wp\/v2\/posts\/623088\/revisions"}],"wp:featuredmedia":[{"embeddable":true,"href":"https:\/\/www.europesays.com\/fr\/wp-json\/wp\/v2\/media\/622975"}],"wp:attachment":[{"href":"https:\/\/www.europesays.com\/fr\/wp-json\/wp\/v2\/media?parent=623088"}],"wp:term":[{"taxonomy":"category","embeddable":true,"href":"https:\/\/www.europesays.com\/fr\/wp-json\/wp\/v2\/categories?post=623088"},{"taxonomy":"post_tag","embeddable":true,"href":"https:\/\/www.europesays.com\/fr\/wp-json\/wp\/v2\/tags?post=623088"}],"curies":[{"name":"wp","href":"https:\/\/api.w.org\/{rel}","templated":true}]}}