{"id":62309,"date":"2025-04-29T17:17:09","date_gmt":"2025-04-29T17:17:09","guid":{"rendered":"https:\/\/www.europesays.com\/fr\/62309\/"},"modified":"2025-04-29T17:17:09","modified_gmt":"2025-04-29T17:17:09","slug":"le-gouvernement-britannique-va-encadrer-pour-la-premiere-fois-les-cryptomonnaies","status":"publish","type":"post","link":"https:\/\/www.europesays.com\/fr\/62309\/","title":{"rendered":"Le gouvernement britannique va encadrer pour la premi\u00e8re fois les cryptomonnaies"},"content":{"rendered":"<p>Londres embo\u00eete le pas de l\u2019Union europ\u00e9enne, qui a introduit en d\u00e9cembre dernier son propre cadre en mati\u00e8re de cryptoactifs.<\/p>\n<p class=\"fig-paragraph\">Le d\u00e9bat sur l\u2019encadrement des cryptos est relanc\u00e9 outre-Manche. Le gouvernement britannique a publi\u00e9 ce mardi un projet de r\u00e9glementation visant \u00e0 encadrer pour la premi\u00e8re fois les activit\u00e9s li\u00e9es aux cryptoactifs au Royaume-Uni, quelques mois apr\u00e8s l&rsquo;UE, qui a\u00a0<a href=\"http:\/\/www.lefigaro.fr\/secteur\/high-tech\/mica-ce-que-va-changer-le-reglement-europeen-sur-les-cryptos-qui-entre-en-application-ce-lundi-20241229\" target=\"_blank\" data-fig-type=\"NewsFlash\" rel=\"noopener\" data-gtm-custom-categorie=\"navigation\" data-gtm-custom-action=\"crossclick\" data-gtm-custom-label=\"Contextuel\" data-gtm-event=\"customEventSPE\" data-fig-domain=\"LEFIGARO\">introduit en d\u00e9cembre son propre cadre en la mati\u00e8re<\/a>. \u00abLes plateformes d&rsquo;\u00e9change, les courtiers et les interm\u00e9diaires en mati\u00e8re de cryptomonnaies seront soumis au p\u00e9rim\u00e8tre r\u00e9glementaire (du secteur financier, NDLR), ce qui permettra de lutter contre les acteurs malveillants tout en soutenant l&rsquo;innovation\u00bb, affirme l&rsquo;ex\u00e9cutif britannique dans un communiqu\u00e9.<\/p>\n<p class=\"fig-paragraph\">Il pr\u00e9cise que \u00ables entreprises de cryptomonnaies ayant des clients au Royaume-Uni devront \u00e9galement respecter des normes claires en mati\u00e8re de transparence, de protection des consommateurs et de r\u00e9silience op\u00e9rationnelle, de la m\u00eame fa\u00e7on que les entreprises de la finance traditionnelle\u00bb.<\/p>\n<p class=\"fig-body-link\">\n            \u00c0 lire aussi<br \/>\n        <a class=\"fig-body-link__link fig-premium-mark\" href=\"http:\/\/www.lefigaro.fr\/secteur\/high-tech\/mica-ce-que-va-changer-le-reglement-europeen-sur-les-cryptos-qui-entre-en-application-ce-lundi-20241229\" target=\"_blank\" data-fig-type=\"NewsFlash\" rel=\"noopener\" data-gtm-custom-categorie=\"navigation\" data-gtm-custom-action=\"crossclick\" data-gtm-custom-label=\"Contextuel\" data-gtm-event=\"customEventSPE\" data-fig-domain=\"LEFIGARO\">Cryptos\u00a0: ce que va changer le r\u00e8glement europ\u00e9en qui entre en application ce lundi<br \/>\n    <\/a>\n<\/p>\n<p>Soutenir la croissance des actifs num\u00e9riques<\/p>\n<p class=\"fig-paragraph\">Ce r\u00e9gime britannique d\u00e9di\u00e9 aux cryptomonnaies est annonc\u00e9 apr\u00e8s l&rsquo;introduction du r\u00e8glement de l&rsquo;Union europ\u00e9enne (UE) sur les march\u00e9s de crypto-actifs, le MiCA, entr\u00e9 en application le 30 d\u00e9cembre 2024. Mais Londres ne s&rsquo;aligne pas sur Bruxelles pour autant\u00a0: la ministre des Finances Rachel Reeves a notamment assur\u00e9 mardi, lors d&rsquo;un \u00e9v\u00e9nement d\u00e9di\u00e9 aux fintechs, discuter avec Washington sur les questions de r\u00e9glementation financi\u00e8re \u00abafin de soutenir l&rsquo;utilisation et la croissance responsable des actifs num\u00e9riques\u00bb.<\/p>\n<p class=\"fig-paragraph\">Environ 12% des adultes britanniques poss\u00e9daient ou avaient d\u00e9j\u00e0 eu en leur possession des cryptomonnaies en 2024, contre seulement 4% en 2021. Le gouvernement britannique compte pr\u00e9senter une version finale de sa r\u00e9glementation \u00abd\u00e8s que possible\u00bb, apr\u00e8s avoir consult\u00e9 les acteurs du secteur. En novembre dernier, le r\u00e9gulateur britannique des march\u00e9s (FCA) avait pour sa part annonc\u00e9 que des r\u00e8gles sur un cadre sp\u00e9cifique aux cryptomonnaies seraient publi\u00e9es d&rsquo;ici 2026. En parall\u00e8le, une strat\u00e9gie plus large sur les services financiers sera d\u00e9voil\u00e9e le 15 juillet, a indiqu\u00e9 le gouvernement mardi.<\/p>\n","protected":false},"excerpt":{"rendered":"Londres embo\u00eete le pas de l\u2019Union europ\u00e9enne, qui a introduit en d\u00e9cembre dernier son propre cadre en mati\u00e8re&hellip;\n","protected":false},"author":2,"featured_media":62310,"comment_status":"","ping_status":"","sticky":false,"template":"","format":"standard","meta":{"footnotes":""},"categories":[1588],"tags":[47,11,722,723,2360,5392,1777,674,727,726,142,310,655,4534,720,12,719,473,1853,724,725,717,718,1851,1850,1852,721,728],"class_list":{"0":"post-62309","1":"post","2":"type-post","3":"status-publish","4":"format-standard","5":"has-post-thumbnail","7":"category-royaume-uni","8":"tag-actualite","9":"tag-actualites","10":"tag-blog","11":"tag-blogs","12":"tag-bruxelles","13":"tag-cryptomonnaies","14":"tag-eu","15":"tag-europe","16":"tag-gadget","17":"tag-gadgets","18":"tag-high-tech","19":"tag-internet","20":"tag-iphone","21":"tag-londres","22":"tag-multimedia","23":"tag-news","24":"tag-nouvelles-technolgies","25":"tag-royaume-uni","26":"tag-royaume-uni-de-grande-bretagne-et-dirlande-du-nord","27":"tag-smartphone","28":"tag-tablette","29":"tag-technologie","30":"tag-tic","31":"tag-uk","32":"tag-united-kingdom","33":"tag-united-kingdom-of-great-britain-and-northern-ireland","34":"tag-web","35":"tag-widgets"},"share_on_mastodon":{"url":"","error":""},"_links":{"self":[{"href":"https:\/\/www.europesays.com\/fr\/wp-json\/wp\/v2\/posts\/62309","targetHints":{"allow":["GET"]}}],"collection":[{"href":"https:\/\/www.europesays.com\/fr\/wp-json\/wp\/v2\/posts"}],"about":[{"href":"https:\/\/www.europesays.com\/fr\/wp-json\/wp\/v2\/types\/post"}],"author":[{"embeddable":true,"href":"https:\/\/www.europesays.com\/fr\/wp-json\/wp\/v2\/users\/2"}],"replies":[{"embeddable":true,"href":"https:\/\/www.europesays.com\/fr\/wp-json\/wp\/v2\/comments?post=62309"}],"version-history":[{"count":0,"href":"https:\/\/www.europesays.com\/fr\/wp-json\/wp\/v2\/posts\/62309\/revisions"}],"wp:featuredmedia":[{"embeddable":true,"href":"https:\/\/www.europesays.com\/fr\/wp-json\/wp\/v2\/media\/62310"}],"wp:attachment":[{"href":"https:\/\/www.europesays.com\/fr\/wp-json\/wp\/v2\/media?parent=62309"}],"wp:term":[{"taxonomy":"category","embeddable":true,"href":"https:\/\/www.europesays.com\/fr\/wp-json\/wp\/v2\/categories?post=62309"},{"taxonomy":"post_tag","embeddable":true,"href":"https:\/\/www.europesays.com\/fr\/wp-json\/wp\/v2\/tags?post=62309"}],"curies":[{"name":"wp","href":"https:\/\/api.w.org\/{rel}","templated":true}]}}