{"id":623093,"date":"2025-12-26T10:12:12","date_gmt":"2025-12-26T10:12:12","guid":{"rendered":"https:\/\/www.europesays.com\/fr\/623093\/"},"modified":"2025-12-26T10:12:12","modified_gmt":"2025-12-26T10:12:12","slug":"bernard-serrou-figure-de-la-medecine-et-de-la-vie-publique-montpellieraine-est-decede-a-lage-de-87-ans","status":"publish","type":"post","link":"https:\/\/www.europesays.com\/fr\/623093\/","title":{"rendered":"Bernard Serrou, figure de la m\u00e9decine et de la vie publique montpelli\u00e9raine, est d\u00e9c\u00e9d\u00e9 \u00e0 l\u2019\u00e2ge de 87 ans"},"content":{"rendered":"<p>\n                                                                M\u00e9decin canc\u00e9rologue, acteur majeur du d\u00e9veloppement de l\u2019oncologie \u00e0 Montpellier et homme politique engag\u00e9, Bernard Serrou s\u2019est \u00e9teint le 25\u00a0d\u00e9cembre 2025 \u00e0 l\u2019\u00e2ge de 87 ans. Il laisse l\u2019image d\u2019un homme de science profond\u00e9ment attach\u00e9 au service public et \u00e0 la transmission.\n                            <\/p>\n<p>C\u2019est avec une profonde \u00e9motion que l\u2019on annonce le d\u00e9c\u00e8s de Bernard Serrou, canc\u00e9rologue, m\u00e9decin et homme politique fran\u00e7ais, survenu le 25\u00a0d\u00e9cembre 2025 \u00e0 Montpellier.<\/p>\n<p>N\u00e9 en octobre\u00a01938 \u00e0 Montpellier, Bernard Serrou s\u2019est impos\u00e9, tout au long d\u2019une carri\u00e8re d\u2019exception, comme une figure majeure de la m\u00e9decine et de la vie publique dans l\u2019H\u00e9rault. M\u00e9decin de formation, il a \u00e9t\u00e9 chef de service d\u2019oncologie au Centre anti-canc\u00e9reux Val d\u2019Aurelle (devenu ICM) de 1977 \u00e0 2001, contribuant de mani\u00e8re significative \u00e0 l\u2019\u00e9volution de la prise en charge des patients atteints de cancer dans la r\u00e9gion.<\/p>\n<p>Titulaire d\u2019un Doctorat en m\u00e9decine et d\u2019un Doctorat \u00e8s sciences de l\u2019Universit\u00e9 de Montpellier, ainsi que d\u2019un Doctorat de biologie humaine de l\u2019Universit\u00e9 Paris-Sud, il disposait de nombreuses qualifications m\u00e9dicales, allant de la chirurgie \u00e0 la radiologie et \u00e0 la radioth\u00e9rapie, en passant par la m\u00e9decine g\u00e9n\u00e9rale. Apr\u00e8s sa retraite du service public, il a poursuivi une activit\u00e9 lib\u00e9rale de g\u00e9riatrie, notamment en tant que m\u00e9decin coordinateur d\u2019EHPAD, continuant ainsi \u00e0 servir les malades et les plus fragiles.<\/p>\n<p>Engag\u00e9 dans la promotion de la pr\u00e9vention<\/p>\n<p>Au-del\u00e0 de sa carri\u00e8re m\u00e9dicale, Bernard Serrou s\u2019est engag\u00e9 avec la m\u00eame passion dans la vie publique. Il fut conseiller g\u00e9n\u00e9ral du canton de Montpellier-2 de 1982 \u00e0 1988 et d\u00e9put\u00e9 de la 2\u1d49 circonscription de l\u2019H\u00e9rault de 1993 \u00e0 1997, si\u00e9geant au Parlement sous l\u2019\u00e9tiquette RPR puis UMP, o\u00f9 il a d\u00e9fendu notamment les questions de sant\u00e9 et d\u2019action sociale.<\/p>\n<p>Il a \u00e9galement servi comme d\u00e9l\u00e9gu\u00e9 g\u00e9n\u00e9ral du Comit\u00e9 fran\u00e7ais d\u2019\u00e9ducation pour la sant\u00e9, contribuant \u00e0 l\u2019am\u00e9lioration de l\u2019information sanitaire et \u00e0 la promotion de la pr\u00e9vention.<\/p>\n<p>Reconnu pour son apport intellectuel et scientifique, Bernard Serrou a \u00e9t\u00e9 \u00e9lu \u00e0 l\u2019Acad\u00e9mie des Sciences et Lettres de Montpellier en 1977 au fauteuil VI de la section M\u00e9decine, parrain\u00e9 par le Professeur Herv\u00e9 Harant. Il y a si\u00e9g\u00e9 jusqu\u2019\u00e0 son passage en statut d\u2019honorariat en 2012, laissant une empreinte durable dans cette institution savante.<\/p>\n<p>Homme de science, praticien d\u00e9vou\u00e9 et \u00e9lu engag\u00e9, il laisse derri\u00e8re lui un h\u00e9ritage riche, marqu\u00e9 par l\u2019alliance de l\u2019excellence m\u00e9dicale et du service public. Ses proches, coll\u00e8gues et patients se souviendront de sa rigueur, de sa bienveillance et de son engagement sans faille.<\/p>\n","protected":false},"excerpt":{"rendered":"M\u00e9decin canc\u00e9rologue, acteur majeur du d\u00e9veloppement de l\u2019oncologie \u00e0 Montpellier et homme politique engag\u00e9, Bernard Serrou s\u2019est \u00e9teint&hellip;\n","protected":false},"author":2,"featured_media":623094,"comment_status":"","ping_status":"","sticky":false,"template":"","format":"standard","meta":{"footnotes":""},"categories":[9599],"tags":[1111,11,1777,674,1011,27,7089,2208,12,2680,316,25],"class_list":{"0":"post-623093","1":"post","2":"type-post","3":"status-publish","4":"format-standard","5":"has-post-thumbnail","7":"category-montpellier","8":"tag-actu","9":"tag-actualites","10":"tag-eu","11":"tag-europe","12":"tag-fr","13":"tag-france","14":"tag-herault","15":"tag-montpellier","16":"tag-news","17":"tag-occitanie","18":"tag-politique","19":"tag-republique-francaise"},"share_on_mastodon":{"url":"https:\/\/pubeurope.com\/@fr\/115785337842601284","error":""},"_links":{"self":[{"href":"https:\/\/www.europesays.com\/fr\/wp-json\/wp\/v2\/posts\/623093","targetHints":{"allow":["GET"]}}],"collection":[{"href":"https:\/\/www.europesays.com\/fr\/wp-json\/wp\/v2\/posts"}],"about":[{"href":"https:\/\/www.europesays.com\/fr\/wp-json\/wp\/v2\/types\/post"}],"author":[{"embeddable":true,"href":"https:\/\/www.europesays.com\/fr\/wp-json\/wp\/v2\/users\/2"}],"replies":[{"embeddable":true,"href":"https:\/\/www.europesays.com\/fr\/wp-json\/wp\/v2\/comments?post=623093"}],"version-history":[{"count":0,"href":"https:\/\/www.europesays.com\/fr\/wp-json\/wp\/v2\/posts\/623093\/revisions"}],"wp:featuredmedia":[{"embeddable":true,"href":"https:\/\/www.europesays.com\/fr\/wp-json\/wp\/v2\/media\/623094"}],"wp:attachment":[{"href":"https:\/\/www.europesays.com\/fr\/wp-json\/wp\/v2\/media?parent=623093"}],"wp:term":[{"taxonomy":"category","embeddable":true,"href":"https:\/\/www.europesays.com\/fr\/wp-json\/wp\/v2\/categories?post=623093"},{"taxonomy":"post_tag","embeddable":true,"href":"https:\/\/www.europesays.com\/fr\/wp-json\/wp\/v2\/tags?post=623093"}],"curies":[{"name":"wp","href":"https:\/\/api.w.org\/{rel}","templated":true}]}}