{"id":623106,"date":"2025-12-26T10:25:15","date_gmt":"2025-12-26T10:25:15","guid":{"rendered":"https:\/\/www.europesays.com\/fr\/623106\/"},"modified":"2025-12-26T10:25:15","modified_gmt":"2025-12-26T10:25:15","slug":"la-strategie-mercato-de-strasbourg-devoilee-un-international-francais-au-paris-fc","status":"publish","type":"post","link":"https:\/\/www.europesays.com\/fr\/623106\/","title":{"rendered":"La strat\u00e9gie Mercato de Strasbourg d\u00e9voil\u00e9e, un international fran\u00e7ais au Paris FC ?"},"content":{"rendered":"<p>En pleine chute libre en <a href=\"https:\/\/www.onzemondial.com\/ligue-1\" target=\"_blank\" rel=\"noopener\">Ligue 1<\/a> (11 points en 11 matches), le RC Strasbourg ne pr\u00e9voit pas de grands mouvements. Selon l&rsquo;Equipe, la direction mise sur les recrues estivales pour redresser la barre. L\u2019entra\u00eeneur Liam Rosenior a \u00e9t\u00e9 clair apr\u00e8s le match nul contre Lorient : seuls les joueurs respectant les consignes et montrant de l\u2019engagement auront leur place.<\/p>\n<p>Les jeunes talents sont particuli\u00e8rement scrut\u00e9s : Mathis Amougou et F\u00e9lix Lemar\u00e9chal doivent confirmer leur potentiel. Maxi Oyedele, international polonais longtemps bless\u00e9, est \u00e9galement attendu pour renforcer le milieu.<\/p>\n<p>Seule arriv\u00e9e confirm\u00e9e : l\u2019ailier s\u00e9n\u00e9galais Yaya Di\u00e9m\u00e9, 18 ans, pr\u00eat\u00e9 par Chelsea. Les pistes comme l\u2019attaquant \u00e9quatorien Jeremy Ar\u00e9valo sont report\u00e9es \u00e0 l\u2019\u00e9t\u00e9 prochain. Aucun poste n\u2019est prioritairement cibl\u00e9 et Strasbourg dispose de moyens financiers importants, mais la strat\u00e9gie est clairement de consolider l\u2019effectif existant plut\u00f4t que de recruter massivement. Des d\u00e9parts restent possibles, notamment Lemar\u00e9chal, Sylla ou Sobol.<\/p>\n<p>A lire aussi :Disasi au Paris FC, recrue all\u00e9chante \u00e0 Paris ?<\/p>\n<p>De son c\u00f4t\u00e9, le Paris FC, 14e de Ligue 1 \u00e0 mi-saison, cherche un renfort de poids en d\u00e9fense. Selon Fabrizio Romano, le club francilien pourrait recruter Axel Disasi, d\u00e9fenseur central de 27 ans et international fran\u00e7ais, vice-champion du monde 2022.<\/p>\n<p>Actuellement sous contrat avec Chelsea mais \u00e9cart\u00e9 de l\u2019\u00e9quipe premi\u00e8re, Disasi est estim\u00e9 \u00e0 15 millions d\u2019euros. Le Paris FC, dot\u00e9 de moyens financiers solides, pourrait ainsi offrir au joueur un r\u00f4le de leader d\u00e9fensif, renfor\u00e7ant son \u00e9quipe apr\u00e8s une premi\u00e8re moiti\u00e9 de saison d\u00e9licate. Mais le club parisien doit aussi composer avec la concurrence de l&rsquo;OL, qui se verrait bien recruter l&rsquo;international fran\u00e7ais.<\/p>\n<p>   Partagez cette info avec vos amis et vos proches en cliquant ici<br \/> Pour r\u00e9sumer<\/p>\n<p>Strasbourg reste prudent cet hiver, misant sur ses recrues estivales et l\u2019\u00e9mergence de jeunes talents comme Noubissie, avec seule l\u2019arriv\u00e9e de l\u2019ailier Di\u00e9m\u00e9 confirm\u00e9e. De son c\u00f4t\u00e9, le Paris FC vise Axel Disasi, international fran\u00e7ais et vice-champion du monde 2022, pour renforcer sa d\u00e9fense apr\u00e8s une premi\u00e8re moiti\u00e9 de saison d\u00e9cevante.<\/p>\n<p>R\u00e9dacteur<\/p>\n<p><img decoding=\"async\" width=\"76\" height=\"76\" loading=\"lazy\" src=\"https:\/\/www.europesays.com\/fr\/wp-content\/uploads\/2025\/04\/logo-julien-pedebos.jpg\" alt=\"Julien P\u00e9debos\"\/><\/p>\n","protected":false},"excerpt":{"rendered":"En pleine chute libre en Ligue 1 (11 points en 11 matches), le RC Strasbourg ne pr\u00e9voit pas&hellip;\n","protected":false},"author":2,"featured_media":623107,"comment_status":"","ping_status":"","sticky":false,"template":"","format":"standard","meta":{"footnotes":""},"categories":[2820],"tags":[1111,11,1777,674,1011,27,775,66,12,25,640,10662],"class_list":{"0":"post-623106","1":"post","2":"type-post","3":"status-publish","4":"format-standard","5":"has-post-thumbnail","7":"category-strasbourg","8":"tag-actu","9":"tag-actualites","10":"tag-eu","11":"tag-europe","12":"tag-fr","13":"tag-france","14":"tag-grand-est","15":"tag-ligue-1","16":"tag-news","17":"tag-republique-francaise","18":"tag-strasbourg","19":"tag-transferts"},"share_on_mastodon":{"url":"https:\/\/pubeurope.com\/@fr\/115785389444392034","error":""},"_links":{"self":[{"href":"https:\/\/www.europesays.com\/fr\/wp-json\/wp\/v2\/posts\/623106","targetHints":{"allow":["GET"]}}],"collection":[{"href":"https:\/\/www.europesays.com\/fr\/wp-json\/wp\/v2\/posts"}],"about":[{"href":"https:\/\/www.europesays.com\/fr\/wp-json\/wp\/v2\/types\/post"}],"author":[{"embeddable":true,"href":"https:\/\/www.europesays.com\/fr\/wp-json\/wp\/v2\/users\/2"}],"replies":[{"embeddable":true,"href":"https:\/\/www.europesays.com\/fr\/wp-json\/wp\/v2\/comments?post=623106"}],"version-history":[{"count":0,"href":"https:\/\/www.europesays.com\/fr\/wp-json\/wp\/v2\/posts\/623106\/revisions"}],"wp:featuredmedia":[{"embeddable":true,"href":"https:\/\/www.europesays.com\/fr\/wp-json\/wp\/v2\/media\/623107"}],"wp:attachment":[{"href":"https:\/\/www.europesays.com\/fr\/wp-json\/wp\/v2\/media?parent=623106"}],"wp:term":[{"taxonomy":"category","embeddable":true,"href":"https:\/\/www.europesays.com\/fr\/wp-json\/wp\/v2\/categories?post=623106"},{"taxonomy":"post_tag","embeddable":true,"href":"https:\/\/www.europesays.com\/fr\/wp-json\/wp\/v2\/tags?post=623106"}],"curies":[{"name":"wp","href":"https:\/\/api.w.org\/{rel}","templated":true}]}}