{"id":623125,"date":"2025-12-26T10:43:10","date_gmt":"2025-12-26T10:43:10","guid":{"rendered":"https:\/\/www.europesays.com\/fr\/623125\/"},"modified":"2025-12-26T10:43:10","modified_gmt":"2025-12-26T10:43:10","slug":"elle-refuse-leurs-avances-au-feu-rouge-la-suite-est-dune-violence-inouie","status":"publish","type":"post","link":"https:\/\/www.europesays.com\/fr\/623125\/","title":{"rendered":"elle refuse leurs avances au feu rouge, la suite est d&rsquo;une violence inou\u00efe"},"content":{"rendered":"<p>                    Par<br \/>\n        <strong><br \/>\n            <a href=\"https:\/\/actu.fr\/auteur\/thibault-nadal-actu-fr\" title=\"Consulter tous les articles de Thibault Nadal\" target=\"_blank\" rel=\"noopener\">Thibault Nadal<\/a><br \/>\n                    <\/strong><\/p>\n<p>        Publi\u00e9 le<\/p>\n<p>            26 d\u00e9c. 2025 \u00e0 10h46        <\/p>\n<p>La journ\u00e9e de <a href=\"https:\/\/actu.fr\/tag\/noel\" target=\"_blank\" rel=\"noopener\">No\u00ebl<\/a> aura d\u00e9cid\u00e9ment \u00e9t\u00e9 tr\u00e8s agit\u00e9e \u00e0 <a href=\"https:\/\/actu.fr\/marseille\/\" target=\"_blank\" rel=\"noopener\">Marseille<\/a>. Dans la nuit du 25 au 26 d\u00e9cembre 2025, une jeune femme a \u00e9t\u00e9 violemment agress\u00e9e dans le 13e arrondissement, apprend actu Marseille.<\/p>\n<p>Une agression \u00e0 un feu rouge<\/p>\n<p class=\" wall-content\">Elle pensait rentrer chez elle tranquillement. Mais la fin de soir\u00e9e de cette jeune femme a bascul\u00e9 vers 1h du matin.\u00a0<\/p>\n<p class=\" wall-content\">Alors qu\u2019elle circule \u00e0 bord de son v\u00e9hicule, elle remarque qu\u2019une autre voiture la suit. <strong>Arr\u00eat\u00e9e \u00e0 un feu rouge<\/strong>, rue Alexandre Chazeaux dans le 13e arrondissement, elle est accost\u00e9e par les occupants de la voiture.<\/p>\n<p>    <a href=\"https:\/\/www.google.com\/maps\/embed?pb=!1m18!1m12!1m3!1d31801.971580617814!2d5.41926132717828!3d43.32284491184799!2m3!1f0!2f0!3f0!3m2!1i1024!2i768!4f13.1!3m3!1m2!1s0x12c9be45ce15f48f%3A0x93b8603628d9643!2sRue%20Alexandre%20Chazeaux%2C%2013013%20Marseille!5e0!3m2!1sfr!2sfr!4v1766740768673!5m2!1sfr!2sfr\" title=\"Ouvrie le lien\" target=\"_blank\" rel=\"noopener\">Cliquez ici pour visualiser le contenu<\/a><\/p>\n<p class=\" wall-content\">A l\u2019int\u00e9rieur : trois individus. Ils lui font des avances. Mais la victime les refuse. Les trois hommes d\u00e9cident alors de sortir de leur v\u00e9hicule et de casser son r\u00e9troviseur et sa vitre arri\u00e8re droite.<\/p>\n<p>Les trois hommes ont pris la fuite<\/p>\n<p class=\" wall-content\">Ils ne s\u2019arr\u00eatent pas l\u00e0. La jeune femme est extraite violemment de son v\u00e9hicule. Selon son t\u00e9moignage, elle re\u00e7oit plusieurs coups de poing et coups de pied, mais aussi <strong>des coups de matraque<\/strong> au niveau de la t\u00eate, du ventre et des jambes. Elle sera transport\u00e9e \u00e0 l\u2019h\u00f4pital par les secours.<\/p>\n<p class=\" wall-content\">Les trois hommes ont pris la fuite \u00e0 bord d\u2019une Audi 1. Ils sont activement recherch\u00e9s.<\/p>\n<p class=\" wall-content\">Personnalisez votre actualit\u00e9 en ajoutant vos villes et m\u00e9dias en favori avec <a href=\"https:\/\/moncompte.actu.fr\" title=\"D\u00e9couvez Mon Actu\" rel=\"nofollow noopener\" data-trk=\"{&quot;cta&quot;:{&quot;action&quot;:&quot;https:\\\/\\\/moncompte.actu.fr&quot;,&quot;category&quot;:&quot;mon compte&quot;,&quot;from&quot;:&quot;article footer&quot;,&quot;name&quot;:&quot;Mon actu&quot;,&quot;type&quot;:&quot;cta&quot;}}\" target=\"_blank\">Mon Actu<\/a>.<\/p>\n","protected":false},"excerpt":{"rendered":"Par Thibault Nadal Publi\u00e9 le 26 d\u00e9c. 2025 \u00e0 10h46 La journ\u00e9e de No\u00ebl aura d\u00e9cid\u00e9ment \u00e9t\u00e9 tr\u00e8s&hellip;\n","protected":false},"author":2,"featured_media":623126,"comment_status":"","ping_status":"","sticky":false,"template":"","format":"standard","meta":{"footnotes":""},"categories":[2814],"tags":[1111,11,1777,674,118,1011,27,884,12,1072,882,25,2949],"class_list":{"0":"post-623125","1":"post","2":"type-post","3":"status-publish","4":"format-standard","5":"has-post-thumbnail","7":"category-marseille","8":"tag-actu","9":"tag-actualites","10":"tag-eu","11":"tag-europe","12":"tag-faits-divers","13":"tag-fr","14":"tag-france","15":"tag-marseille","16":"tag-news","17":"tag-police","18":"tag-provence-alpes-cote-dazur","19":"tag-republique-francaise","20":"tag-violences"},"share_on_mastodon":{"url":"https:\/\/pubeurope.com\/@fr\/115785459836315178","error":""},"_links":{"self":[{"href":"https:\/\/www.europesays.com\/fr\/wp-json\/wp\/v2\/posts\/623125","targetHints":{"allow":["GET"]}}],"collection":[{"href":"https:\/\/www.europesays.com\/fr\/wp-json\/wp\/v2\/posts"}],"about":[{"href":"https:\/\/www.europesays.com\/fr\/wp-json\/wp\/v2\/types\/post"}],"author":[{"embeddable":true,"href":"https:\/\/www.europesays.com\/fr\/wp-json\/wp\/v2\/users\/2"}],"replies":[{"embeddable":true,"href":"https:\/\/www.europesays.com\/fr\/wp-json\/wp\/v2\/comments?post=623125"}],"version-history":[{"count":0,"href":"https:\/\/www.europesays.com\/fr\/wp-json\/wp\/v2\/posts\/623125\/revisions"}],"wp:featuredmedia":[{"embeddable":true,"href":"https:\/\/www.europesays.com\/fr\/wp-json\/wp\/v2\/media\/623126"}],"wp:attachment":[{"href":"https:\/\/www.europesays.com\/fr\/wp-json\/wp\/v2\/media?parent=623125"}],"wp:term":[{"taxonomy":"category","embeddable":true,"href":"https:\/\/www.europesays.com\/fr\/wp-json\/wp\/v2\/categories?post=623125"},{"taxonomy":"post_tag","embeddable":true,"href":"https:\/\/www.europesays.com\/fr\/wp-json\/wp\/v2\/tags?post=623125"}],"curies":[{"name":"wp","href":"https:\/\/api.w.org\/{rel}","templated":true}]}}