{"id":623127,"date":"2025-12-26T10:44:19","date_gmt":"2025-12-26T10:44:19","guid":{"rendered":"https:\/\/www.europesays.com\/fr\/623127\/"},"modified":"2025-12-26T10:44:19","modified_gmt":"2025-12-26T10:44:19","slug":"narcotrafic-un-corps-retrouve-dans-le-coffre-dune-voiture-incendiee-pres-de-marseille","status":"publish","type":"post","link":"https:\/\/www.europesays.com\/fr\/623127\/","title":{"rendered":"Narcotrafic : Un corps retrouv\u00e9 dans le coffre d\u2019une voiture incendi\u00e9e pr\u00e8s de Marseille"},"content":{"rendered":"<p class=\"mb-4 text-lg md:leading-8 break-words\"><strong>fusillade &#8211; La m\u00e9thode sugg\u00e8re un r\u00e8glement de comptes sur fonds de trafic de drogue. Avant d\u2019\u00eatre incendi\u00e9e, cette voiture vol\u00e9e avait servi \u00e0 d\u00e9poser un homme bless\u00e9 par balle \u00e0 l\u2019h\u00f4pital nord de Marseille<\/strong><\/p>\n<p class=\"mb-4 text-lg md:leading-8 break-words\">La m\u00e9thode pris\u00e9e des <a href=\"https:\/\/www.20minutes.fr\/dossier\/trafic_de_drogue?at_medium=RSS%20feed&amp;at_campaign=ynews&amp;utm_source=yahoo&amp;utm_medium=rss&amp;utm_campaign=news_feed&amp;utm_content=in_article_link\" rel=\"nofollow noopener\" target=\"_blank\" data-ylk=\"slk:trafiquants de drogue;elm:context_link;itc:0;sec:content-canvas\" class=\"link \">trafiquants de drogue<\/a> de Marseille ne laisse gu\u00e8re de doute sur la nature de ce crime. Un corps a \u00e9t\u00e9 d\u00e9couvert dans une voiture incendi\u00e9e jeudi apr\u00e8s-midi \u00e0 Sept\u00e8mes-les-Vallons, commune voisine des<a href=\"https:\/\/www.20minutes.fr\/dossier\/quartiers_nord?at_medium=RSS%20feed&amp;at_campaign=ynews&amp;utm_source=yahoo&amp;utm_medium=rss&amp;utm_campaign=news_feed&amp;utm_content=in_article_link\" rel=\"nofollow noopener\" target=\"_blank\" data-ylk=\"slk:quartiers nord;elm:context_link;itc:0;sec:content-canvas\" class=\"link \"> quartiers nord<\/a> de <a href=\"https:\/\/www.20minutes.fr\/marseille\/?at_medium=RSS%20feed&amp;at_campaign=ynews&amp;utm_source=yahoo&amp;utm_medium=rss&amp;utm_campaign=news_feed&amp;utm_content=in_article_link\" rel=\"nofollow noopener\" target=\"_blank\" data-ylk=\"slk:Marseille,;elm:context_link;itc:0;sec:content-canvas\" class=\"link \">Marseille,<\/a> o\u00f9 un homme a \u00e9t\u00e9 retrouv\u00e9 bless\u00e9 par balle au m\u00eame moment, a appris 20 Minutes aupr\u00e8s des pompiers.<\/p>\n<p class=\"mb-4 text-lg md:leading-8 break-words\">Ce sont les marins-pompiers de Marseille, appel\u00e9s peu avant 16 heures ce jeudi pour un feu de v\u00e9hicule, qui ont d\u00e9couvert ce corps \u00e0 l\u2019int\u00e9rieur d\u2019une voiture signal\u00e9e vol\u00e9e, ont-ils indiqu\u00e9, confirmant une information de <a href=\"https:\/\/www.laprovence.com\/article\/faits-divers-justice\/4267407495088914\/narcobanditisme-a-marseille-un-corps-retrouve-carbonise-dans-le-coffre-d-une-voiture?at_medium=RSS%20feed&amp;at_campaign=ynews&amp;utm_source=yahoo&amp;utm_medium=rss&amp;utm_campaign=news_feed&amp;utm_content=in_article_link\" rel=\"nofollow noopener\" target=\"_blank\" data-ylk=\"slk:La Provence;elm:context_link;itc:0;sec:content-canvas\" class=\"link \">La Provence<\/a>.<\/p>\n<p>Pronostic vital engag\u00e9 pour l\u2019homme bless\u00e9<\/p>\n<p class=\"mb-4 text-lg md:leading-8 break-words\">Dans un intervalle proche, vers 15h10 et non loin du secteur, les secours ont pris en charge un homme \u00e2g\u00e9 de 45 ans, bless\u00e9 \u00e0 la m\u00e2choire par un tir d\u2019arme \u00e0 feu. Il a \u00e9t\u00e9 d\u00e9pos\u00e9 \u00e0 l\u2019h\u00f4pital Nord par la voiture retrouv\u00e9e incendi\u00e9e peu apr\u00e8s et son pronostic vital est engag\u00e9, ont pr\u00e9cis\u00e9 les pompiers.<\/p>\n<p class=\"mb-4 text-lg md:leading-8 break-words\">Selon un d\u00e9compte de l\u2019AFP, et en ne tenant pas compte du corps retrouv\u00e9 calcin\u00e9, 18 personnes ont perdu la vie dans des assassinats li\u00e9s au trafic de drogue depuis le d\u00e9but de l\u2019ann\u00e9e dans le d\u00e9partement des Bouches-du-Rh\u00f4ne. Le 13 novembre, la mort de Mehdi Kessaci, 20 ans, <a href=\"https:\/\/www.20minutes.fr\/faits_divers\/faits-divers-marseille\/4185679-20251114-mort-frere-amine-kessaci-derriere-piste-assassinat-avertissement-codes-cartels-mexicains?at_medium=RSS%20feed&amp;at_campaign=ynews&amp;utm_source=yahoo&amp;utm_medium=rss&amp;utm_campaign=news_feed&amp;utm_content=in_article_link\" rel=\"nofollow noopener\" target=\"_blank\" data-ylk=\"slk:le petit fr\u00e8re du militant \u00e9cologiste et anti-narcotrafic Amine Kessac;elm:context_link;itc:0;sec:content-canvas\" class=\"link \">le petit fr\u00e8re du militant \u00e9cologiste et anti-narcotrafic Amine Kessac<\/a>i, a boulevers\u00e9 Marseille.<\/p>\n<p class=\"mb-4 text-lg md:leading-8 break-words\"><a href=\"https:\/\/www.20minutes.fr\/faits_divers\/faits-divers-marseille\/4193234-20251226-narcotrafic-corps-retrouve-coffre-voiture-incendiee-pres-marseille?at_medium=RSS%20feed&amp;at_campaign=ynews&amp;utm_source=yahoo&amp;utm_medium=rss&amp;utm_campaign=news_feed&amp;utm_content=read_more_link&quot;\" rel=\"nofollow noopener\" target=\"_blank\" data-ylk=\"slk:Lire la suite sur 20minutes;elm:context_link;itc:0;sec:content-canvas\" class=\"link \">Lire la suite sur 20minutes<\/a><\/p>\n<p>\u00c0 lire aussi :<br \/><a href=\"https:\/\/www.20minutes.fr\/faits_divers\/4178210-20251009-gard-corps-femme-retrouve-coffre-voiture-compagnon-interpelle?at_medium=RSS%20feed&amp;at_campaign=ynews&amp;utm_source=yahoo&amp;utm_medium=rss&amp;utm_campaign=news_feed&amp;utm_content=related_content_link\" rel=\"nofollow noopener\" target=\"_blank\" data-ylk=\"slk:Gard\u00a0: Le corps d\u2019une femme retrouv\u00e9 dans le coffre d\u2019une voiture, son compagnon interpell\u00e9;elm:context_link;itc:0;sec:content-canvas\" class=\"link \">Gard\u00a0: Le corps d\u2019une femme retrouv\u00e9 dans le coffre d\u2019une voiture, son compagnon interpell\u00e9<\/a><br \/><a href=\"https:\/\/www.20minutes.fr\/faits_divers\/faits-divers-marseille\/4188561-20251128-marseille-corps-carbonise-retrouve-nord-ville?at_medium=RSS%20feed&amp;at_campaign=ynews&amp;utm_source=yahoo&amp;utm_medium=rss&amp;utm_campaign=news_feed&amp;utm_content=related_content_link\" rel=\"nofollow noopener\" target=\"_blank\" data-ylk=\"slk:Marseille\u00a0: Un corps carbonis\u00e9 retrouv\u00e9 dans le nord de la ville;elm:context_link;itc:0;sec:content-canvas\" class=\"link \">Marseille\u00a0: Un corps carbonis\u00e9 retrouv\u00e9 dans le nord de la ville<\/a><\/p>\n","protected":false},"excerpt":{"rendered":"fusillade &#8211; La m\u00e9thode sugg\u00e8re un r\u00e8glement de comptes sur fonds de trafic de drogue. Avant d\u2019\u00eatre incendi\u00e9e,&hellip;\n","protected":false},"author":2,"featured_media":623128,"comment_status":"","ping_status":"","sticky":false,"template":"","format":"standard","meta":{"footnotes":""},"categories":[2814],"tags":[1111,11,16269,1777,674,1011,27,884,12,882,11681,25,887,38589,73256],"class_list":{"0":"post-623127","1":"post","2":"type-post","3":"status-publish","4":"format-standard","5":"has-post-thumbnail","7":"category-marseille","8":"tag-actu","9":"tag-actualites","10":"tag-departement-des-bouches-du-rhone","11":"tag-eu","12":"tag-europe","13":"tag-fr","14":"tag-france","15":"tag-marseille","16":"tag-news","17":"tag-provence-alpes-cote-dazur","18":"tag-reglement-de-comptes","19":"tag-republique-francaise","20":"tag-trafic-de-drogue","21":"tag-trafiquants-de-drogue","22":"tag-voiture-volee"},"share_on_mastodon":{"url":"https:\/\/pubeurope.com\/@fr\/115785463594934224","error":""},"_links":{"self":[{"href":"https:\/\/www.europesays.com\/fr\/wp-json\/wp\/v2\/posts\/623127","targetHints":{"allow":["GET"]}}],"collection":[{"href":"https:\/\/www.europesays.com\/fr\/wp-json\/wp\/v2\/posts"}],"about":[{"href":"https:\/\/www.europesays.com\/fr\/wp-json\/wp\/v2\/types\/post"}],"author":[{"embeddable":true,"href":"https:\/\/www.europesays.com\/fr\/wp-json\/wp\/v2\/users\/2"}],"replies":[{"embeddable":true,"href":"https:\/\/www.europesays.com\/fr\/wp-json\/wp\/v2\/comments?post=623127"}],"version-history":[{"count":0,"href":"https:\/\/www.europesays.com\/fr\/wp-json\/wp\/v2\/posts\/623127\/revisions"}],"wp:featuredmedia":[{"embeddable":true,"href":"https:\/\/www.europesays.com\/fr\/wp-json\/wp\/v2\/media\/623128"}],"wp:attachment":[{"href":"https:\/\/www.europesays.com\/fr\/wp-json\/wp\/v2\/media?parent=623127"}],"wp:term":[{"taxonomy":"category","embeddable":true,"href":"https:\/\/www.europesays.com\/fr\/wp-json\/wp\/v2\/categories?post=623127"},{"taxonomy":"post_tag","embeddable":true,"href":"https:\/\/www.europesays.com\/fr\/wp-json\/wp\/v2\/tags?post=623127"}],"curies":[{"name":"wp","href":"https:\/\/api.w.org\/{rel}","templated":true}]}}