{"id":623163,"date":"2025-12-26T11:11:12","date_gmt":"2025-12-26T11:11:12","guid":{"rendered":"https:\/\/www.europesays.com\/fr\/623163\/"},"modified":"2025-12-26T11:11:12","modified_gmt":"2025-12-26T11:11:12","slug":"deux-mariages-en-quatre-mois-pour-venus-williams-nous-en-revions-mais-nous-navions-pas-le-temps","status":"publish","type":"post","link":"https:\/\/www.europesays.com\/fr\/623163\/","title":{"rendered":"Deux mariages en quatre mois pour Venus Williams? \u00ab\u00a0Nous en r\u00eavions, mais nous n&rsquo;avions pas le temps\u00a0\u00bb"},"content":{"rendered":"<p class=\"ap-StoryElement ap-StoryElement--mb ap-StoryText\">Ce 19 d\u00e9cembre, la joueuse de tennis am\u00e9ricaine Venus Williams et le r\u00e9alisateur italien Andrea Preti ont officialis\u00e9 leur union \u00e0 West Palm Beach, en Floride, comme le rapporte <a href=\"https:\/\/soirmag.lesoir.be\/718870\/article\/2025-12-26\/venus-williams-se-marie-un-celebre-acteur-deux-fois-en-quelques-mois-photos\" target=\"_blank\" rel=\"noreferrer noopener\">Le Soir<\/a>, quelques mois seulement apr\u00e8s s&rsquo;\u00eatre dit \u00ab\u00a0oui\u00a0\u00bb une premi\u00e8re fois, sur l&rsquo;\u00eele d&rsquo;Ischia, en Italie.<\/p>\n<p class=\"ap-StoryElement ap-StoryElement--mb ap-StoryText\">En effet, le 19 octobre, le couple avait d\u00e9j\u00e0 c\u00e9l\u00e9br\u00e9 son union, sur la terre natale du r\u00e9alisateur de 37 ans. \u00ab\u00a0Nous r\u00eavions de nous marier en Italie, mais nous n&rsquo;avions pas le temps de r\u00e9gler les formalit\u00e9s administratives \u2013 \u00e9tant \u00e9trang\u00e8re, cela peut prendre environ huit mois. Nous avons donc d\u00e9cid\u00e9 d&rsquo;organiser une seconde c\u00e9r\u00e9monie\u00a0\u00bb, explique Venus Williams.<\/p>\n","protected":false},"excerpt":{"rendered":"Ce 19 d\u00e9cembre, la joueuse de tennis am\u00e9ricaine Venus Williams et le r\u00e9alisateur italien Andrea Preti ont officialis\u00e9&hellip;\n","protected":false},"author":2,"featured_media":623164,"comment_status":"","ping_status":"","sticky":false,"template":"","format":"standard","meta":{"footnotes":""},"categories":[1415],"tags":[73260,3170,9866,1011,27,73259,60,299,1467],"class_list":{"0":"post-623163","1":"post","2":"type-post","3":"status-publish","4":"format-standard","5":"has-post-thumbnail","7":"category-tennis","8":"tag-je-suis-tres-emue-de-redecouvrir-ces-photos-aujourdhui-dans-le-regard-des-autres-la-photo-argentique-est-une-veritable-magie","9":"tag-elle","10":"tag-explique","11":"tag-fr","12":"tag-france","13":"tag-lactrice-et-romanciere-anny-duperey-presente-une-exposition-photo-a-bruxelles-cest-une-passion-qui-me-prend-depuis-une-vingtaine-dannee","14":"tag-sports","15":"tag-t","16":"tag-tennis"},"share_on_mastodon":{"url":"https:\/\/pubeurope.com\/@fr\/115785569599079120","error":""},"_links":{"self":[{"href":"https:\/\/www.europesays.com\/fr\/wp-json\/wp\/v2\/posts\/623163","targetHints":{"allow":["GET"]}}],"collection":[{"href":"https:\/\/www.europesays.com\/fr\/wp-json\/wp\/v2\/posts"}],"about":[{"href":"https:\/\/www.europesays.com\/fr\/wp-json\/wp\/v2\/types\/post"}],"author":[{"embeddable":true,"href":"https:\/\/www.europesays.com\/fr\/wp-json\/wp\/v2\/users\/2"}],"replies":[{"embeddable":true,"href":"https:\/\/www.europesays.com\/fr\/wp-json\/wp\/v2\/comments?post=623163"}],"version-history":[{"count":0,"href":"https:\/\/www.europesays.com\/fr\/wp-json\/wp\/v2\/posts\/623163\/revisions"}],"wp:featuredmedia":[{"embeddable":true,"href":"https:\/\/www.europesays.com\/fr\/wp-json\/wp\/v2\/media\/623164"}],"wp:attachment":[{"href":"https:\/\/www.europesays.com\/fr\/wp-json\/wp\/v2\/media?parent=623163"}],"wp:term":[{"taxonomy":"category","embeddable":true,"href":"https:\/\/www.europesays.com\/fr\/wp-json\/wp\/v2\/categories?post=623163"},{"taxonomy":"post_tag","embeddable":true,"href":"https:\/\/www.europesays.com\/fr\/wp-json\/wp\/v2\/tags?post=623163"}],"curies":[{"name":"wp","href":"https:\/\/api.w.org\/{rel}","templated":true}]}}