{"id":623177,"date":"2025-12-26T11:24:49","date_gmt":"2025-12-26T11:24:49","guid":{"rendered":"https:\/\/www.europesays.com\/fr\/623177\/"},"modified":"2025-12-26T11:24:49","modified_gmt":"2025-12-26T11:24:49","slug":"cest-quoi-ce-film-moulin-avec-gilles-lellouche-qui-va-sortir-en-octobre-2026","status":"publish","type":"post","link":"https:\/\/www.europesays.com\/fr\/623177\/","title":{"rendered":"C\u2019est quoi ce film \u00ab\u00a0Moulin\u00a0\u00bb avec Gilles Lellouche qui va sortir en octobre\u00a02026\u00a0?"},"content":{"rendered":"<p> \u00abOn avait envie de donner \u00e0 la France un film sur le plus grand h\u00e9ros du XXe\u00a0si\u00e8cle\u00a0\u00bb. Voil\u00e0 les mots du producteur Alain Goldman, qui participe au financement de\u00a0Moulin. Dans ce film qui sortira en salles le 28\u00a0octobre 2026, <a href=\"https:\/\/www.20minutes.fr\/arts-stars\/cinema\/4115140-20241016-gilles-lellouche-fait-amour-ouf-ca-correspond\" class=\"c-link c-link--is-underlined\" rel=\"nofollow noopener\" target=\"_blank\">Gilles Lellouche<\/a> incarnera le r\u00e9sistant <a href=\"https:\/\/www.20minutes.fr\/societe\/4151953-20250505-mort-jean-moulin-fait-attacher-pieds-nouvelles-archives-klaus-barbie\" class=\"c-link c-link--is-underlined\" rel=\"nofollow noopener\" target=\"_blank\">Jean Moulin<\/a>, figure de h\u00e9ro\u00efque de la Seconde Guerre mondiale.<\/p>\n<p>Le film portera sur son arrestation par <a href=\"https:\/\/www.20minutes.fr\/lyon\/2065443-20170510-lyon-30-ans-apres-comment-proces-barbie-marque-france\" class=\"c-link c-link--is-underlined\" rel=\"nofollow noopener\" target=\"_blank\">Klaus Barbie<\/a> en\u00a01943 et comment il fera tout pour \u00e9viter de r\u00e9v\u00e9ler les secrets de la R\u00e9sistance fran\u00e7aise, malgr\u00e9 la torture.<\/p>\n<p>Un biopic atypique<\/p>\n<p>A la r\u00e9alisation du film, le Hongrois L\u00e1szl\u00f3 Nemes, qui avait dirig\u00e9 le tournage du film Le Fils de Saul en\u00a02015. Un long m\u00e9trage racontant la vie d\u2019un prisonnier hongrois juif \u00e0 <a href=\"https:\/\/www.20minutes.fr\/monde\/pologne\/diaporama-4134977-images-80-ans-apres-liberation-camp-auschwitz-perpetue-memoire-victimes-barbarie-nazie\" class=\"c-link c-link--is-underlined\" rel=\"nofollow noopener\" target=\"_blank\">Auschwitz<\/a>. R\u00e9compens\u00e9 par un Oscar, L\u00e1szl\u00f3 Nemes est donc habitu\u00e9 \u00e0 traiter le sujet de la Seconde Guerre mondiale. Dans <a href=\"https:\/\/www.leparisien.fr\/culture-loisirs\/cinema\/gilles-lellouche-dans-la-peau-de-jean-moulin-au-cinema-dans-une-carriere-ce-nest-pas-si-frequent-de-vibrer-autant-17-12-2025-RQ42XN2S3RBQDPL2RA32UFMXJQ.php\" rel=\"nofollow noopener\" target=\"_blank\" class=\"c-link c-link--is-underlined\">Le Parisien<\/a>, Gilles Lellouche exprime son enthousiasme de travailler avec lui\u00a0: \u00ab\u00a0Quand L\u00e1szl\u00f3 (Nemes) m\u2019a appel\u00e9, j\u2019\u00e9tais fou de joie, de trac et d\u2019angoisse. Le Fils de Saul\u00a0m\u2019avait totalement impressionn\u00e9. C\u2019\u00e9tait une \u0153uvre \u00ab\u00a0au-del\u00e0\u00a0\u00bb du cin\u00e9ma.\u00a0\u00bb<\/p>\n<p>Mais ici, pas de biopic classique racontant la vie de Jean Moulin de son enfance \u00e0 sa mort dans les ge\u00f4les de la prison de Lyon pendant la guerre. L\u2019objectif de la cam\u00e9ra se concentrera surtout sur sa p\u00e9riode d\u2019incarc\u00e9ration \u00e0 Lyon, sous le contr\u00f4le de la Gestapo et du tortionnaire nazi Klaus Barbie. Le producteur Alain Goldman, derri\u00e8re La M\u00f4me, La French ou encore Edmond\u00a0explique que ce choix est venu d\u2019une seule question\u00a0: \u00ab\u00a0Que signifie \u00ab\u00a0r\u00e9sister\u00a0\u00bb au-del\u00e0 des livres d\u2019histoire\u00a0?\u00a0\u00bb.<\/p>\n<p>La R\u00e9sistance, sujet de cin\u00e9ma en\u00a02026<\/p>\n<p>La Seconde Guerre mondiale est depuis tr\u00e8s longtemps un sujet trait\u00e9 par les cin\u00e9astes. Mais cette ann\u00e9e plusieurs films mettront l\u2019histoire des r\u00e9sistants fran\u00e7ais \u00e0 l\u2019honneur. Antoine Baudry, r\u00e9alisateur du\u00a0Chant du Loup\u00a0sera \u00e0 l\u2019origine de deux films sur le g\u00e9n\u00e9ral de Gaulle. Gilles Lellouche avait d\u2019ailleurs \u00e9t\u00e9 appel\u00e9 pour incarner Jean Moulin dans ses films, mais \u00ab\u00a0\u00e0 cause de probl\u00e8mes de timing\u00a0\u00bb cela n\u2019a pas pu se faire.<\/p>\n<p>L\u2019acteur de 53 ans s\u2019est donc r\u00e9joui d\u2019\u00eatre appel\u00e9 \u00e0 nouveau par L\u00e1szl\u00f3 Nemes pour jouer dans Moulin. Toujours dans Le Parisien, il s\u2019est exprim\u00e9 sur son int\u00e9r\u00eat pour Jean Moulin\u00a0: \u00ab\u00a0Il est l\u2019incarnation absolue de la foi dans un id\u00e9al de libert\u00e9 et de d\u00e9mocratie. En\u00a01940, d\u00e9j\u00e0, il s\u2019\u00e9tait tranch\u00e9 la gorge pour ne pas avoir \u00e0 signer une fausse d\u00e9claration qui incriminait des tirailleurs s\u00e9n\u00e9galais.\u00a0\u00bb<\/p>\n","protected":false},"excerpt":{"rendered":"\u00abOn avait envie de donner \u00e0 la France un film sur le plus grand h\u00e9ros du XXe\u00a0si\u00e8cle\u00a0\u00bb. Voil\u00e0&hellip;\n","protected":false},"author":2,"featured_media":623178,"comment_status":"","ping_status":"","sticky":false,"template":"","format":"standard","meta":{"footnotes":""},"categories":[1354],"tags":[23573,2430,650,58,59,1346,1011,27,5684,5553,2428,1360,2429,2431,935],"class_list":{"0":"post-623177","1":"post","2":"type-post","3":"status-publish","4":"format-standard","5":"has-post-thumbnail","7":"category-films","8":"tag-auschwitz","9":"tag-auvergne-rhone-alpes","10":"tag-cinema","11":"tag-divertissement","12":"tag-entertainment","13":"tag-films","14":"tag-fr","15":"tag-france","16":"tag-gilles-lellouche","17":"tag-le-parisien","18":"tag-lyon","19":"tag-movies","20":"tag-rhone","21":"tag-rhone-alpes","22":"tag-seconde-guerre-mondiale"},"share_on_mastodon":{"url":"https:\/\/pubeurope.com\/@fr\/115785624683052912","error":""},"_links":{"self":[{"href":"https:\/\/www.europesays.com\/fr\/wp-json\/wp\/v2\/posts\/623177","targetHints":{"allow":["GET"]}}],"collection":[{"href":"https:\/\/www.europesays.com\/fr\/wp-json\/wp\/v2\/posts"}],"about":[{"href":"https:\/\/www.europesays.com\/fr\/wp-json\/wp\/v2\/types\/post"}],"author":[{"embeddable":true,"href":"https:\/\/www.europesays.com\/fr\/wp-json\/wp\/v2\/users\/2"}],"replies":[{"embeddable":true,"href":"https:\/\/www.europesays.com\/fr\/wp-json\/wp\/v2\/comments?post=623177"}],"version-history":[{"count":0,"href":"https:\/\/www.europesays.com\/fr\/wp-json\/wp\/v2\/posts\/623177\/revisions"}],"wp:featuredmedia":[{"embeddable":true,"href":"https:\/\/www.europesays.com\/fr\/wp-json\/wp\/v2\/media\/623178"}],"wp:attachment":[{"href":"https:\/\/www.europesays.com\/fr\/wp-json\/wp\/v2\/media?parent=623177"}],"wp:term":[{"taxonomy":"category","embeddable":true,"href":"https:\/\/www.europesays.com\/fr\/wp-json\/wp\/v2\/categories?post=623177"},{"taxonomy":"post_tag","embeddable":true,"href":"https:\/\/www.europesays.com\/fr\/wp-json\/wp\/v2\/tags?post=623177"}],"curies":[{"name":"wp","href":"https:\/\/api.w.org\/{rel}","templated":true}]}}